{"id":2412,"date":"2024-03-06T09:38:04","date_gmt":"2024-03-06T08:38:04","guid":{"rendered":"https:\/\/www.yates-mallorca-charter.de\/sin-categorizar\/mallorca-ibiza-formentera-2-semanas\/"},"modified":"2024-03-23T08:10:26","modified_gmt":"2024-03-23T07:10:26","slug":"mallorca-ibiza-formentera-2-semanas","status":"publish","type":"post","link":"https:\/\/www.yates-mallorca-charter.de\/es\/cruceros\/mallorca-ibiza-formentera-2-semanas\/","title":{"rendered":"Mallorca &#8211; Ibiza &#8211; Formentera &#8211; 2 semanas"},"content":{"rendered":"\t\t<div data-elementor-type=\"wp-post\" data-elementor-id=\"2412\" class=\"elementor elementor-2412 elementor-635\" data-elementor-post-type=\"post\">\n\t\t\t\t\t\t<section class=\"elementor-section elementor-top-section elementor-element elementor-element-58f9a1a7 elementor-section-boxed elementor-section-height-default elementor-section-height-default\" data-id=\"58f9a1a7\" data-element_type=\"section\" data-e-type=\"section\" data-settings=\"{&quot;background_background&quot;:&quot;classic&quot;}\">\n\t\t\t\t\t\t<div class=\"elementor-container elementor-column-gap-default\">\n\t\t\t\t\t<div class=\"elementor-column elementor-col-100 elementor-top-column elementor-element elementor-element-4835445a\" data-id=\"4835445a\" data-element_type=\"column\" data-e-type=\"column\">\n\t\t\t<div class=\"elementor-widget-wrap elementor-element-populated\">\n\t\t\t\t\t\t<div class=\"elementor-element elementor-element-58cce2f5 elementor-widget elementor-widget-heading\" data-id=\"58cce2f5\" data-element_type=\"widget\" data-e-type=\"widget\" data-widget_type=\"heading.default\">\n\t\t\t\t<div class=\"elementor-widget-container\">\n\t\t\t\t\t<h1 class=\"elementor-heading-title elementor-size-default\">Mallorca &#8211; Ibiza &#8211; Formentera &#8211; 2 semanas<\/h1>\t\t\t\t<\/div>\n\t\t\t\t<\/div>\n\t\t\t\t\t<\/div>\n\t\t<\/div>\n\t\t\t\t\t<\/div>\n\t\t<\/section>\n\t\t\t\t<section class=\"elementor-section elementor-top-section elementor-element elementor-element-235a0a1f elementor-section-boxed elementor-section-height-default elementor-section-height-default\" data-id=\"235a0a1f\" data-element_type=\"section\" data-e-type=\"section\">\n\t\t\t\t\t\t<div class=\"elementor-container elementor-column-gap-default\">\n\t\t\t\t\t<div class=\"elementor-column elementor-col-50 elementor-top-column elementor-element elementor-element-29f7820f\" data-id=\"29f7820f\" data-element_type=\"column\" data-e-type=\"column\">\n\t\t\t<div class=\"elementor-widget-wrap elementor-element-populated\">\n\t\t\t\t\t\t<div class=\"elementor-element elementor-element-256749f4 elementor-widget__width-initial elementor-widget elementor-widget-image\" data-id=\"256749f4\" data-element_type=\"widget\" data-e-type=\"widget\" data-widget_type=\"image.default\">\n\t\t\t\t<div class=\"elementor-widget-container\">\n\t\t\t\t\t\t\t\t\t\t\t\t\t\t\t<img loading=\"lazy\" decoding=\"async\" width=\"768\" height=\"576\" src=\"https:\/\/www.yates-mallorca-charter.de\/wp-content\/uploads\/2024\/03\/Charter-Mallorca-wegweiser-mallorca-ibiza-formentera-2weeks.jpg-768x576.webp\" class=\"attachment-medium_large size-medium_large wp-image-1830\" alt=\"Mallorca, Ibiza, Formentera durante 2 semanas.\" srcset=\"https:\/\/www.yates-mallorca-charter.de\/wp-content\/uploads\/2024\/03\/Charter-Mallorca-wegweiser-mallorca-ibiza-formentera-2weeks.jpg-768x576.webp 768w, https:\/\/www.yates-mallorca-charter.de\/wp-content\/uploads\/2024\/03\/Charter-Mallorca-wegweiser-mallorca-ibiza-formentera-2weeks.jpg-300x225.webp 300w, https:\/\/www.yates-mallorca-charter.de\/wp-content\/uploads\/2024\/03\/Charter-Mallorca-wegweiser-mallorca-ibiza-formentera-2weeks.jpg.webp 1024w\" sizes=\"auto, (max-width: 768px) 100vw, 768px\"  title=\"Mallorca - Ibiza - Formentera - 2 semanas\" \/>\t\t\t\t\t\t\t\t\t\t\t\t\t\t\t<\/div>\n\t\t\t\t<\/div>\n\t\t\t\t\t<\/div>\n\t\t<\/div>\n\t\t\t\t<div class=\"elementor-column elementor-col-50 elementor-top-column elementor-element elementor-element-351c3df2\" data-id=\"351c3df2\" data-element_type=\"column\" data-e-type=\"column\">\n\t\t\t<div class=\"elementor-widget-wrap elementor-element-populated\">\n\t\t\t\t\t\t<div class=\"elementor-element elementor-element-69a35786 elementor-widget elementor-widget-heading\" data-id=\"69a35786\" data-element_type=\"widget\" data-e-type=\"widget\" data-widget_type=\"heading.default\">\n\t\t\t\t<div class=\"elementor-widget-container\">\n\t\t\t\t\t<h2 class=\"elementor-heading-title elementor-size-default\">Mallorca - Ibiza - Formentera - Mallorca en 2 semanas (aprox. 240 millas n\u00e1uticas)<\/h2>\t\t\t\t<\/div>\n\t\t\t\t<\/div>\n\t\t\t\t<div class=\"elementor-element elementor-element-779764a1 elementor-widget elementor-widget-text-editor\" data-id=\"779764a1\" data-element_type=\"widget\" data-e-type=\"widget\" data-widget_type=\"text-editor.default\">\n\t\t\t\t<div class=\"elementor-widget-container\">\n\t\t\t\t\t\t\t\t\t<p>Estas vacaciones en yate de dos semanas le llevar\u00e1n al hermoso suroeste de Mallorca, la principal isla de las Baleares. Experimente la sensaci\u00f3n de la mundialmente famosa Ibiza y rel\u00e1jese en las playas de Formentera, el \u00abPeque\u00f1o Caribe\u00bb del Mediterr\u00e1neo. Un viaje en yate inolvidable.<\/p>\n\t\t\t\t\t\t\t\t<\/div>\n\t\t\t\t<\/div>\n\t\t\t\t\t<\/div>\n\t\t<\/div>\n\t\t\t\t\t<\/div>\n\t\t<\/section>\n\t\t\t\t<section class=\"elementor-section elementor-top-section elementor-element elementor-element-5ac55f03 elementor-section-boxed elementor-section-height-default elementor-section-height-default\" data-id=\"5ac55f03\" data-element_type=\"section\" data-e-type=\"section\" data-settings=\"{&quot;background_background&quot;:&quot;classic&quot;}\">\n\t\t\t\t\t\t<div class=\"elementor-container elementor-column-gap-default\">\n\t\t\t\t\t<div class=\"elementor-column elementor-col-100 elementor-top-column elementor-element elementor-element-4922b83c\" data-id=\"4922b83c\" data-element_type=\"column\" data-e-type=\"column\">\n\t\t\t<div class=\"elementor-widget-wrap elementor-element-populated\">\n\t\t\t\t\t\t<div class=\"elementor-element elementor-element-30830e6d elementor-widget elementor-widget-heading\" data-id=\"30830e6d\" data-element_type=\"widget\" data-e-type=\"widget\" data-widget_type=\"heading.default\">\n\t\t\t\t<div class=\"elementor-widget-container\">\n\t\t\t\t\t<h3 class=\"elementor-heading-title elementor-size-default\">Itinerario<\/h3>\t\t\t\t<\/div>\n\t\t\t\t<\/div>\n\t\t\t\t\t<\/div>\n\t\t<\/div>\n\t\t\t\t\t<\/div>\n\t\t<\/section>\n\t\t\t\t<section class=\"elementor-section elementor-top-section elementor-element elementor-element-77cbcaeb elementor-section-boxed elementor-section-height-default elementor-section-height-default\" data-id=\"77cbcaeb\" data-element_type=\"section\" data-e-type=\"section\">\n\t\t\t\t\t\t<div class=\"elementor-container elementor-column-gap-default\">\n\t\t\t\t\t<div class=\"elementor-column elementor-col-100 elementor-top-column elementor-element elementor-element-526fd831\" data-id=\"526fd831\" data-element_type=\"column\" data-e-type=\"column\">\n\t\t\t<div class=\"elementor-widget-wrap elementor-element-populated\">\n\t\t\t\t\t\t<div class=\"elementor-element elementor-element-51ccd56d uael-timeline--left uael-timeline-arrow-top elementor-widget elementor-widget-uael-timeline\" data-id=\"51ccd56d\" data-element_type=\"widget\" data-e-type=\"widget\" data-widget_type=\"uael-timeline.default\">\n\t\t\t\t<div class=\"elementor-widget-container\">\n\t\t\t\t\t<div class=\"uael-timeline-wrapper uael-timeline-node\">\n\t\n\t<div class=\"uael-timeline-main\">\n\t\t<div class=\"uael-days\">\n\t\t\t\t\t\t\t\t\t\t\t\t<div class=\"elementor-repeater-item-eaaf579 uael-timeline-field animate-border out-view\">\n\t\t\t\t\t\t<div class=\"uael-timeline-widget uael-timeline-right\">\n\t\t\t\t\t\t\t<div class=\"uael-timeline-marker\">\n\t\t\t\t\t\t\t\t<span class=\"timeline-icon-new out-view-timeline-icon\">\n\t\t\t\t\t\t\t\t\t<i aria-hidden=\"true\" class=\"xlio ion-ios-boat\"><\/i>\t\t\t\t\t\t\t\t<\/span>\n\t\t\t\t\t\t\t<\/div>\n\n\t\t\t\t\t\t\t<div class=\"uael-day-new uael-day-right\">\n\t\t\t\t\t\t\t\t<div class=\"uael-events-new\">\n\t\t\t\t\t\t\t\t\t\t\t\t\t\t\t\t\t\t\t<a href=\"#\" >\n\t\t\t\t\t\t\t\t\t\t\t\t\t\t\t\t\t\t<div class=\"uael-events-inner-new\">\n\t\t\t\t\t\t\t\t\t\t\t\t\t\t\t\t\t\t\t\t\t<div class=\"uael-timeline-date-hide uael-date-inner\"><div class=\"inner-date-new\"><p >D\u00eda 1<\/p><\/div>\n\t\t\t\t\t\t\t\t\t\t\t<\/div>\n\t\t\t\t\t\t\t\t\t\t\t\t\t\t\t\t\t\t\t\t<div class=\"uael-content\">\n\t\t\t\t\t\t\t\t\t\t\t\t\t\t\t\t\t\t\t\t\t\t\t\t\t\t\t\t\t\t\t\t\t<div class=\"uael-timeline-heading-text\">\n\t\t\t\t\t\t\t\t\t\t\t\t<h3 class=\"uael-timeline-heading\">Toma de posesi\u00f3n del yate en la Marina La Lonja de Palma<\/h3>\n\t\t\t\t\t\t\t\t\t\t\t<\/div>\n\t\t\t\t\t\t\t\t\t\t\t\t\t\t\t\t\t\t\t\t\t\t\t\t\t\t\t\t\t\t\t\t\t\t\t\t\t\t\t\t\t\t\t\t\t\t\t\t\t\t\t\t\t\t\t\t<div class=\"uael-timeline-desc-content\"> <p>Nuestro equipo de Yates Mallorca le espera para entregarle su yate alquilado en la <strong>Marina La Lonja<\/strong>, justo enfrente del casco antiguo y de la imponente catedral de Palma. All\u00ed, en nuestra oficina de recepci\u00f3n, le damos la bienvenida los s\u00e1bados de flete normal a partir de las 12:00 horas para un registro detallado en alem\u00e1n, ingl\u00e9s o espa\u00f1ol.<br>Desde el aeropuerto puede llegar f\u00e1cilmente en taxi en unos 15 minutos. Por supuesto, tambi\u00e9n puede coger el autob\u00fas, la l\u00ednea 1 desde el aeropuerto le lleva casi hasta nuestra puerta.<\/p><p>Si su vuelo aterriza antes de las 12 del mediod\u00eda, puede dejarnos su equipaje en el muelle y visitar algunos caf\u00e9s y bares cercanos para disfrutar del sol, tomar un caf\u00e9 o desayunar. Tambi\u00e9n puede aprovechar para aprovisionarse y pasear por el barrio de Santa Catalina para abastecerse de fruta, verdura, pescado fresco y carne en el mercado del mismo nombre. Por supuesto, tambi\u00e9n puede encargarnos sus provisiones con antelaci\u00f3n utilizando una lista de la compra. De este modo, su pedido llegar\u00e1 a tiempo al barco. Recibir\u00e1 autom\u00e1ticamente la lista de la compra 4 semanas antes del inicio del crucero, cuando empezamos con la planificaci\u00f3n detallada de su viaje. Sin embargo, una visita al mercado mediterr\u00e1neo de Santa Catalina siempre merece la pena. El colorido bullicio, los numerosos caf\u00e9s y los manjares que se ofrecen crean un ambiente de vacaciones.<\/p><p>Una vez se haya hecho cargo de su yate, haya guardado su equipaje y provisiones, suelte amarras y dir\u00edjase a la siguiente bah\u00eda o disfrute a su aire del hermoso casco antiguo de Palma.<\/p><p>Como el amarre en la Marina La Lonja ya est\u00e1 incluido en el precio del ch\u00e1rter para nuestros hu\u00e9spedes durante todo el per\u00edodo de ch\u00e1rter, la diversidad cultural y culinaria de Palma se puede explorar en su tiempo libre. Hay para todos los gustos y presupuestos. En los parques cercanos &#8211; Parc de Sa Feixina y Parc de la Mar &#8211; las familias encontrar\u00e1n amplias zonas de juegos a la sombra donde podr\u00e1n entretenerse y corretear. Un verdadero oasis es el medieval S&#8217;Hort del Rey, a pocos minutos a pie del puerto. Los \u00e1rboles mediterr\u00e1neos proporcionan sombra y las numerosas fuentes y esculturas hacen de este lugar una aut\u00e9ntica joya y un motivo fotogr\u00e1fico popular.<\/p><p>Para quienes prefieran adentrarse en el mar, la popular cala de los tres dedos o de los contrabandistas, Cala Portals Vells, es una popular parada de camino a Port d&#8217;Antratx.<\/p><\/div>\n\t\t\t\t\t\t\t\t\t\t\t\t\t\t\t\t\t\t\t\t\t\t\t\t\t\t\t\t\t\t\t\t<\/div>\n\t\t\t\t\t\t\t\t\t\t\t\t\t\t\t\t\t\t\t\t<\/div>\n\t\t\t\t\t\t\t\t\t\t\t\t\t\t\t\t\t\t\t<\/a>\n\t\t\t\t\t\t\t\t\t\t\t\t\t\t\t\t\t<\/div>\n\t\t\t\t\t\t\t<\/div>\n\t\t\t\t\t\t\t\t\t\t\t\t\t<\/div>\n\t\t\t\t\t<\/div>\n\t\t\t\t\t\t\t\t\t\t\t\t\t\t\t\t\t<div class=\"elementor-repeater-item-5ec57bb uael-timeline-field animate-border out-view\">\n\t\t\t\t\t\t<div class=\"uael-timeline-widget uael-timeline-left\">\n\t\t\t\t\t\t\t<div class=\"uael-timeline-marker\">\n\t\t\t\t\t\t\t\t<span class=\"timeline-icon-new out-view-timeline-icon\">\n\t\t\t\t\t\t\t\t\t<i aria-hidden=\"true\" class=\"xlio ion-ios-boat\"><\/i>\t\t\t\t\t\t\t\t<\/span>\n\t\t\t\t\t\t\t<\/div>\n\n\t\t\t\t\t\t\t<div class=\"uael-day-new uael-day-left\">\n\t\t\t\t\t\t\t\t<div class=\"uael-events-new\">\n\t\t\t\t\t\t\t\t\t\t\t\t\t\t\t\t\t\t<div class=\"uael-events-inner-new\">\n\t\t\t\t\t\t\t\t\t\t\t\t\t\t\t\t\t\t\t\t\t<div class=\"uael-timeline-date-hide uael-date-inner\"><div class=\"inner-date-new\"><p >D\u00eda 2<\/p><\/div>\n\t\t\t\t\t\t\t\t\t\t\t<\/div>\n\t\t\t\t\t\t\t\t\t\t\t\t\t\t\t\t\t\t\t\t<div class=\"uael-content\">\n\t\t\t\t\t\t\t\t\t\t\t\t\t\t\t\t\t\t\t\t\t\t\t\t\t\t\t\t\t\t\t\t\t<div class=\"uael-timeline-heading-text\">\n\t\t\t\t\t\t\t\t\t\t\t\t<h3 class=\"uael-timeline-heading\">de PALMA a PORT D&#8217;ANDRATX (aprox. 25 millas n\u00e1uticas)<\/h3>\n\t\t\t\t\t\t\t\t\t\t\t<\/div>\n\t\t\t\t\t\t\t\t\t\t\t\t\t\t\t\t\t\t\t\t\t\t\t\t\t\t\t\t\t\t\t\t\t\t\t\t\t\t\t\t\t\t\t\t\t\t\t\t\t\t\t\t\t\t\t\t<div class=\"uael-timeline-desc-content\"> <p>La entrada a Port d&#8217;Andratx por la bah\u00eda en forma de fiordo es impresionante y de gran belleza paisaj\u00edstica. Las estribaciones de la sierra de Tramuntana que rodean el puerto albergan numerosas villas y casas exclusivas, ya que la ciudad es muy popular entre famosos de todo el mundo y es conocida como una direcci\u00f3n elegante.<br>El pueblo pesquero original, atacado repetidamente por piratas norteafricanos en la Edad Media, s\u00f3lo se convirti\u00f3 en punto de encuentro de la jet set internacional con la llegada del turismo en los a\u00f1os sesenta. Yates deportivos y barcos de pesca comparten la d\u00e1rsena del puerto. Hay dos puertos deportivos y un campo de boyas para amarrar y fondear. La ciudad es perfecta para pasear, curiosear en boutiques y tiendas y disfrutar de una comida en uno de sus muchos restaurantes.<\/p><\/div>\n\t\t\t\t\t\t\t\t\t\t\t\t\t\t\t\t\t\t\t\t\t\t\t\t\t\t\t\t\t\t\t\t<\/div>\n\t\t\t\t\t\t\t\t\t\t\t\t\t\t\t\t\t\t\t\t<\/div>\n\t\t\t\t\t\t\t\t\t\t\t\t\t\t\t\t\t<\/div>\n\t\t\t\t\t\t\t<\/div>\n\t\t\t\t\t\t\t\t\t\t\t\t\t<\/div>\n\t\t\t\t\t<\/div>\n\t\t\t\t\t\t\t\t\t\t\t\t\t\t\t\t\t<div class=\"elementor-repeater-item-3e65bd1 uael-timeline-field animate-border out-view\">\n\t\t\t\t\t\t<div class=\"uael-timeline-widget uael-timeline-right\">\n\t\t\t\t\t\t\t<div class=\"uael-timeline-marker\">\n\t\t\t\t\t\t\t\t<span class=\"timeline-icon-new out-view-timeline-icon\">\n\t\t\t\t\t\t\t\t\t<i aria-hidden=\"true\" class=\"xlio ion-ios-boat\"><\/i>\t\t\t\t\t\t\t\t<\/span>\n\t\t\t\t\t\t\t<\/div>\n\n\t\t\t\t\t\t\t<div class=\"uael-day-new uael-day-right\">\n\t\t\t\t\t\t\t\t<div class=\"uael-events-new\">\n\t\t\t\t\t\t\t\t\t\t\t\t\t\t\t\t\t\t<div class=\"uael-events-inner-new\">\n\t\t\t\t\t\t\t\t\t\t\t\t\t\t\t\t\t\t\t\t\t<div class=\"uael-timeline-date-hide uael-date-inner\"><div class=\"inner-date-new\"><p >D\u00eda 3<\/p><\/div>\n\t\t\t\t\t\t\t\t\t\t\t<\/div>\n\t\t\t\t\t\t\t\t\t\t\t\t\t\t\t\t\t\t\t\t<div class=\"uael-content\">\n\t\t\t\t\t\t\t\t\t\t\t\t\t\t\t\t\t\t\t\t\t\t\t\t\t\t\t\t\t\t\t\t\t<div class=\"uael-timeline-heading-text\">\n\t\t\t\t\t\t\t\t\t\t\t\t<h3 class=\"uael-timeline-heading\">de PORT D&#8217;ANDRATX a CALA PORTINATX (aprox. 50 millas n\u00e1uticas)<\/h3>\n\t\t\t\t\t\t\t\t\t\t\t<\/div>\n\t\t\t\t\t\t\t\t\t\t\t\t\t\t\t\t\t\t\t\t\t\t\t\t\t\t\t\t\t\t\t\t\t\t\t\t\t\t\t\t\t\t\t\t\t\t\t\t\t\t\t\t\t\t\t\t<div class=\"uael-timeline-desc-content\"> <p>Al amanecer, poco antes de la salida del sol, cuando el mar suele estar a\u00fan en calma, comienza la traves\u00eda hacia el oeste, en direcci\u00f3n a Ibiza. Si tiene suerte, de vez en cuando le acompa\u00f1ar\u00e1n los delfines que dan la bienvenida al d\u00eda en esta secci\u00f3n al amanecer y a primera hora de la ma\u00f1ana.<br>El destino del d\u00eda es Cala Portinatx, en el norte de Ibiza.<br>Excepto con vientos del norte, esta hermosa bah\u00eda del norte de la isla vacacional de Ibiza es un gran fondeadero muy popular. El agua tiene una suave pendiente, es cristalina y brilla en los m\u00e1s bellos tonos azules. La playa de fina arena blanca brilla al sol. Este peque\u00f1o y animado complejo vacacional ofrece una vida nocturna sorprendentemente animada, con mucha diversi\u00f3n en los bares y hoteles. Se puede poner ruidoso aqu\u00ed por la noche.<\/p><\/div>\n\t\t\t\t\t\t\t\t\t\t\t\t\t\t\t\t\t\t\t\t\t\t\t\t\t\t\t\t\t\t\t\t<\/div>\n\t\t\t\t\t\t\t\t\t\t\t\t\t\t\t\t\t\t\t\t<\/div>\n\t\t\t\t\t\t\t\t\t\t\t\t\t\t\t\t\t<\/div>\n\t\t\t\t\t\t\t<\/div>\n\t\t\t\t\t\t\t\t\t\t\t\t\t<\/div>\n\t\t\t\t\t<\/div>\n\t\t\t\t\t\t\t\t\t\t\t\t\t\t\t\t\t<div class=\"elementor-repeater-item-4bac505 uael-timeline-field animate-border out-view\">\n\t\t\t\t\t\t<div class=\"uael-timeline-widget uael-timeline-left\">\n\t\t\t\t\t\t\t<div class=\"uael-timeline-marker\">\n\t\t\t\t\t\t\t\t<span class=\"timeline-icon-new out-view-timeline-icon\">\n\t\t\t\t\t\t\t\t\t<i aria-hidden=\"true\" class=\"xlio ion-ios-boat\"><\/i>\t\t\t\t\t\t\t\t<\/span>\n\t\t\t\t\t\t\t<\/div>\n\n\t\t\t\t\t\t\t<div class=\"uael-day-new uael-day-left\">\n\t\t\t\t\t\t\t\t<div class=\"uael-events-new\">\n\t\t\t\t\t\t\t\t\t\t\t\t\t\t\t\t\t\t<div class=\"uael-events-inner-new\">\n\t\t\t\t\t\t\t\t\t\t\t\t\t\t\t\t\t\t\t\t\t<div class=\"uael-timeline-date-hide uael-date-inner\"><div class=\"inner-date-new\"><p >D\u00eda 4<\/p><\/div>\n\t\t\t\t\t\t\t\t\t\t\t<\/div>\n\t\t\t\t\t\t\t\t\t\t\t\t\t\t\t\t\t\t\t\t<div class=\"uael-content\">\n\t\t\t\t\t\t\t\t\t\t\t\t\t\t\t\t\t\t\t\t\t\t\t\t\t\t\t\t\t\t\t\t\t<div class=\"uael-timeline-heading-text\">\n\t\t\t\t\t\t\t\t\t\t\t\t<h3 class=\"uael-timeline-heading\">de CALA PORTINATX a ENSENDA DE AUBARCA (aprox. 10 millas n\u00e1uticas)<\/h3>\n\t\t\t\t\t\t\t\t\t\t\t<\/div>\n\t\t\t\t\t\t\t\t\t\t\t\t\t\t\t\t\t\t\t\t\t\t\t\t\t\t\t\t\t\t\t\t\t\t\t\t\t\t\t\t\t\t\t\t\t\t\t\t\t\t\t\t\t\t\t\t<div class=\"uael-timeline-desc-content\"> <p>Contin\u00fae hacia el oeste por la costa norte de Ibiza hasta la bah\u00eda natural de Ensenda de Aubarca. La profunda bah\u00eda parece poco espectacular al principio, pero si se adentra hasta el fondo, descubrir\u00e1 su magia. Aqu\u00ed encontrar\u00e1 naturaleza pura y tranquilidad, as\u00ed que rel\u00e1jese en el agua y en tierra.<\/p><\/div>\n\t\t\t\t\t\t\t\t\t\t\t\t\t\t\t\t\t\t\t\t\t\t\t\t\t\t\t\t\t\t\t\t<\/div>\n\t\t\t\t\t\t\t\t\t\t\t\t\t\t\t\t\t\t\t\t<\/div>\n\t\t\t\t\t\t\t\t\t\t\t\t\t\t\t\t\t<\/div>\n\t\t\t\t\t\t\t<\/div>\n\t\t\t\t\t\t\t\t\t\t\t\t\t<\/div>\n\t\t\t\t\t<\/div>\n\t\t\t\t\t\t\t\t\t\t\t\t\t\t\t\t\t<div class=\"elementor-repeater-item-0c8242f uael-timeline-field animate-border out-view\">\n\t\t\t\t\t\t<div class=\"uael-timeline-widget uael-timeline-right\">\n\t\t\t\t\t\t\t<div class=\"uael-timeline-marker\">\n\t\t\t\t\t\t\t\t<span class=\"timeline-icon-new out-view-timeline-icon\">\n\t\t\t\t\t\t\t\t\t<i aria-hidden=\"true\" class=\"xlio ion-ios-boat\"><\/i>\t\t\t\t\t\t\t\t<\/span>\n\t\t\t\t\t\t\t<\/div>\n\n\t\t\t\t\t\t\t<div class=\"uael-day-new uael-day-right\">\n\t\t\t\t\t\t\t\t<div class=\"uael-events-new\">\n\t\t\t\t\t\t\t\t\t\t\t\t\t\t\t\t\t\t<div class=\"uael-events-inner-new\">\n\t\t\t\t\t\t\t\t\t\t\t\t\t\t\t\t\t\t\t\t\t<div class=\"uael-timeline-date-hide uael-date-inner\"><div class=\"inner-date-new\"><p >D\u00eda 5<\/p><\/div>\n\t\t\t\t\t\t\t\t\t\t\t<\/div>\n\t\t\t\t\t\t\t\t\t\t\t\t\t\t\t\t\t\t\t\t<div class=\"uael-content\">\n\t\t\t\t\t\t\t\t\t\t\t\t\t\t\t\t\t\t\t\t\t\t\t\t\t\t\t\t\t\t\t\t\t<div class=\"uael-timeline-heading-text\">\n\t\t\t\t\t\t\t\t\t\t\t\t<h3 class=\"uael-timeline-heading\">de ENSENDA DE AUBARCA a SANT ANTONI (aprox. 10 millas n\u00e1uticas)<\/h3>\n\t\t\t\t\t\t\t\t\t\t\t<\/div>\n\t\t\t\t\t\t\t\t\t\t\t\t\t\t\t\t\t\t\t\t\t\t\t\t\t\t\t\t\t\t\t\t\t\t\t\t\t\t\t\t\t\t\t\t\t\t\t\t\t\t\t\t\t\t\t\t<div class=\"uael-timeline-desc-content\"> <p>Sant Antoni es el \u00fanico puerto del noroeste de Ibiza y tambi\u00e9n es popular entre los yates de la pen\u00ednsula. Los pocos amarres para hu\u00e9spedes del moderno puerto y los amarres de boya frente a \u00e9l est\u00e1n muy bien utilizados. Se recomienda reservar con antelaci\u00f3n. Este animado lugar de vacaciones ofrece legendarios bares al atardecer y discotecas de fama mundial y, por tanto, la famosa sensaci\u00f3n de Ibiza. Tampoco faltan restaurantes y tiendas, y la oferta es correspondientemente buena.<\/p><p>Si prefiere evitar el puerto, simplemente navegue unas millas n\u00e1uticas m\u00e1s al oeste, por ejemplo hasta el fondeadero de Port del Torrent o Cala Bassa.<\/p><\/div>\n\t\t\t\t\t\t\t\t\t\t\t\t\t\t\t\t\t\t\t\t\t\t\t\t\t\t\t\t\t\t\t\t<\/div>\n\t\t\t\t\t\t\t\t\t\t\t\t\t\t\t\t\t\t\t\t<\/div>\n\t\t\t\t\t\t\t\t\t\t\t\t\t\t\t\t\t<\/div>\n\t\t\t\t\t\t\t<\/div>\n\t\t\t\t\t\t\t\t\t\t\t\t\t<\/div>\n\t\t\t\t\t<\/div>\n\t\t\t\t\t\t\t\t\t\t\t\t\t\t\t\t\t<div class=\"elementor-repeater-item-170946a uael-timeline-field animate-border out-view\">\n\t\t\t\t\t\t<div class=\"uael-timeline-widget uael-timeline-left\">\n\t\t\t\t\t\t\t<div class=\"uael-timeline-marker\">\n\t\t\t\t\t\t\t\t<span class=\"timeline-icon-new out-view-timeline-icon\">\n\t\t\t\t\t\t\t\t\t<i aria-hidden=\"true\" class=\"xlio ion-ios-boat\"><\/i>\t\t\t\t\t\t\t\t<\/span>\n\t\t\t\t\t\t\t<\/div>\n\n\t\t\t\t\t\t\t<div class=\"uael-day-new uael-day-left\">\n\t\t\t\t\t\t\t\t<div class=\"uael-events-new\">\n\t\t\t\t\t\t\t\t\t\t\t\t\t\t\t\t\t\t<div class=\"uael-events-inner-new\">\n\t\t\t\t\t\t\t\t\t\t\t\t\t\t\t\t\t\t\t\t\t<div class=\"uael-timeline-date-hide uael-date-inner\"><div class=\"inner-date-new\"><p >D\u00eda 6<\/p><\/div>\n\t\t\t\t\t\t\t\t\t\t\t<\/div>\n\t\t\t\t\t\t\t\t\t\t\t\t\t\t\t\t\t\t\t\t<div class=\"uael-content\">\n\t\t\t\t\t\t\t\t\t\t\t\t\t\t\t\t\t\t\t\t\t\t\t\t\t\t\t\t\t\t\t\t\t<div class=\"uael-timeline-heading-text\">\n\t\t\t\t\t\t\t\t\t\t\t\t<h3 class=\"uael-timeline-heading\">de SANT ANTONI a CALA DE PORT ROIG (aprox. 15 millas n\u00e1uticas)<\/h3>\n\t\t\t\t\t\t\t\t\t\t\t<\/div>\n\t\t\t\t\t\t\t\t\t\t\t\t\t\t\t\t\t\t\t\t\t\t\t\t\t\t\t\t\t\t\t\t\t\t\t\t\t\t\t\t\t\t\t\t\t\t\t\t\t\t\t\t\t\t\t\t<div class=\"uael-timeline-desc-content\"> <p>Contin\u00fae por la costa oeste de Ibiza. Las playas y bah\u00edas de la costa oeste son algunas de las m\u00e1s bellas de la isla y el paisaje es muy variado. Playas pintorescas, bah\u00edas y luces marinas en todos los tonos imaginables de azul y turquesa. Desde la playa hippie hasta el club de playa chic, a lo largo de la costa hay restaurantes y clubes con una maravillosa vista de la puesta de sol sobre el mar. Cala Horts, por ejemplo, es una de esas bah\u00edas para los amantes de la puesta de sol. Aqu\u00ed podr\u00e1 echar el ancla con vistas a la escarpada Isla Verde.<br>Cala de Port Roig, el puerto rojo, toma su nombre de los acantilados rojizos que brillan al atardecer. Aqu\u00ed no hay chiringuitos ni clubes de playa, por lo que el ambiente es tranquilo. A los navegantes les gusta pasar la noche en esta bah\u00eda y disfrutar de la espectacular puesta de sol.<br>Si quiere experimentar la sensaci\u00f3n de fiesta ibicenca, dir\u00edjase una bah\u00eda m\u00e1s all\u00e1, a la mundialmente famosa Cala Jondal. La playa de guijarros de 300 metros de largo, rodeada de pinares, est\u00e1 bordeada por varios clubes de playa donde se puede salir de fiesta en un ambiente exclusivo. Puntos calientes como el Blue Marlin han hecho mundialmente famoso este lugar.<\/p><\/div>\n\t\t\t\t\t\t\t\t\t\t\t\t\t\t\t\t\t\t\t\t\t\t\t\t\t\t\t\t\t\t\t\t<\/div>\n\t\t\t\t\t\t\t\t\t\t\t\t\t\t\t\t\t\t\t\t<\/div>\n\t\t\t\t\t\t\t\t\t\t\t\t\t\t\t\t\t<\/div>\n\t\t\t\t\t\t\t<\/div>\n\t\t\t\t\t\t\t\t\t\t\t\t\t<\/div>\n\t\t\t\t\t<\/div>\n\t\t\t\t\t\t\t\t\t\t\t\t\t\t\t\t\t<div class=\"elementor-repeater-item-8081e73 uael-timeline-field animate-border out-view\">\n\t\t\t\t\t\t<div class=\"uael-timeline-widget uael-timeline-right\">\n\t\t\t\t\t\t\t<div class=\"uael-timeline-marker\">\n\t\t\t\t\t\t\t\t<span class=\"timeline-icon-new out-view-timeline-icon\">\n\t\t\t\t\t\t\t\t\t<i aria-hidden=\"true\" class=\"xlio ion-ios-boat\"><\/i>\t\t\t\t\t\t\t\t<\/span>\n\t\t\t\t\t\t\t<\/div>\n\n\t\t\t\t\t\t\t<div class=\"uael-day-new uael-day-right\">\n\t\t\t\t\t\t\t\t<div class=\"uael-events-new\">\n\t\t\t\t\t\t\t\t\t\t\t\t\t\t\t\t\t\t<div class=\"uael-events-inner-new\">\n\t\t\t\t\t\t\t\t\t\t\t\t\t\t\t\t\t\t\t\t\t<div class=\"uael-timeline-date-hide uael-date-inner\"><div class=\"inner-date-new\"><p >D\u00eda 7<\/p><\/div>\n\t\t\t\t\t\t\t\t\t\t\t<\/div>\n\t\t\t\t\t\t\t\t\t\t\t\t\t\t\t\t\t\t\t\t<div class=\"uael-content\">\n\t\t\t\t\t\t\t\t\t\t\t\t\t\t\t\t\t\t\t\t\t\t\t\t\t\t\t\t\t\t\t\t\t<div class=\"uael-timeline-heading-text\">\n\t\t\t\t\t\t\t\t\t\t\t\t<h3 class=\"uael-timeline-heading\">de CALA DE PORT ROIG a LA SAVINA (aprox. 10 millas n\u00e1uticas)<\/h3>\n\t\t\t\t\t\t\t\t\t\t\t<\/div>\n\t\t\t\t\t\t\t\t\t\t\t\t\t\t\t\t\t\t\t\t\t\t\t\t\t\t\t\t\t\t\t\t\t\t\t\t\t\t\t\t\t\t\t\t\t\t\t\t\t\t\t\t\t\t\t\t<div class=\"uael-timeline-desc-content\"> <p>Nos dirigimos al sur, a la encantadora isla balear de Formentera.<br>Por algo los entendidos llaman a la segunda isla m\u00e1s peque\u00f1a de Baleares el \u00abpeque\u00f1o Caribe\u00bb. Es la isla con el agua m\u00e1s clara del Mediterr\u00e1neo y las playas m\u00e1s hermosas. Los colores azul turquesa, celeste, beige y blanco brillan hasta donde alcanza la vista.<\/p><p>El puerto m\u00e1s grande, La Savina, es la puerta de Formentera al mundo. No s\u00f3lo es un puerto comercial para los aproximadamente 12.500 habitantes de Formenter, sino tambi\u00e9n la puerta de entrada de unos 3 millones de turistas al a\u00f1o, independientemente de que lleguen en uno de los transbordadores desde Ibiza o en barco propio o alquilado. Formentera no tiene aeropuerto.<br>Hay dos puertos deportivos para yates, que requieren reserva previa en temporada alta (julio y agosto). Hay varias tiendas peque\u00f1as y supermercados y un mercado de artesan\u00eda en temporada. Cerca del puerto hay una amplia oferta de restaurantes y bares. El medio de transporte n\u00famero uno en Formentera, con o sin motorizaci\u00f3n, es el veh\u00edculo de dos ruedas. En el puerto y en el pueblo de La Savina hay una gran selecci\u00f3n de empresas de alquiler y merece la pena dar una vuelta por la isla.<\/p><p>Si quiere evitar el ajetreado puerto pero no quiere perderse una buena comida en un restaurante, fondee en los populares fondeaderos de las playas de Los Trocados \/ Ses Illetes. Los restaurantes y bares en tierra son conocidos mucho m\u00e1s all\u00e1 de las fronteras de Baleares. Pero cuidado: los transbordadores que pasan constantemente entre Formentera e Ibiza suelen provocar olas.<\/p><p>El campo de boyas del llamado Puerto Espalmador tambi\u00e9n es una alternativa para pasar la noche. Los emplazamientos de boyas en la bah\u00eda en forma de herradura del norte pueden reservarse con antelaci\u00f3n en Internet. Espalmador se encuentra en el Parque natural de Ses Salines, con marismas y salinas naturales. Es un aut\u00e9ntico para\u00edso para las aves. Tenga en cuenta que no est\u00e1 permitido ba\u00f1arse en barro debido a la conservaci\u00f3n de la naturaleza.<\/p><\/div>\n\t\t\t\t\t\t\t\t\t\t\t\t\t\t\t\t\t\t\t\t\t\t\t\t\t\t\t\t\t\t\t\t<\/div>\n\t\t\t\t\t\t\t\t\t\t\t\t\t\t\t\t\t\t\t\t<\/div>\n\t\t\t\t\t\t\t\t\t\t\t\t\t\t\t\t\t<\/div>\n\t\t\t\t\t\t\t<\/div>\n\t\t\t\t\t\t\t\t\t\t\t\t\t<\/div>\n\t\t\t\t\t<\/div>\n\t\t\t\t\t\t\t\t\t\t\t\t\t\t\t\t\t<div class=\"elementor-repeater-item-0619d32 uael-timeline-field animate-border out-view\">\n\t\t\t\t\t\t<div class=\"uael-timeline-widget uael-timeline-left\">\n\t\t\t\t\t\t\t<div class=\"uael-timeline-marker\">\n\t\t\t\t\t\t\t\t<span class=\"timeline-icon-new out-view-timeline-icon\">\n\t\t\t\t\t\t\t\t\t<i aria-hidden=\"true\" class=\"xlio ion-ios-boat\"><\/i>\t\t\t\t\t\t\t\t<\/span>\n\t\t\t\t\t\t\t<\/div>\n\n\t\t\t\t\t\t\t<div class=\"uael-day-new uael-day-left\">\n\t\t\t\t\t\t\t\t<div class=\"uael-events-new\">\n\t\t\t\t\t\t\t\t\t\t\t\t\t\t\t\t\t\t<div class=\"uael-events-inner-new\">\n\t\t\t\t\t\t\t\t\t\t\t\t\t\t\t\t\t\t\t\t\t<div class=\"uael-timeline-date-hide uael-date-inner\"><div class=\"inner-date-new\"><p >D\u00eda 8<\/p><\/div>\n\t\t\t\t\t\t\t\t\t\t\t<\/div>\n\t\t\t\t\t\t\t\t\t\t\t\t\t\t\t\t\t\t\t\t<div class=\"uael-content\">\n\t\t\t\t\t\t\t\t\t\t\t\t\t\t\t\t\t\t\t\t\t\t\t\t\t\t\t\t\t\t\t\t\t<div class=\"uael-timeline-heading-text\">\n\t\t\t\t\t\t\t\t\t\t\t\t<h3 class=\"uael-timeline-heading\">de LA SAVINA a CALA SAONA (aprox. 5 millas n\u00e1uticas)<\/h3>\n\t\t\t\t\t\t\t\t\t\t\t<\/div>\n\t\t\t\t\t\t\t\t\t\t\t\t\t\t\t\t\t\t\t\t\t\t\t\t\t\t\t\t\t\t\t\t\t\t\t\t\t\t\t\t\t\t\t\t\t\t\t\t\t\t\t\t\t\t\t\t<div class=\"uael-timeline-desc-content\"> <p>Cala Saona est\u00e1 situada al oeste de Formentera, cuyas playas y bah\u00edas, con sus deslumbrantes colores, no tienen nada que envidiar a las del Caribe. Rodeada de rocas rojas y bosques, la bah\u00eda de Cala Saona es un sue\u00f1o para fondear, con aguas turquesas brillantes y un fondo arenoso hasta donde alcanza la vista alrededor de las rocas a derecha e izquierda de la playa de arena blanca. Al atardecer, brilla una de las m\u00e1s bellas puestas de sol con Es Verdr\u00e1, la Isla Verde de Ibiza, al fondo. En tierra hay restaurantes, un hotel y alquiler de bicicletas y scooters.<\/p><\/div>\n\t\t\t\t\t\t\t\t\t\t\t\t\t\t\t\t\t\t\t\t\t\t\t\t\t\t\t\t\t\t\t\t<\/div>\n\t\t\t\t\t\t\t\t\t\t\t\t\t\t\t\t\t\t\t\t<\/div>\n\t\t\t\t\t\t\t\t\t\t\t\t\t\t\t\t\t<\/div>\n\t\t\t\t\t\t\t<\/div>\n\t\t\t\t\t\t\t\t\t\t\t\t\t<\/div>\n\t\t\t\t\t<\/div>\n\t\t\t\t\t\t\t\t\t\t\t\t\t\t\t\t\t<div class=\"elementor-repeater-item-f372cce uael-timeline-field animate-border out-view\">\n\t\t\t\t\t\t<div class=\"uael-timeline-widget uael-timeline-right\">\n\t\t\t\t\t\t\t<div class=\"uael-timeline-marker\">\n\t\t\t\t\t\t\t\t<span class=\"timeline-icon-new out-view-timeline-icon\">\n\t\t\t\t\t\t\t\t\t<i aria-hidden=\"true\" class=\"xlio ion-ios-boat\"><\/i>\t\t\t\t\t\t\t\t<\/span>\n\t\t\t\t\t\t\t<\/div>\n\n\t\t\t\t\t\t\t<div class=\"uael-day-new uael-day-right\">\n\t\t\t\t\t\t\t\t<div class=\"uael-events-new\">\n\t\t\t\t\t\t\t\t\t\t\t\t\t\t\t\t\t\t<div class=\"uael-events-inner-new\">\n\t\t\t\t\t\t\t\t\t\t\t\t\t\t\t\t\t\t\t\t\t<div class=\"uael-timeline-date-hide uael-date-inner\"><div class=\"inner-date-new\"><p >D\u00eda 9<\/p><\/div>\n\t\t\t\t\t\t\t\t\t\t\t<\/div>\n\t\t\t\t\t\t\t\t\t\t\t\t\t\t\t\t\t\t\t\t<div class=\"uael-content\">\n\t\t\t\t\t\t\t\t\t\t\t\t\t\t\t\t\t\t\t\t\t\t\t\t\t\t\t\t\t\t\t\t\t<div class=\"uael-timeline-heading-text\">\n\t\t\t\t\t\t\t\t\t\t\t\t<h3 class=\"uael-timeline-heading\">de CALA SAONA a ENSENADA DE MIGJORN (aprox. 10 millas n\u00e1uticas)<\/h3>\n\t\t\t\t\t\t\t\t\t\t\t<\/div>\n\t\t\t\t\t\t\t\t\t\t\t\t\t\t\t\t\t\t\t\t\t\t\t\t\t\t\t\t\t\t\t\t\t\t\t\t\t\t\t\t\t\t\t\t\t\t\t\t\t\t\t\t\t\t\t\t<div class=\"uael-timeline-desc-content\"> <p>La costa sur de Formentera, que se extiende a lo largo de cinco kil\u00f3metros de playas paradis\u00edacas, se llama Migjorn. Este tramo de playa es el m\u00e1s largo de la isla y consta de varias bah\u00edas separadas por zonas rocosas y arenosas. Cada bah\u00eda tiene su propio nombre, la mayor de las cuales es la Ensenada de Migjorn. Hay muchas posibilidades de fondear aqu\u00ed a lo largo de 4 millas n\u00e1uticas en un fondo arenoso poco profundo. En tierra encontrar\u00e1 casetas de playa, un peque\u00f1o hotel, un restaurante y un minimercado.<\/p><\/div>\n\t\t\t\t\t\t\t\t\t\t\t\t\t\t\t\t\t\t\t\t\t\t\t\t\t\t\t\t\t\t\t\t<\/div>\n\t\t\t\t\t\t\t\t\t\t\t\t\t\t\t\t\t\t\t\t<\/div>\n\t\t\t\t\t\t\t\t\t\t\t\t\t\t\t\t\t<\/div>\n\t\t\t\t\t\t\t<\/div>\n\t\t\t\t\t\t\t\t\t\t\t\t\t<\/div>\n\t\t\t\t\t<\/div>\n\t\t\t\t\t\t\t\t\t\t\t\t\t\t\t\t\t<div class=\"elementor-repeater-item-d901ee5 uael-timeline-field animate-border out-view\">\n\t\t\t\t\t\t<div class=\"uael-timeline-widget uael-timeline-left\">\n\t\t\t\t\t\t\t<div class=\"uael-timeline-marker\">\n\t\t\t\t\t\t\t\t<span class=\"timeline-icon-new out-view-timeline-icon\">\n\t\t\t\t\t\t\t\t\t<i aria-hidden=\"true\" class=\"xlio ion-ios-boat\"><\/i>\t\t\t\t\t\t\t\t<\/span>\n\t\t\t\t\t\t\t<\/div>\n\n\t\t\t\t\t\t\t<div class=\"uael-day-new uael-day-left\">\n\t\t\t\t\t\t\t\t<div class=\"uael-events-new\">\n\t\t\t\t\t\t\t\t\t\t\t\t\t\t\t\t\t\t<div class=\"uael-events-inner-new\">\n\t\t\t\t\t\t\t\t\t\t\t\t\t\t\t\t\t\t\t\t\t<div class=\"uael-timeline-date-hide uael-date-inner\"><div class=\"inner-date-new\"><p >D\u00eda 10<\/p><\/div>\n\t\t\t\t\t\t\t\t\t\t\t<\/div>\n\t\t\t\t\t\t\t\t\t\t\t\t\t\t\t\t\t\t\t\t<div class=\"uael-content\">\n\t\t\t\t\t\t\t\t\t\t\t\t\t\t\t\t\t\t\t\t\t\t\t\t\t\t\t\t\t\t\t\t\t<div class=\"uael-timeline-heading-text\">\n\t\t\t\t\t\t\t\t\t\t\t\t<h3 class=\"uael-timeline-heading\">de ENSENADA DE MIGJORN a ES PUJOLS (aprox. 10 millas n\u00e1uticas)<\/h3>\n\t\t\t\t\t\t\t\t\t\t\t<\/div>\n\t\t\t\t\t\t\t\t\t\t\t\t\t\t\t\t\t\t\t\t\t\t\t\t\t\t\t\t\t\t\t\t\t\t\t\t\t\t\t\t\t\t\t\t\t\t\t\t\t\t\t\t\t\t\t\t<div class=\"uael-timeline-desc-content\"> <p>Es Pujols se encuentra en una pintoresca bah\u00eda de unos dos kil\u00f3metros de largo y se ha desarrollado a lo largo de los a\u00f1os desde pr\u00e1cticamente nada hasta convertirse en el centro tur\u00edstico m\u00e1s importante de Formentera. Si est\u00e1 pensando en un reducto tur\u00edstico, se equivoca, porque aqu\u00ed sigue habiendo un ambiente familiar y encontrar\u00e1 el moderno estilo de vida ibicenco.<\/p><\/div>\n\t\t\t\t\t\t\t\t\t\t\t\t\t\t\t\t\t\t\t\t\t\t\t\t\t\t\t\t\t\t\t\t<\/div>\n\t\t\t\t\t\t\t\t\t\t\t\t\t\t\t\t\t\t\t\t<\/div>\n\t\t\t\t\t\t\t\t\t\t\t\t\t\t\t\t\t<\/div>\n\t\t\t\t\t\t\t<\/div>\n\t\t\t\t\t\t\t\t\t\t\t\t\t<\/div>\n\t\t\t\t\t<\/div>\n\t\t\t\t\t\t\t\t\t\t\t\t\t\t\t\t\t<div class=\"elementor-repeater-item-dfe295e uael-timeline-field animate-border out-view\">\n\t\t\t\t\t\t<div class=\"uael-timeline-widget uael-timeline-right\">\n\t\t\t\t\t\t\t<div class=\"uael-timeline-marker\">\n\t\t\t\t\t\t\t\t<span class=\"timeline-icon-new out-view-timeline-icon\">\n\t\t\t\t\t\t\t\t\t<i aria-hidden=\"true\" class=\"xlio ion-ios-boat\"><\/i>\t\t\t\t\t\t\t\t<\/span>\n\t\t\t\t\t\t\t<\/div>\n\n\t\t\t\t\t\t\t<div class=\"uael-day-new uael-day-right\">\n\t\t\t\t\t\t\t\t<div class=\"uael-events-new\">\n\t\t\t\t\t\t\t\t\t\t\t\t\t\t\t\t\t\t<div class=\"uael-events-inner-new\">\n\t\t\t\t\t\t\t\t\t\t\t\t\t\t\t\t\t\t\t\t\t<div class=\"uael-timeline-date-hide uael-date-inner\"><div class=\"inner-date-new\"><p >D\u00eda 11<\/p><\/div>\n\t\t\t\t\t\t\t\t\t\t\t<\/div>\n\t\t\t\t\t\t\t\t\t\t\t\t\t\t\t\t\t\t\t\t<div class=\"uael-content\">\n\t\t\t\t\t\t\t\t\t\t\t\t\t\t\t\t\t\t\t\t\t\t\t\t\t\t\t\t\t\t\t\t\t<div class=\"uael-timeline-heading-text\">\n\t\t\t\t\t\t\t\t\t\t\t\t<h3 class=\"uael-timeline-heading\">de ES PUJOLS a CIUDAD DE IBIZA (aprox. 15 millas n\u00e1uticas)<\/h3>\n\t\t\t\t\t\t\t\t\t\t\t<\/div>\n\t\t\t\t\t\t\t\t\t\t\t\t\t\t\t\t\t\t\t\t\t\t\t\t\t\t\t\t\t\t\t\t\t\t\t\t\t\t\t\t\t\t\t\t\t\t\t\t\t\t\t\t\t\t\t\t<div class=\"uael-timeline-desc-content\"> <p>Desde la isla caribe\u00f1a de Formentera, nos dirigimos a la capital de la isla, Ibiza. El puerto deportivo de la ciudad de Eivissa, como se llama en catal\u00e1n la capital de Ibiza, cuenta con m\u00e1s de 1.000 amarres para yates, y sin embargo la afluencia es alt\u00edsima en verano. Sin reserva, puede ser dif\u00edcil o incluso imposible encontrar un amarre. Tambi\u00e9n se encuentran entre los puertos m\u00e1s caros de toda Baleares. Tenga en cuenta el intenso tr\u00e1fico de transbordadores al entrar en el puerto. Por otra parte, ofrece todo lo que su coraz\u00f3n desea en t\u00e9rminos de restauraci\u00f3n, restaurantes y la escena del club.<\/p><p>Si no ha encontrado un amarre en la ciudad de Ibiza o desea acortar el largo viaje de vuelta a Mallorca, puede intentar reservar uno de los 755 amarres del puerto de Santa Eulalia, a unas 8 millas n\u00e1uticas al noreste. La segunda ciudad m\u00e1s grande de Ibiza no tiene nada que envidiar a la capital en cuanto a instalaciones comerciales, restaurantes y bares.<\/p><\/div>\n\t\t\t\t\t\t\t\t\t\t\t\t\t\t\t\t\t\t\t\t\t\t\t\t\t\t\t\t\t\t\t\t<\/div>\n\t\t\t\t\t\t\t\t\t\t\t\t\t\t\t\t\t\t\t\t<\/div>\n\t\t\t\t\t\t\t\t\t\t\t\t\t\t\t\t\t<\/div>\n\t\t\t\t\t\t\t<\/div>\n\t\t\t\t\t\t\t\t\t\t\t\t\t<\/div>\n\t\t\t\t\t<\/div>\n\t\t\t\t\t\t\t\t\t\t\t\t\t\t\t\t\t<div class=\"elementor-repeater-item-3383fe6 uael-timeline-field animate-border out-view\">\n\t\t\t\t\t\t<div class=\"uael-timeline-widget uael-timeline-left\">\n\t\t\t\t\t\t\t<div class=\"uael-timeline-marker\">\n\t\t\t\t\t\t\t\t<span class=\"timeline-icon-new out-view-timeline-icon\">\n\t\t\t\t\t\t\t\t\t<i aria-hidden=\"true\" class=\"xlio ion-ios-boat\"><\/i>\t\t\t\t\t\t\t\t<\/span>\n\t\t\t\t\t\t\t<\/div>\n\n\t\t\t\t\t\t\t<div class=\"uael-day-new uael-day-left\">\n\t\t\t\t\t\t\t\t<div class=\"uael-events-new\">\n\t\t\t\t\t\t\t\t\t\t\t\t\t\t\t\t\t\t<div class=\"uael-events-inner-new\">\n\t\t\t\t\t\t\t\t\t\t\t\t\t\t\t\t\t\t\t\t\t<div class=\"uael-timeline-date-hide uael-date-inner\"><div class=\"inner-date-new\"><p >D\u00eda 12<\/p><\/div>\n\t\t\t\t\t\t\t\t\t\t\t<\/div>\n\t\t\t\t\t\t\t\t\t\t\t\t\t\t\t\t\t\t\t\t<div class=\"uael-content\">\n\t\t\t\t\t\t\t\t\t\t\t\t\t\t\t\t\t\t\t\t\t\t\t\t\t\t\t\t\t\t\t\t\t<div class=\"uael-timeline-heading-text\">\n\t\t\t\t\t\t\t\t\t\t\t\t<h3 class=\"uael-timeline-heading\">de CIUDAD DE IBIZA a CAMP DE MAR (aprox. 55 millas n\u00e1uticas)<\/h3>\n\t\t\t\t\t\t\t\t\t\t\t<\/div>\n\t\t\t\t\t\t\t\t\t\t\t\t\t\t\t\t\t\t\t\t\t\t\t\t\t\t\t\t\t\t\t\t\t\t\t\t\t\t\t\t\t\t\t\t\t\t\t\t\t\t\t\t\t\t\t\t<div class=\"uael-timeline-desc-content\"> <p>Por la ma\u00f1ana regresamos a Mallorca. El destino de la tarde es la bah\u00eda de Camp de Mar. Por el camino, aseg\u00farese de volver a buscar delfines.<\/p><p>La Platja de Camp de Mar es una joya de la costa mallorquina. La playa est\u00e1 situada entre dos promontorios rocosos y no est\u00e1 tan masificada como otras playas de la isla balear. Camp de Mar no es una ciudad hist\u00f3rica de la costa suroeste de Mallorca. M\u00e1s bien se dise\u00f1\u00f3 deliberadamente como lugar de vacaciones. Sin embargo, no hay grandes complejos hoteleros, animados chiringuitos ni ruidosas discotecas. Predominan los hoteles peque\u00f1os y elegantes y los restaurantes exclusivos con magn\u00edficas vistas.<\/p><\/div>\n\t\t\t\t\t\t\t\t\t\t\t\t\t\t\t\t\t\t\t\t\t\t\t\t\t\t\t\t\t\t\t\t<\/div>\n\t\t\t\t\t\t\t\t\t\t\t\t\t\t\t\t\t\t\t\t<\/div>\n\t\t\t\t\t\t\t\t\t\t\t\t\t\t\t\t\t<\/div>\n\t\t\t\t\t\t\t<\/div>\n\t\t\t\t\t\t\t\t\t\t\t\t\t<\/div>\n\t\t\t\t\t<\/div>\n\t\t\t\t\t\t\t\t\t\t\t\t\t\t\t\t\t<div class=\"elementor-repeater-item-01c3a9d uael-timeline-field animate-border out-view\">\n\t\t\t\t\t\t<div class=\"uael-timeline-widget uael-timeline-right\">\n\t\t\t\t\t\t\t<div class=\"uael-timeline-marker\">\n\t\t\t\t\t\t\t\t<span class=\"timeline-icon-new out-view-timeline-icon\">\n\t\t\t\t\t\t\t\t\t<i aria-hidden=\"true\" class=\"xlio ion-ios-boat\"><\/i>\t\t\t\t\t\t\t\t<\/span>\n\t\t\t\t\t\t\t<\/div>\n\n\t\t\t\t\t\t\t<div class=\"uael-day-new uael-day-right\">\n\t\t\t\t\t\t\t\t<div class=\"uael-events-new\">\n\t\t\t\t\t\t\t\t\t\t\t\t\t\t\t\t\t\t<div class=\"uael-events-inner-new\">\n\t\t\t\t\t\t\t\t\t\t\t\t\t\t\t\t\t\t\t\t\t<div class=\"uael-timeline-date-hide uael-date-inner\"><div class=\"inner-date-new\"><p >D\u00eda 13<\/p><\/div>\n\t\t\t\t\t\t\t\t\t\t\t<\/div>\n\t\t\t\t\t\t\t\t\t\t\t\t\t\t\t\t\t\t\t\t<div class=\"uael-content\">\n\t\t\t\t\t\t\t\t\t\t\t\t\t\t\t\t\t\t\t\t\t\t\t\t\t\t\t\t\t\t\t\t\t<div class=\"uael-timeline-heading-text\">\n\t\t\t\t\t\t\t\t\t\t\t\t<h3 class=\"uael-timeline-heading\">de CAMP DE MAR a CALA PORTALS VELLS (aprox. 10 millas n\u00e1uticas)<\/h3>\n\t\t\t\t\t\t\t\t\t\t\t<\/div>\n\t\t\t\t\t\t\t\t\t\t\t\t\t\t\t\t\t\t\t\t\t\t\t\t\t\t\t\t\t\t\t\t\t\t\t\t\t\t\t\t\t\t\t\t\t\t\t\t\t\t\t\t\t\t\t\t<div class=\"uael-timeline-desc-content\"> <p>La popular Cala Portals Vells, tambi\u00e9n conocida como Bah\u00eda de los Contrabandistas, ofrece mucha variedad con sus tres peque\u00f1as playas, dos restaurantes de playa y una cueva, y est\u00e1 bien resguardada del viento sur.<br>La bah\u00eda est\u00e1 rodeada de rocas y pinares, que tambi\u00e9n dan sombra en la playa. El agua es de un precioso azul turquesa y es perfecta para bucear. Para los aventureros, merece la pena nadar hasta las \u00abcuevas de los marinos\u00bb medievales situadas enfrente. Las cuevas no se formaron de forma natural, sino mediante la extracci\u00f3n de piedra caliza, por ejemplo para la Catedral de Palma. El ascenso es algo arduo debido a las rocas, pero merece la pena.<\/p><p>Si no encuentra un amarre adecuado en Cala Portals Vells o prefiere reservar un amarre en el puerto, tiene la opci\u00f3n de hacer escala en Port Adriano, que est\u00e1 de camino, o fondear unas millas n\u00e1uticas m\u00e1s al este de Cala Portals Vells, en la bah\u00eda de Magaluf, por ejemplo.<\/p><\/div>\n\t\t\t\t\t\t\t\t\t\t\t\t\t\t\t\t\t\t\t\t\t\t\t\t\t\t\t\t\t\t\t\t<\/div>\n\t\t\t\t\t\t\t\t\t\t\t\t\t\t\t\t\t\t\t\t<\/div>\n\t\t\t\t\t\t\t\t\t\t\t\t\t\t\t\t\t<\/div>\n\t\t\t\t\t\t\t<\/div>\n\t\t\t\t\t\t\t\t\t\t\t\t\t<\/div>\n\t\t\t\t\t<\/div>\n\t\t\t\t\t\t\t\t\t\t\t\t\t\t\t\t\t<div class=\"elementor-repeater-item-a1b86d2 uael-timeline-field animate-border out-view\">\n\t\t\t\t\t\t<div class=\"uael-timeline-widget uael-timeline-left\">\n\t\t\t\t\t\t\t<div class=\"uael-timeline-marker\">\n\t\t\t\t\t\t\t\t<span class=\"timeline-icon-new out-view-timeline-icon\">\n\t\t\t\t\t\t\t\t\t<i aria-hidden=\"true\" class=\"xlio ion-ios-boat\"><\/i>\t\t\t\t\t\t\t\t<\/span>\n\t\t\t\t\t\t\t<\/div>\n\n\t\t\t\t\t\t\t<div class=\"uael-day-new uael-day-left\">\n\t\t\t\t\t\t\t\t<div class=\"uael-events-new\">\n\t\t\t\t\t\t\t\t\t\t\t\t\t\t\t\t\t\t<div class=\"uael-events-inner-new\">\n\t\t\t\t\t\t\t\t\t\t\t\t\t\t\t\t\t\t\t\t\t<div class=\"uael-timeline-date-hide uael-date-inner\"><div class=\"inner-date-new\"><p >D\u00eda 14<\/p><\/div>\n\t\t\t\t\t\t\t\t\t\t\t<\/div>\n\t\t\t\t\t\t\t\t\t\t\t\t\t\t\t\t\t\t\t\t<div class=\"uael-content\">\n\t\t\t\t\t\t\t\t\t\t\t\t\t\t\t\t\t\t\t\t\t\t\t\t\t\t\t\t\t\t\t\t\t<div class=\"uael-timeline-heading-text\">\n\t\t\t\t\t\t\t\t\t\t\t\t<h3 class=\"uael-timeline-heading\">de CALA PORTALS VELLS a PALMA (aprox. 15 millas n\u00e1uticas)<\/h3>\n\t\t\t\t\t\t\t\t\t\t\t<\/div>\n\t\t\t\t\t\t\t\t\t\t\t\t\t\t\t\t\t\t\t\t\t\t\t\t\t\t\t\t\t\t\t\t\t\t\t\t\t\t\t\t\t\t\t\t\t\t\t\t\t\t\t\t\t\t\t\t<div class=\"uael-timeline-desc-content\"> <p>El \u00faltimo d\u00eda de su viaje en yate por las aguas de las Islas Baleares ha comenzado. Dependiendo del tiempo y de su estado de \u00e1nimo, los madrugadores tienen la opci\u00f3n de pasar la ma\u00f1ana en la hermosa bah\u00eda de Cala Portals Vells. Para aquellos que levaron anclas temprano, en el camino de vuelta a Palma tambi\u00e9n existe la opci\u00f3n de hacer escala en una de las bah\u00edas de ba\u00f1o al oeste de Palma. Por ejemplo, merece la pena fondear en la bah\u00eda de Illetas.<\/p><p>Alrededor de las 17 h llegar\u00e1 con su yate de alquiler al puerto base de Palma, Marina La Lonja. No olvide vaciar previamente los dep\u00f3sitos de residuos y llenar los de combustible en la gasolinera.<br>Despu\u00e9s de que nuestro equipo le haya recibido a usted y al yate en el embarcadero, sigue la inspecci\u00f3n t\u00e9cnica y los buzos vienen a inspeccionar el casco y la quilla. Ordenar y limpiar la ba\u00f1era, la cubierta, el sal\u00f3n y los camarotes es esencial para una r\u00e1pida aceptaci\u00f3n.<br>Tras la recogida, podr\u00e1 cenar en uno de los muchos restaurantes de moda del casco antiguo de Palma. Recu\u00e9stese con una cerveza o una copa de vino, mire las fotos y v\u00eddeos de sus vacaciones de las \u00faltimas dos semanas y repase su viaje.<br>Hasta la ma\u00f1ana siguiente a las 8.00, cuando deje el yate ordenado y barrido, con la vajilla lavada, la basura vaciada y todas sus pertenencias, podr\u00e1 utilizar el yate en nuestro puerto para pasar la noche.<\/p><p>Todo el equipo de <strong>Yates Mallorca<\/strong> Charter le desea a usted y a su tripulaci\u00f3n unas maravillosas vacaciones.<\/p><\/div>\n\t\t\t\t\t\t\t\t\t\t\t\t\t\t\t\t\t\t\t\t\t\t\t\t\t\t\t\t\t\t\t\t<\/div>\n\t\t\t\t\t\t\t\t\t\t\t\t\t\t\t\t\t\t\t\t<\/div>\n\t\t\t\t\t\t\t\t\t\t\t\t\t\t\t\t\t<\/div>\n\t\t\t\t\t\t\t<\/div>\n\t\t\t\t\t\t\t\t\t\t\t\t\t<\/div>\n\t\t\t\t\t<\/div>\n\t\t\t\t\t\t\t\t\t\t<\/div>\n\t\t<div class=\"uael-timeline__line\">\n\t\t\t<div class=\"uael-timeline__line__inner\"><\/div>\n\t\t<\/div>\n\t<\/div>\n<\/div>\n\n\t\t\t\t<\/div>\n\t\t\t\t<\/div>\n\t\t\t\t\t<\/div>\n\t\t<\/div>\n\t\t\t\t\t<\/div>\n\t\t<\/section>\n\t\t\t\t<section class=\"elementor-section elementor-top-section elementor-element elementor-element-ebaf3d2 elementor-section-boxed elementor-section-height-default elementor-section-height-default\" data-id=\"ebaf3d2\" data-element_type=\"section\" data-e-type=\"section\">\n\t\t\t\t\t\t<div class=\"elementor-container elementor-column-gap-default\">\n\t\t\t\t\t<div class=\"elementor-column elementor-col-100 elementor-top-column elementor-element elementor-element-ee6e777\" data-id=\"ee6e777\" data-element_type=\"column\" data-e-type=\"column\">\n\t\t\t<div class=\"elementor-widget-wrap elementor-element-populated\">\n\t\t\t\t\t\t<div class=\"elementor-element elementor-element-98d28ed elementor-post-navigation-borders-yes elementor-widget elementor-widget-post-navigation\" data-id=\"98d28ed\" data-element_type=\"widget\" data-e-type=\"widget\" data-widget_type=\"post-navigation.default\">\n\t\t\t\t<div class=\"elementor-widget-container\">\n\t\t\t\t\t\t\t<div class=\"elementor-post-navigation\" role=\"navigation\" aria-label=\"Navegaci\u00f3n de la entrada\">\n\t\t\t<div class=\"elementor-post-navigation__prev elementor-post-navigation__link\">\n\t\t\t\t<a href=\"https:\/\/www.yates-mallorca-charter.de\/es\/cruceros\/costa-sureste-de-mallorca-y-alrededores-de-menorca\/\" rel=\"prev\"><span class=\"post-navigation__arrow-wrapper post-navigation__arrow-prev\"><svg aria-hidden=\"true\" class=\"e-font-icon-svg e-fas-angle-left\" viewBox=\"0 0 256 512\" xmlns=\"http:\/\/www.w3.org\/2000\/svg\"><path d=\"M31.7 239l136-136c9.4-9.4 24.6-9.4 33.9 0l22.6 22.6c9.4 9.4 9.4 24.6 0 33.9L127.9 256l96.4 96.4c9.4 9.4 9.4 24.6 0 33.9L201.7 409c-9.4 9.4-24.6 9.4-33.9 0l-136-136c-9.5-9.4-9.5-24.6-.1-34z\"><\/path><\/svg><span class=\"elementor-screen-only\">Ant<\/span><\/span><span class=\"elementor-post-navigation__link__prev\"><span class=\"post-navigation__prev--label\">Anterior<\/span><span class=\"post-navigation__prev--title\">Costa sureste de Mallorca y alrededores de Menorca<\/span><\/span><\/a>\t\t\t<\/div>\n\t\t\t\t\t\t\t<div class=\"elementor-post-navigation__separator-wrapper\">\n\t\t\t\t\t<div class=\"elementor-post-navigation__separator\"><\/div>\n\t\t\t\t<\/div>\n\t\t\t\t\t\t<div class=\"elementor-post-navigation__next elementor-post-navigation__link\">\n\t\t\t\t<a href=\"https:\/\/www.yates-mallorca-charter.de\/es\/cruceros\/mallorca-ibiza-formentera-1-semana\/\" rel=\"next\"><span class=\"elementor-post-navigation__link__next\"><span class=\"post-navigation__next--label\">Siguiente<\/span><span class=\"post-navigation__next--title\">Mallorca &#8211; Ibiza &#8211; Formentera &#8211; 1 semana<\/span><\/span><span class=\"post-navigation__arrow-wrapper post-navigation__arrow-next\"><svg aria-hidden=\"true\" class=\"e-font-icon-svg e-fas-angle-right\" viewBox=\"0 0 256 512\" xmlns=\"http:\/\/www.w3.org\/2000\/svg\"><path d=\"M224.3 273l-136 136c-9.4 9.4-24.6 9.4-33.9 0l-22.6-22.6c-9.4-9.4-9.4-24.6 0-33.9l96.4-96.4-96.4-96.4c-9.4-9.4-9.4-24.6 0-33.9L54.3 103c9.4-9.4 24.6-9.4 33.9 0l136 136c9.5 9.4 9.5 24.6.1 34z\"><\/path><\/svg><span class=\"elementor-screen-only\">Siguiente<\/span><\/span><\/a>\t\t\t<\/div>\n\t\t<\/div>\n\t\t\t\t\t\t<\/div>\n\t\t\t\t<\/div>\n\t\t\t\t\t<\/div>\n\t\t<\/div>\n\t\t\t\t\t<\/div>\n\t\t<\/section>\n\t\t\t\t<\/div>\n\t\t","protected":false},"excerpt":{"rendered":"<p>Mallorca &#8211; Ibiza &#8211; Formentera &#8211; Mallorca en 2 semanas (aprox. 240 millas n\u00e1uticas) Estas vacaciones en yate de dos semanas le llevar\u00e1n al hermoso suroeste de Mallorca, la principal isla de las Baleares. Experimente la sensaci\u00f3n de la mundialmente famosa Ibiza y rel\u00e1jese en las playas de Formentera, el \u00abPeque\u00f1o Caribe\u00bb del Mediterr\u00e1neo. Un [&hellip;]<\/p>\n","protected":false},"author":1,"featured_media":1830,"comment_status":"closed","ping_status":"closed","sticky":false,"template":"","format":"standard","meta":{"footnotes":""},"categories":[33],"tags":[],"class_list":["post-2412","post","type-post","status-publish","format-standard","has-post-thumbnail","hentry","category-cruceros"],"_links":{"self":[{"href":"https:\/\/www.yates-mallorca-charter.de\/es\/wp-json\/wp\/v2\/posts\/2412","targetHints":{"allow":["GET"]}}],"collection":[{"href":"https:\/\/www.yates-mallorca-charter.de\/es\/wp-json\/wp\/v2\/posts"}],"about":[{"href":"https:\/\/www.yates-mallorca-charter.de\/es\/wp-json\/wp\/v2\/types\/post"}],"author":[{"embeddable":true,"href":"https:\/\/www.yates-mallorca-charter.de\/es\/wp-json\/wp\/v2\/users\/1"}],"replies":[{"embeddable":true,"href":"https:\/\/www.yates-mallorca-charter.de\/es\/wp-json\/wp\/v2\/comments?post=2412"}],"version-history":[{"count":1,"href":"https:\/\/www.yates-mallorca-charter.de\/es\/wp-json\/wp\/v2\/posts\/2412\/revisions"}],"predecessor-version":[{"id":2413,"href":"https:\/\/www.yates-mallorca-charter.de\/es\/wp-json\/wp\/v2\/posts\/2412\/revisions\/2413"}],"wp:featuredmedia":[{"embeddable":true,"href":"https:\/\/www.yates-mallorca-charter.de\/es\/wp-json\/wp\/v2\/media\/1830"}],"wp:attachment":[{"href":"https:\/\/www.yates-mallorca-charter.de\/es\/wp-json\/wp\/v2\/media?parent=2412"}],"wp:term":[{"taxonomy":"category","embeddable":true,"href":"https:\/\/www.yates-mallorca-charter.de\/es\/wp-json\/wp\/v2\/categories?post=2412"},{"taxonomy":"post_tag","embeddable":true,"href":"https:\/\/www.yates-mallorca-charter.de\/es\/wp-json\/wp\/v2\/tags?post=2412"}],"curies":[{"name":"wp","href":"https:\/\/api.w.org\/{rel}","templated":true}]}}