{"id":2592,"date":"2024-03-09T09:58:09","date_gmt":"2024-03-09T08:58:09","guid":{"rendered":"https:\/\/www.yates-mallorca-charter.de\/sin-categorizar\/bavaria-c46-abricot-colonia\/"},"modified":"2026-08-07T15:48:11","modified_gmt":"2026-08-07T13:48:11","slug":"bavaria-c46-abricot-colonia","status":"publish","type":"post","link":"https:\/\/www.yates-mallorca-charter.de\/es\/charter-es\/barcos-a-vela\/bavaria-c46-abricot-colonia\/","title":{"rendered":"Bavaria C46 &#8211; \u00abTopaz\u00bb"},"content":{"rendered":"\t\t<div data-elementor-type=\"wp-post\" data-elementor-id=\"2592\" class=\"elementor elementor-2592 elementor-1625\" data-elementor-post-type=\"post\">\n\t\t\t\t\t\t<section class=\"elementor-section elementor-top-section elementor-element elementor-element-57ec4711 elementor-section-boxed elementor-section-height-default elementor-section-height-default\" data-id=\"57ec4711\" data-element_type=\"section\" data-e-type=\"section\" data-settings=\"{&quot;background_background&quot;:&quot;classic&quot;}\">\n\t\t\t\t\t\t<div class=\"elementor-container elementor-column-gap-default\">\n\t\t\t\t\t<div class=\"elementor-column elementor-col-100 elementor-top-column elementor-element elementor-element-c43ca34\" data-id=\"c43ca34\" data-element_type=\"column\" data-e-type=\"column\">\n\t\t\t<div class=\"elementor-widget-wrap elementor-element-populated\">\n\t\t\t\t\t\t<div class=\"elementor-element elementor-element-7f15a36a elementor-widget elementor-widget-heading\" data-id=\"7f15a36a\" data-element_type=\"widget\" data-e-type=\"widget\" data-widget_type=\"heading.default\">\n\t\t\t\t<div class=\"elementor-widget-container\">\n\t\t\t\t\t<h1 class=\"elementor-heading-title elementor-size-default\">Bavaria C46 &#8211; \u00abTopaz\u00bb<\/h1>\t\t\t\t<\/div>\n\t\t\t\t<\/div>\n\t\t\t\t\t<\/div>\n\t\t<\/div>\n\t\t\t\t\t<\/div>\n\t\t<\/section>\n\t\t\t\t<section class=\"elementor-section elementor-top-section elementor-element elementor-element-7206306d elementor-section-boxed elementor-section-height-default elementor-section-height-default\" data-id=\"7206306d\" data-element_type=\"section\" data-e-type=\"section\">\n\t\t\t\t\t\t<div class=\"elementor-container elementor-column-gap-default\">\n\t\t\t\t\t<div class=\"elementor-column elementor-col-50 elementor-top-column elementor-element elementor-element-108d5d58\" data-id=\"108d5d58\" data-element_type=\"column\" data-e-type=\"column\">\n\t\t\t<div class=\"elementor-widget-wrap elementor-element-populated\">\n\t\t\t\t\t\t<div class=\"elementor-element elementor-element-2056be0f elementor-widget elementor-widget-image\" data-id=\"2056be0f\" data-element_type=\"widget\" data-e-type=\"widget\" data-widget_type=\"image.default\">\n\t\t\t\t<div class=\"elementor-widget-container\">\n\t\t\t\t\t\t\t\t\t\t\t\t\t\t\t<img loading=\"lazy\" decoding=\"async\" width=\"768\" height=\"554\" src=\"https:\/\/www.yates-mallorca-charter.de\/wp-content\/uploads\/2024\/12\/Bavaria-C46-Topaz-fahrend-768x554.jpg\" class=\"attachment-medium_large size-medium_large wp-image-4353\" alt=\"Un velero en aguas tranquilas\" srcset=\"https:\/\/www.yates-mallorca-charter.de\/wp-content\/uploads\/2024\/12\/Bavaria-C46-Topaz-fahrend-768x554.jpg 768w, https:\/\/www.yates-mallorca-charter.de\/wp-content\/uploads\/2024\/12\/Bavaria-C46-Topaz-fahrend-300x217.jpg 300w, https:\/\/www.yates-mallorca-charter.de\/wp-content\/uploads\/2024\/12\/Bavaria-C46-Topaz-fahrend.jpg 1024w\" sizes=\"auto, (max-width: 768px) 100vw, 768px\"  title=\"Bavaria C46 - &quot;Topaz&quot;\" \/>\t\t\t\t\t\t\t\t\t\t\t\t\t\t\t<\/div>\n\t\t\t\t<\/div>\n\t\t\t\t\t<\/div>\n\t\t<\/div>\n\t\t\t\t<div class=\"elementor-column elementor-col-50 elementor-top-column elementor-element elementor-element-708be6be\" data-id=\"708be6be\" data-element_type=\"column\" data-e-type=\"column\">\n\t\t\t<div class=\"elementor-widget-wrap elementor-element-populated\">\n\t\t\t\t\t\t<div class=\"elementor-element elementor-element-265368f9 elementor-alert-info elementor-widget elementor-widget-alert\" data-id=\"265368f9\" data-element_type=\"widget\" data-e-type=\"widget\" data-widget_type=\"alert.default\">\n\t\t\t\t<div class=\"elementor-widget-container\">\n\t\t\t\t\t\t\t<div class=\"elementor-alert\" role=\"alert\">\n\n\t\t\t\t\t\t<span class=\"elementor-alert-title\">Destacados<\/span>\n\t\t\t\n\t\t\t\n\t\t\t\n\t\t<\/div>\n\t\t\t\t\t\t<\/div>\n\t\t\t\t<\/div>\n\t\t\t\t<div class=\"elementor-element elementor-element-185ace2c elementor-icon-list--layout-traditional elementor-list-item-link-full_width elementor-widget elementor-widget-icon-list\" data-id=\"185ace2c\" data-element_type=\"widget\" data-e-type=\"widget\" data-widget_type=\"icon-list.default\">\n\t\t\t\t<div class=\"elementor-widget-container\">\n\t\t\t\t\t\t\t<ul class=\"elementor-icon-list-items\">\n\t\t\t\t\t\t\t<li class=\"elementor-icon-list-item\">\n\t\t\t\t\t\t\t\t\t\t\t<span class=\"elementor-icon-list-icon\">\n\t\t\t\t\t\t\t<i aria-hidden=\"true\" class=\"xlio ion-md-checkbox-outline\"><\/i>\t\t\t\t\t\t<\/span>\n\t\t\t\t\t\t\t\t\t\t<span class=\"elementor-icon-list-text\">Cabinas: 4, Literas: 8, Ba\u00f1os: 2<\/span>\n\t\t\t\t\t\t\t\t\t<\/li>\n\t\t\t\t\t\t\t\t<li class=\"elementor-icon-list-item\">\n\t\t\t\t\t\t\t\t\t\t\t<span class=\"elementor-icon-list-icon\">\n\t\t\t\t\t\t\t<i aria-hidden=\"true\" class=\"xlio ion-md-checkbox-outline\"><\/i>\t\t\t\t\t\t<\/span>\n\t\t\t\t\t\t\t\t\t\t<span class=\"elementor-icon-list-text\">vela mayor enrollable, g\u00e9nova enrollable<\/span>\n\t\t\t\t\t\t\t\t\t<\/li>\n\t\t\t\t\t\t\t\t<li class=\"elementor-icon-list-item\">\n\t\t\t\t\t\t\t\t\t\t\t<span class=\"elementor-icon-list-icon\">\n\t\t\t\t\t\t\t<i aria-hidden=\"true\" class=\"xlio ion-md-checkbox-outline\"><\/i>\t\t\t\t\t\t<\/span>\n\t\t\t\t\t\t\t\t\t\t<span class=\"elementor-icon-list-text\">Molinetes de escota en el tim\u00f3n<\/span>\n\t\t\t\t\t\t\t\t\t<\/li>\n\t\t\t\t\t\t\t\t<li class=\"elementor-icon-list-item\">\n\t\t\t\t\t\t\t\t\t\t\t<span class=\"elementor-icon-list-icon\">\n\t\t\t\t\t\t\t<i aria-hidden=\"true\" class=\"xlio ion-md-checkbox-outline\"><\/i>\t\t\t\t\t\t<\/span>\n\t\t\t\t\t\t\t\t\t\t<span class=\"elementor-icon-list-text\">H\u00e9lice de proa<\/span>\n\t\t\t\t\t\t\t\t\t<\/li>\n\t\t\t\t\t\t\t\t<li class=\"elementor-icon-list-item\">\n\t\t\t\t\t\t\t\t\t\t\t<span class=\"elementor-icon-list-icon\">\n\t\t\t\t\t\t\t<i aria-hidden=\"true\" class=\"xlio ion-md-checkbox-outline\"><\/i>\t\t\t\t\t\t<\/span>\n\t\t\t\t\t\t\t\t\t\t<span class=\"elementor-icon-list-text\">mesas de ba\u00f1era abatibles en tumbona<\/span>\n\t\t\t\t\t\t\t\t\t<\/li>\n\t\t\t\t\t\t\t\t<li class=\"elementor-icon-list-item\">\n\t\t\t\t\t\t\t\t\t\t\t<span class=\"elementor-icon-list-icon\">\n\t\t\t\t\t\t\t<i aria-hidden=\"true\" class=\"xlio ion-md-checkbox-outline\"><\/i>\t\t\t\t\t\t<\/span>\n\t\t\t\t\t\t\t\t\t\t<span class=\"elementor-icon-list-text\">barbacoa en popa, nevera en popa<\/span>\n\t\t\t\t\t\t\t\t\t<\/li>\n\t\t\t\t\t\t\t\t<li class=\"elementor-icon-list-item\">\n\t\t\t\t\t\t\t\t\t\t\t<span class=\"elementor-icon-list-icon\">\n\t\t\t\t\t\t\t<i aria-hidden=\"true\" class=\"xlio ion-md-checkbox-outline\"><\/i>\t\t\t\t\t\t<\/span>\n\t\t\t\t\t\t\t\t\t\t<span class=\"elementor-icon-list-text\">Cubierta de teca y mucho m\u00e1s.<\/span>\n\t\t\t\t\t\t\t\t\t<\/li>\n\t\t\t\t\t\t<\/ul>\n\t\t\t\t\t\t<\/div>\n\t\t\t\t<\/div>\n\t\t\t\t<div class=\"elementor-element elementor-element-2e6d2d8b elementor-align-center elementor-widget elementor-widget-button\" data-id=\"2e6d2d8b\" data-element_type=\"widget\" data-e-type=\"widget\" data-widget_type=\"button.default\">\n\t\t\t\t<div class=\"elementor-widget-container\">\n\t\t\t\t\t\t\t\t\t<div class=\"elementor-button-wrapper\">\n\t\t\t\t\t<a class=\"elementor-button elementor-button-link elementor-size-sm\" href=\"#termine\">\n\t\t\t\t\t\t<span class=\"elementor-button-content-wrapper\">\n\t\t\t\t\t\t\t\t\t<span class=\"elementor-button-text\">Datos t\u00e9cnicos - Fechas disponibles<\/span>\n\t\t\t\t\t<\/span>\n\t\t\t\t\t<\/a>\n\t\t\t\t<\/div>\n\t\t\t\t\t\t\t\t<\/div>\n\t\t\t\t<\/div>\n\t\t\t\t\t<\/div>\n\t\t<\/div>\n\t\t\t\t\t<\/div>\n\t\t<\/section>\n\t\t\t\t<section class=\"elementor-section elementor-top-section elementor-element elementor-element-635905e7 elementor-section-boxed elementor-section-height-default elementor-section-height-default\" data-id=\"635905e7\" data-element_type=\"section\" data-e-type=\"section\">\n\t\t\t\t\t\t<div class=\"elementor-container elementor-column-gap-default\">\n\t\t\t\t\t<div class=\"elementor-column elementor-col-100 elementor-top-column elementor-element elementor-element-789c1ccf\" data-id=\"789c1ccf\" data-element_type=\"column\" data-e-type=\"column\">\n\t\t\t<div class=\"elementor-widget-wrap elementor-element-populated\">\n\t\t\t\t\t\t<div class=\"elementor-element elementor-element-60d3ecb0 elementor-widget elementor-widget-heading\" data-id=\"60d3ecb0\" data-element_type=\"widget\" data-e-type=\"widget\" data-widget_type=\"heading.default\">\n\t\t\t\t<div class=\"elementor-widget-container\">\n\t\t\t\t\t<h2 class=\"elementor-heading-title elementor-size-default\">Descripci\u00f3n<\/h2>\t\t\t\t<\/div>\n\t\t\t\t<\/div>\n\t\t\t\t\t<\/div>\n\t\t<\/div>\n\t\t\t\t\t<\/div>\n\t\t<\/section>\n\t\t\t\t<section class=\"elementor-section elementor-top-section elementor-element elementor-element-38833305 elementor-section-boxed elementor-section-height-default elementor-section-height-default\" data-id=\"38833305\" data-element_type=\"section\" data-e-type=\"section\">\n\t\t\t\t\t\t<div class=\"elementor-container elementor-column-gap-default\">\n\t\t\t\t\t<div class=\"elementor-column elementor-col-100 elementor-top-column elementor-element elementor-element-6b3983a1\" data-id=\"6b3983a1\" data-element_type=\"column\" data-e-type=\"column\">\n\t\t\t<div class=\"elementor-widget-wrap elementor-element-populated\">\n\t\t\t\t\t\t<div class=\"elementor-element elementor-element-2dd33b2a elementor-widget elementor-widget-text-editor\" data-id=\"2dd33b2a\" data-element_type=\"widget\" data-e-type=\"widget\" data-widget_type=\"text-editor.default\">\n\t\t\t\t<div class=\"elementor-widget-container\">\n\t\t\t\t\t\t\t\t\t<p>Descubra la incomparable belleza de Mallorca en nuestro nuevo yate de alquiler Bavaria C46.<br><br>Con su elegante dise\u00f1o, su lujoso interior y sus impresionantes prestaciones, este yate es la elecci\u00f3n perfecta para sus pr\u00f3ximas vacaciones en el mar. El nuevo Bavaria C46 ofrece espacio para hasta 8 invitados de alquiler y cuenta con tres camarotes dobles y un camarote con literas. El sal\u00f3n es espacioso y tambi\u00e9n alberga la cocina totalmente equipada. El dise\u00f1o moderno y los materiales de alta calidad crean un ambiente lujoso en el que se sentir\u00e1 inmediatamente como en casa.   <br><br>Disfrute de las comidas juntos en el comedor de la ba\u00f1era o rel\u00e1jese en las tumbonas de la cubierta mientras saborea las impresionantes vistas de las aguas turquesas y la pintoresca costa de Mallorca.<\/p><p>El Bavaria C46 est\u00e1 equipado con la \u00faltima tecnolog\u00eda para ofrecerle una experiencia inolvidable en el agua. Con su potente motor y su direcci\u00f3n precisa, podr\u00e1s deslizarte sin esfuerzo por las olas. <\/p><p>Equipamiento: m\u00e1stil enrollable, g\u00e9nova enrollable, molinetes de escota en el tim\u00f3n, h\u00e9lice de proa, mesas de ba\u00f1era abatibles para formar un sol\u00e1rium, barbacoa en popa, nevera port\u00e1til en popa, cubierta de teca, inversor grande de 2.500 W<\/p><p>Descubra las numerosas calas y playas de Mallorca, Ibiza, Formentera o Menorca y disfrute de la libertad y el servicio que s\u00f3lo un alquiler de yates puede ofrecer.<\/p>\t\t\t\t\t\t\t\t<\/div>\n\t\t\t\t<\/div>\n\t\t\t\t\t<\/div>\n\t\t<\/div>\n\t\t\t\t\t<\/div>\n\t\t<\/section>\n\t\t\t\t<section class=\"elementor-section elementor-top-section elementor-element elementor-element-6ded4848 elementor-section-boxed elementor-section-height-default elementor-section-height-default\" data-id=\"6ded4848\" data-element_type=\"section\" data-e-type=\"section\">\n\t\t\t\t\t\t<div class=\"elementor-container elementor-column-gap-default\">\n\t\t\t\t\t<div class=\"elementor-column elementor-col-100 elementor-top-column elementor-element elementor-element-27869c0c\" data-id=\"27869c0c\" data-element_type=\"column\" data-e-type=\"column\">\n\t\t\t<div class=\"elementor-widget-wrap elementor-element-populated\">\n\t\t\t\t\t\t<div class=\"elementor-element elementor-element-5a3ab6dc elementor-widget elementor-widget-heading\" data-id=\"5a3ab6dc\" data-element_type=\"widget\" data-e-type=\"widget\" data-widget_type=\"heading.default\">\n\t\t\t\t<div class=\"elementor-widget-container\">\n\t\t\t\t\t<h3 class=\"elementor-heading-title elementor-size-default\">EXTERIOR<\/h3>\t\t\t\t<\/div>\n\t\t\t\t<\/div>\n\t\t\t\t\t<\/div>\n\t\t<\/div>\n\t\t\t\t\t<\/div>\n\t\t<\/section>\n\t\t\t\t<section class=\"elementor-section elementor-top-section elementor-element elementor-element-72996309 elementor-section-boxed elementor-section-height-default elementor-section-height-default\" data-id=\"72996309\" data-element_type=\"section\" data-e-type=\"section\">\n\t\t\t\t\t\t<div class=\"elementor-container elementor-column-gap-default\">\n\t\t\t\t\t<div class=\"elementor-column elementor-col-100 elementor-top-column elementor-element elementor-element-1a5cbe02\" data-id=\"1a5cbe02\" data-element_type=\"column\" data-e-type=\"column\">\n\t\t\t<div class=\"elementor-widget-wrap elementor-element-populated\">\n\t\t\t\t\t\t<div class=\"elementor-element elementor-element-c766d5d elementor-widget elementor-widget-gallery\" data-id=\"c766d5d\" data-element_type=\"widget\" data-e-type=\"widget\" data-settings=\"{&quot;lazyload&quot;:&quot;yes&quot;,&quot;gallery_layout&quot;:&quot;grid&quot;,&quot;columns&quot;:4,&quot;columns_tablet&quot;:2,&quot;columns_mobile&quot;:1,&quot;gap&quot;:{&quot;unit&quot;:&quot;px&quot;,&quot;size&quot;:10,&quot;sizes&quot;:[]},&quot;gap_tablet&quot;:{&quot;unit&quot;:&quot;px&quot;,&quot;size&quot;:10,&quot;sizes&quot;:[]},&quot;gap_mobile&quot;:{&quot;unit&quot;:&quot;px&quot;,&quot;size&quot;:10,&quot;sizes&quot;:[]},&quot;link_to&quot;:&quot;file&quot;,&quot;aspect_ratio&quot;:&quot;3:2&quot;,&quot;overlay_background&quot;:&quot;yes&quot;,&quot;content_hover_animation&quot;:&quot;fade-in&quot;}\" data-widget_type=\"gallery.default\">\n\t\t\t\t<div class=\"elementor-widget-container\">\n\t\t\t\t\t\t\t<div class=\"elementor-gallery__container\">\n\t\t\t\t\t\t\t<a class=\"e-gallery-item elementor-gallery-item elementor-animated-content\" href=\"https:\/\/www.yates-mallorca-charter.de\/wp-content\/uploads\/2024\/11\/Bavaria-C46-Topaz-Cockpit-gesant.jpg\" data-elementor-open-lightbox=\"yes\" data-elementor-lightbox-slideshow=\"c766d5d\" data-elementor-lightbox-title=\"Bavaria C46 Topaz: vista general de la cabina\" data-e-action-hash=\"#elementor-action%3Aaction%3Dlightbox%26settings%3DeyJpZCI6NDI3NCwidXJsIjoiaHR0cHM6XC9cL3d3dy55YXRlcy1tYWxsb3JjYS1jaGFydGVyLmRlXC93cC1jb250ZW50XC91cGxvYWRzXC8yMDI0XC8xMVwvQmF2YXJpYS1DNDYtVG9wYXotQ29ja3BpdC1nZXNhbnQuanBnIiwic2xpZGVzaG93IjoiYzc2NmQ1ZCJ9\">\n\t\t\t\t\t<div class=\"e-gallery-image elementor-gallery-item__image\" data-thumbnail=\"https:\/\/www.yates-mallorca-charter.de\/wp-content\/uploads\/2024\/11\/Bavaria-C46-Topaz-Cockpit-gesant-768x576.jpg\" data-width=\"768\" data-height=\"576\" aria-label=\"Un velero en el embarcadero\" role=\"img\" ><\/div>\n\t\t\t\t\t\t\t\t\t\t\t<div class=\"elementor-gallery-item__overlay\"><\/div>\n\t\t\t\t\t\t\t\t\t\t\t\t\t\t<\/a>\n\t\t\t\t\t\t\t<a class=\"e-gallery-item elementor-gallery-item elementor-animated-content\" href=\"https:\/\/www.yates-mallorca-charter.de\/wp-content\/uploads\/2024\/11\/Bavaria-C46-Topaz-Cockpit-Durchgang.jpg\" data-elementor-open-lightbox=\"yes\" data-elementor-lightbox-slideshow=\"c766d5d\" data-elementor-lightbox-title=\"Pasillo de la cabina del Bavaria C46 Topaz\" data-e-action-hash=\"#elementor-action%3Aaction%3Dlightbox%26settings%3DeyJpZCI6NDI3MSwidXJsIjoiaHR0cHM6XC9cL3d3dy55YXRlcy1tYWxsb3JjYS1jaGFydGVyLmRlXC93cC1jb250ZW50XC91cGxvYWRzXC8yMDI0XC8xMVwvQmF2YXJpYS1DNDYtVG9wYXotQ29ja3BpdC1EdXJjaGdhbmcuanBnIiwic2xpZGVzaG93IjoiYzc2NmQ1ZCJ9\">\n\t\t\t\t\t<div class=\"e-gallery-image elementor-gallery-item__image\" data-thumbnail=\"https:\/\/www.yates-mallorca-charter.de\/wp-content\/uploads\/2024\/11\/Bavaria-C46-Topaz-Cockpit-Durchgang-768x576.jpg\" data-width=\"768\" data-height=\"576\" aria-label=\"Interiores de yates de lujo\" role=\"img\" ><\/div>\n\t\t\t\t\t\t\t\t\t\t\t<div class=\"elementor-gallery-item__overlay\"><\/div>\n\t\t\t\t\t\t\t\t\t\t\t\t\t\t<\/a>\n\t\t\t\t\t\t\t<a class=\"e-gallery-item elementor-gallery-item elementor-animated-content\" href=\"https:\/\/www.yates-mallorca-charter.de\/wp-content\/uploads\/2024\/11\/Bavaria-C46-Topaz-Heck-seitlich.jpg\" data-elementor-open-lightbox=\"yes\" data-elementor-lightbox-slideshow=\"c766d5d\" data-elementor-lightbox-title=\"Bavaria C46 Topaz: vista lateral de la popa\" data-e-action-hash=\"#elementor-action%3Aaction%3Dlightbox%26settings%3DeyJpZCI6NDI5OCwidXJsIjoiaHR0cHM6XC9cL3d3dy55YXRlcy1tYWxsb3JjYS1jaGFydGVyLmRlXC93cC1jb250ZW50XC91cGxvYWRzXC8yMDI0XC8xMVwvQmF2YXJpYS1DNDYtVG9wYXotSGVjay1zZWl0bGljaC5qcGciLCJzbGlkZXNob3ciOiJjNzY2ZDVkIn0%3D\">\n\t\t\t\t\t<div class=\"e-gallery-image elementor-gallery-item__image\" data-thumbnail=\"https:\/\/www.yates-mallorca-charter.de\/wp-content\/uploads\/2024\/11\/Bavaria-C46-Topaz-Heck-seitlich-768x576.jpg\" data-width=\"768\" data-height=\"576\" aria-label=\"Un velero en el puerto\" role=\"img\" ><\/div>\n\t\t\t\t\t\t\t\t\t\t\t<div class=\"elementor-gallery-item__overlay\"><\/div>\n\t\t\t\t\t\t\t\t\t\t\t\t\t\t<\/a>\n\t\t\t\t\t\t\t<a class=\"e-gallery-item elementor-gallery-item elementor-animated-content\" href=\"https:\/\/www.yates-mallorca-charter.de\/wp-content\/uploads\/2024\/11\/Bavaria-C46-Topaz-Deck.jpg\" data-elementor-open-lightbox=\"yes\" data-elementor-lightbox-slideshow=\"c766d5d\" data-elementor-lightbox-title=\"Cubierta del Bavaria C46 Topaz\" data-e-action-hash=\"#elementor-action%3Aaction%3Dlightbox%26settings%3DeyJpZCI6NDI3NywidXJsIjoiaHR0cHM6XC9cL3d3dy55YXRlcy1tYWxsb3JjYS1jaGFydGVyLmRlXC93cC1jb250ZW50XC91cGxvYWRzXC8yMDI0XC8xMVwvQmF2YXJpYS1DNDYtVG9wYXotRGVjay5qcGciLCJzbGlkZXNob3ciOiJjNzY2ZDVkIn0%3D\">\n\t\t\t\t\t<div class=\"e-gallery-image elementor-gallery-item__image\" data-thumbnail=\"https:\/\/www.yates-mallorca-charter.de\/wp-content\/uploads\/2024\/11\/Bavaria-C46-Topaz-Deck-768x576.jpg\" data-width=\"768\" data-height=\"576\" aria-label=\"Cabina de un velero con capota\" role=\"img\" ><\/div>\n\t\t\t\t\t\t\t\t\t\t\t<div class=\"elementor-gallery-item__overlay\"><\/div>\n\t\t\t\t\t\t\t\t\t\t\t\t\t\t<\/a>\n\t\t\t\t\t\t\t<a class=\"e-gallery-item elementor-gallery-item elementor-animated-content\" href=\"https:\/\/www.yates-mallorca-charter.de\/wp-content\/uploads\/2024\/11\/Bavaria-C46-Topaz-Deck-2.jpg\" data-elementor-open-lightbox=\"yes\" data-elementor-lightbox-slideshow=\"c766d5d\" data-elementor-lightbox-title=\"Bavaria-C46-Topaz-Cubierta-2\" data-e-action-hash=\"#elementor-action%3Aaction%3Dlightbox%26settings%3DeyJpZCI6NDI4MCwidXJsIjoiaHR0cHM6XC9cL3d3dy55YXRlcy1tYWxsb3JjYS1jaGFydGVyLmRlXC93cC1jb250ZW50XC91cGxvYWRzXC8yMDI0XC8xMVwvQmF2YXJpYS1DNDYtVG9wYXotRGVjay0yLmpwZyIsInNsaWRlc2hvdyI6ImM3NjZkNWQifQ%3D%3D\">\n\t\t\t\t\t<div class=\"e-gallery-image elementor-gallery-item__image\" data-thumbnail=\"https:\/\/www.yates-mallorca-charter.de\/wp-content\/uploads\/2024\/11\/Bavaria-C46-Topaz-Deck-2-768x576.jpg\" data-width=\"768\" data-height=\"576\" aria-label=\"Detalle de la cubierta de un yate\" role=\"img\" ><\/div>\n\t\t\t\t\t\t\t\t\t\t\t<div class=\"elementor-gallery-item__overlay\"><\/div>\n\t\t\t\t\t\t\t\t\t\t\t\t\t\t<\/a>\n\t\t\t\t\t\t\t<a class=\"e-gallery-item elementor-gallery-item elementor-animated-content\" href=\"https:\/\/www.yates-mallorca-charter.de\/wp-content\/uploads\/2024\/11\/Bavaria-C46-Topaz-Deck-Dinghy.jpg\" data-elementor-open-lightbox=\"yes\" data-elementor-lightbox-slideshow=\"c766d5d\" data-elementor-lightbox-title=\"Bavaria C46 Topaz Deck Dinghy\" data-e-action-hash=\"#elementor-action%3Aaction%3Dlightbox%26settings%3DeyJpZCI6NDI4MywidXJsIjoiaHR0cHM6XC9cL3d3dy55YXRlcy1tYWxsb3JjYS1jaGFydGVyLmRlXC93cC1jb250ZW50XC91cGxvYWRzXC8yMDI0XC8xMVwvQmF2YXJpYS1DNDYtVG9wYXotRGVjay1EaW5naHkuanBnIiwic2xpZGVzaG93IjoiYzc2NmQ1ZCJ9\">\n\t\t\t\t\t<div class=\"e-gallery-image elementor-gallery-item__image\" data-thumbnail=\"https:\/\/www.yates-mallorca-charter.de\/wp-content\/uploads\/2024\/11\/Bavaria-C46-Topaz-Deck-Dinghy-768x576.jpg\" data-width=\"768\" data-height=\"576\" aria-label=\"Un barco dentro de otro barco\" role=\"img\" ><\/div>\n\t\t\t\t\t\t\t\t\t\t\t<div class=\"elementor-gallery-item__overlay\"><\/div>\n\t\t\t\t\t\t\t\t\t\t\t\t\t\t<\/a>\n\t\t\t\t\t\t\t<a class=\"e-gallery-item elementor-gallery-item elementor-animated-content\" href=\"https:\/\/www.yates-mallorca-charter.de\/wp-content\/uploads\/2024\/11\/Bavaria-C46-Topaz-Cockpit-2.jpg\" data-elementor-open-lightbox=\"yes\" data-elementor-lightbox-slideshow=\"c766d5d\" data-elementor-lightbox-title=\"Bavaria-C46-Topaz-Cabina-2\" data-e-action-hash=\"#elementor-action%3Aaction%3Dlightbox%26settings%3DeyJpZCI6NDI2OCwidXJsIjoiaHR0cHM6XC9cL3d3dy55YXRlcy1tYWxsb3JjYS1jaGFydGVyLmRlXC93cC1jb250ZW50XC91cGxvYWRzXC8yMDI0XC8xMVwvQmF2YXJpYS1DNDYtVG9wYXotQ29ja3BpdC0yLmpwZyIsInNsaWRlc2hvdyI6ImM3NjZkNWQifQ%3D%3D\">\n\t\t\t\t\t<div class=\"e-gallery-image elementor-gallery-item__image\" data-thumbnail=\"https:\/\/www.yates-mallorca-charter.de\/wp-content\/uploads\/2024\/11\/Bavaria-C46-Topaz-Cockpit-2-768x576.jpg\" data-width=\"768\" data-height=\"576\" aria-label=\"Cabina de un velero con rueda de tim\u00f3n\" role=\"img\" ><\/div>\n\t\t\t\t\t\t\t\t\t\t\t<div class=\"elementor-gallery-item__overlay\"><\/div>\n\t\t\t\t\t\t\t\t\t\t\t\t\t\t<\/a>\n\t\t\t\t\t\t\t<a class=\"e-gallery-item elementor-gallery-item elementor-animated-content\" href=\"https:\/\/www.yates-mallorca-charter.de\/wp-content\/uploads\/2024\/11\/Bavaria-C46-Topaz-Bug.jpg\" data-elementor-open-lightbox=\"yes\" data-elementor-lightbox-slideshow=\"c766d5d\" data-elementor-lightbox-title=\"Proa del Bavaria C46 Topaz\" data-e-action-hash=\"#elementor-action%3Aaction%3Dlightbox%26settings%3DeyJpZCI6NDI2NSwidXJsIjoiaHR0cHM6XC9cL3d3dy55YXRlcy1tYWxsb3JjYS1jaGFydGVyLmRlXC93cC1jb250ZW50XC91cGxvYWRzXC8yMDI0XC8xMVwvQmF2YXJpYS1DNDYtVG9wYXotQnVnLmpwZyIsInNsaWRlc2hvdyI6ImM3NjZkNWQifQ%3D%3D\">\n\t\t\t\t\t<div class=\"e-gallery-image elementor-gallery-item__image\" data-thumbnail=\"https:\/\/www.yates-mallorca-charter.de\/wp-content\/uploads\/2024\/11\/Bavaria-C46-Topaz-Bug-768x576.jpg\" data-width=\"768\" data-height=\"576\" aria-label=\"Cubierta de la embarcaci\u00f3n con revestimiento de madera\" role=\"img\" ><\/div>\n\t\t\t\t\t\t\t\t\t\t\t<div class=\"elementor-gallery-item__overlay\"><\/div>\n\t\t\t\t\t\t\t\t\t\t\t\t\t\t<\/a>\n\t\t\t\t\t\t\t<a class=\"e-gallery-item elementor-gallery-item elementor-animated-content\" href=\"https:\/\/www.yates-mallorca-charter.de\/wp-content\/uploads\/2024\/11\/Bavaria-C46-Topaz-Grill.jpg\" data-elementor-open-lightbox=\"yes\" data-elementor-lightbox-slideshow=\"c766d5d\" data-elementor-lightbox-title=\"Barbacoa Bavaria C46 Topaz\" data-e-action-hash=\"#elementor-action%3Aaction%3Dlightbox%26settings%3DeyJpZCI6NDI5MiwidXJsIjoiaHR0cHM6XC9cL3d3dy55YXRlcy1tYWxsb3JjYS1jaGFydGVyLmRlXC93cC1jb250ZW50XC91cGxvYWRzXC8yMDI0XC8xMVwvQmF2YXJpYS1DNDYtVG9wYXotR3JpbGwuanBnIiwic2xpZGVzaG93IjoiYzc2NmQ1ZCJ9\">\n\t\t\t\t\t<div class=\"e-gallery-image elementor-gallery-item__image\" data-thumbnail=\"https:\/\/www.yates-mallorca-charter.de\/wp-content\/uploads\/2024\/11\/Bavaria-C46-Topaz-Grill-768x576.jpg\" data-width=\"768\" data-height=\"576\" aria-label=\"Barbacoa para barco con tapa\" role=\"img\" ><\/div>\n\t\t\t\t\t\t\t\t\t\t\t<div class=\"elementor-gallery-item__overlay\"><\/div>\n\t\t\t\t\t\t\t\t\t\t\t\t\t\t<\/a>\n\t\t\t\t\t\t\t<a class=\"e-gallery-item elementor-gallery-item elementor-animated-content\" href=\"https:\/\/www.yates-mallorca-charter.de\/wp-content\/uploads\/2024\/11\/Bavaria-C46-Topaz-Kuehlfach-aussen.jpg\" data-elementor-open-lightbox=\"yes\" data-elementor-lightbox-slideshow=\"c766d5d\" data-elementor-lightbox-title=\"Compartimento frigor\u00edfico exterior Bavaria C46 Topaz\" data-e-action-hash=\"#elementor-action%3Aaction%3Dlightbox%26settings%3DeyJpZCI6NDMxMywidXJsIjoiaHR0cHM6XC9cL3d3dy55YXRlcy1tYWxsb3JjYS1jaGFydGVyLmRlXC93cC1jb250ZW50XC91cGxvYWRzXC8yMDI0XC8xMVwvQmF2YXJpYS1DNDYtVG9wYXotS3VlaGxmYWNoLWF1c3Nlbi5qcGciLCJzbGlkZXNob3ciOiJjNzY2ZDVkIn0%3D\">\n\t\t\t\t\t<div class=\"e-gallery-image elementor-gallery-item__image\" data-thumbnail=\"https:\/\/www.yates-mallorca-charter.de\/wp-content\/uploads\/2024\/11\/Bavaria-C46-Topaz-Kuehlfach-aussen-768x576.jpg\" data-width=\"768\" data-height=\"576\" aria-label=\"Nevera para barco con cesta\" role=\"img\" ><\/div>\n\t\t\t\t\t\t\t\t\t\t\t<div class=\"elementor-gallery-item__overlay\"><\/div>\n\t\t\t\t\t\t\t\t\t\t\t\t\t\t<\/a>\n\t\t\t\t\t\t\t<a class=\"e-gallery-item elementor-gallery-item elementor-animated-content\" href=\"https:\/\/www.yates-mallorca-charter.de\/wp-content\/uploads\/2024\/11\/Bavaria-C46-Topaz-Steuer-bb.jpg\" data-elementor-open-lightbox=\"yes\" data-elementor-lightbox-slideshow=\"c766d5d\" data-elementor-lightbox-title=\"Bavaria-C46-Topaz-Steuer-bb\" data-e-action-hash=\"#elementor-action%3Aaction%3Dlightbox%26settings%3DeyJpZCI6NDMzNywidXJsIjoiaHR0cHM6XC9cL3d3dy55YXRlcy1tYWxsb3JjYS1jaGFydGVyLmRlXC93cC1jb250ZW50XC91cGxvYWRzXC8yMDI0XC8xMVwvQmF2YXJpYS1DNDYtVG9wYXotU3RldWVyLWJiLmpwZyIsInNsaWRlc2hvdyI6ImM3NjZkNWQifQ%3D%3D\">\n\t\t\t\t\t<div class=\"e-gallery-image elementor-gallery-item__image\" data-thumbnail=\"https:\/\/www.yates-mallorca-charter.de\/wp-content\/uploads\/2024\/11\/Bavaria-C46-Topaz-Steuer-bb-768x576.jpg\" data-width=\"768\" data-height=\"576\" aria-label=\"Tim\u00f3n de un velero\" role=\"img\" ><\/div>\n\t\t\t\t\t\t\t\t\t\t\t<div class=\"elementor-gallery-item__overlay\"><\/div>\n\t\t\t\t\t\t\t\t\t\t\t\t\t\t<\/a>\n\t\t\t\t\t\t\t<a class=\"e-gallery-item elementor-gallery-item elementor-animated-content\" href=\"https:\/\/www.yates-mallorca-charter.de\/wp-content\/uploads\/2024\/11\/Bavaria-C46-Topaz-Steuerstand-Stb.jpg\" data-elementor-open-lightbox=\"yes\" data-elementor-lightbox-slideshow=\"c766d5d\" data-elementor-lightbox-title=\"Bavaria C46 Topaz - Puesto de mando - Estribordo\" data-e-action-hash=\"#elementor-action%3Aaction%3Dlightbox%26settings%3DeyJpZCI6NDM0MCwidXJsIjoiaHR0cHM6XC9cL3d3dy55YXRlcy1tYWxsb3JjYS1jaGFydGVyLmRlXC93cC1jb250ZW50XC91cGxvYWRzXC8yMDI0XC8xMVwvQmF2YXJpYS1DNDYtVG9wYXotU3RldWVyc3RhbmQtU3RiLmpwZyIsInNsaWRlc2hvdyI6ImM3NjZkNWQifQ%3D%3D\">\n\t\t\t\t\t<div class=\"e-gallery-image elementor-gallery-item__image\" data-thumbnail=\"https:\/\/www.yates-mallorca-charter.de\/wp-content\/uploads\/2024\/11\/Bavaria-C46-Topaz-Steuerstand-Stb-768x576.jpg\" data-width=\"768\" data-height=\"576\" aria-label=\"Tim\u00f3n de un velero\" role=\"img\" ><\/div>\n\t\t\t\t\t\t\t\t\t\t\t<div class=\"elementor-gallery-item__overlay\"><\/div>\n\t\t\t\t\t\t\t\t\t\t\t\t\t\t<\/a>\n\t\t\t\t\t\t\t<a class=\"e-gallery-item elementor-gallery-item elementor-animated-content\" href=\"https:\/\/www.yates-mallorca-charter.de\/wp-content\/uploads\/2024\/11\/Bavaria-C46-Topaz-Plotter-Stb.jpg\" data-elementor-open-lightbox=\"yes\" data-elementor-lightbox-slideshow=\"c766d5d\" data-elementor-lightbox-title=\"Bavaria-C46-Topaz-Plotter-Stb\" data-e-action-hash=\"#elementor-action%3Aaction%3Dlightbox%26settings%3DeyJpZCI6NDMyNSwidXJsIjoiaHR0cHM6XC9cL3d3dy55YXRlcy1tYWxsb3JjYS1jaGFydGVyLmRlXC93cC1jb250ZW50XC91cGxvYWRzXC8yMDI0XC8xMVwvQmF2YXJpYS1DNDYtVG9wYXotUGxvdHRlci1TdGIuanBnIiwic2xpZGVzaG93IjoiYzc2NmQ1ZCJ9\">\n\t\t\t\t\t<div class=\"e-gallery-image elementor-gallery-item__image\" data-thumbnail=\"https:\/\/www.yates-mallorca-charter.de\/wp-content\/uploads\/2024\/11\/Bavaria-C46-Topaz-Plotter-Stb-768x576.jpg\" data-width=\"768\" data-height=\"576\" aria-label=\"Sistema de control de la embarcaci\u00f3n con pantalla grande\" role=\"img\" ><\/div>\n\t\t\t\t\t\t\t\t\t\t\t<div class=\"elementor-gallery-item__overlay\"><\/div>\n\t\t\t\t\t\t\t\t\t\t\t\t\t\t<\/a>\n\t\t\t\t\t\t\t<a class=\"e-gallery-item elementor-gallery-item elementor-animated-content\" href=\"https:\/\/www.yates-mallorca-charter.de\/wp-content\/uploads\/2024\/11\/Bavaria-C46-Topaz-Plotter-BB.jpg\" data-elementor-open-lightbox=\"yes\" data-elementor-lightbox-slideshow=\"c766d5d\" data-elementor-lightbox-title=\"Bavaria-C46-Topaz-Plotter-BB\" data-e-action-hash=\"#elementor-action%3Aaction%3Dlightbox%26settings%3DeyJpZCI6NDMyMiwidXJsIjoiaHR0cHM6XC9cL3d3dy55YXRlcy1tYWxsb3JjYS1jaGFydGVyLmRlXC93cC1jb250ZW50XC91cGxvYWRzXC8yMDI0XC8xMVwvQmF2YXJpYS1DNDYtVG9wYXotUGxvdHRlci1CQi5qcGciLCJzbGlkZXNob3ciOiJjNzY2ZDVkIn0%3D\">\n\t\t\t\t\t<div class=\"e-gallery-image elementor-gallery-item__image\" data-thumbnail=\"https:\/\/www.yates-mallorca-charter.de\/wp-content\/uploads\/2024\/11\/Bavaria-C46-Topaz-Plotter-BB-768x576.jpg\" data-width=\"768\" data-height=\"576\" aria-label=\"Pantalla de barco con navegaci\u00f3n\" role=\"img\" ><\/div>\n\t\t\t\t\t\t\t\t\t\t\t<div class=\"elementor-gallery-item__overlay\"><\/div>\n\t\t\t\t\t\t\t\t\t\t\t\t\t\t<\/a>\n\t\t\t\t\t<\/div>\n\t\t\t\t\t<\/div>\n\t\t\t\t<\/div>\n\t\t\t\t\t<\/div>\n\t\t<\/div>\n\t\t\t\t\t<\/div>\n\t\t<\/section>\n\t\t\t\t<section class=\"elementor-section elementor-top-section elementor-element elementor-element-71d8942c elementor-section-boxed elementor-section-height-default elementor-section-height-default\" data-id=\"71d8942c\" data-element_type=\"section\" data-e-type=\"section\">\n\t\t\t\t\t\t<div class=\"elementor-container elementor-column-gap-default\">\n\t\t\t\t\t<div class=\"elementor-column elementor-col-100 elementor-top-column elementor-element elementor-element-29487fd5\" data-id=\"29487fd5\" data-element_type=\"column\" data-e-type=\"column\">\n\t\t\t<div class=\"elementor-widget-wrap elementor-element-populated\">\n\t\t\t\t\t\t<div class=\"elementor-element elementor-element-22dd5f6a elementor-widget elementor-widget-heading\" data-id=\"22dd5f6a\" data-element_type=\"widget\" data-e-type=\"widget\" data-widget_type=\"heading.default\">\n\t\t\t\t<div class=\"elementor-widget-container\">\n\t\t\t\t\t<h3 class=\"elementor-heading-title elementor-size-default\">INTERIOR<\/h3>\t\t\t\t<\/div>\n\t\t\t\t<\/div>\n\t\t\t\t\t<\/div>\n\t\t<\/div>\n\t\t\t\t\t<\/div>\n\t\t<\/section>\n\t\t\t\t<section class=\"elementor-section elementor-top-section elementor-element elementor-element-199ffca2 elementor-section-boxed elementor-section-height-default elementor-section-height-default\" data-id=\"199ffca2\" data-element_type=\"section\" data-e-type=\"section\">\n\t\t\t\t\t\t<div class=\"elementor-container elementor-column-gap-default\">\n\t\t\t\t\t<div class=\"elementor-column elementor-col-100 elementor-top-column elementor-element elementor-element-36833bd4\" data-id=\"36833bd4\" data-element_type=\"column\" data-e-type=\"column\">\n\t\t\t<div class=\"elementor-widget-wrap elementor-element-populated\">\n\t\t\t\t\t\t<div class=\"elementor-element elementor-element-6e3098c5 elementor-widget elementor-widget-gallery\" data-id=\"6e3098c5\" data-element_type=\"widget\" data-e-type=\"widget\" data-settings=\"{&quot;lazyload&quot;:&quot;yes&quot;,&quot;gallery_layout&quot;:&quot;grid&quot;,&quot;columns&quot;:4,&quot;columns_tablet&quot;:2,&quot;columns_mobile&quot;:1,&quot;gap&quot;:{&quot;unit&quot;:&quot;px&quot;,&quot;size&quot;:10,&quot;sizes&quot;:[]},&quot;gap_tablet&quot;:{&quot;unit&quot;:&quot;px&quot;,&quot;size&quot;:10,&quot;sizes&quot;:[]},&quot;gap_mobile&quot;:{&quot;unit&quot;:&quot;px&quot;,&quot;size&quot;:10,&quot;sizes&quot;:[]},&quot;link_to&quot;:&quot;file&quot;,&quot;aspect_ratio&quot;:&quot;3:2&quot;,&quot;overlay_background&quot;:&quot;yes&quot;,&quot;content_hover_animation&quot;:&quot;fade-in&quot;}\" data-widget_type=\"gallery.default\">\n\t\t\t\t<div class=\"elementor-widget-container\">\n\t\t\t\t\t\t\t<div class=\"elementor-gallery__container\">\n\t\t\t\t\t\t\t<a class=\"e-gallery-item elementor-gallery-item elementor-animated-content\" href=\"https:\/\/www.yates-mallorca-charter.de\/wp-content\/uploads\/2024\/11\/Bavaria-C46-Topaz-Salon.jpg\" data-elementor-open-lightbox=\"yes\" data-elementor-lightbox-slideshow=\"6e3098c5\" data-elementor-lightbox-title=\"Sal\u00f3n Bavaria C46 Topaz\" data-e-action-hash=\"#elementor-action%3Aaction%3Dlightbox%26settings%3DeyJpZCI6NDMyOCwidXJsIjoiaHR0cHM6XC9cL3d3dy55YXRlcy1tYWxsb3JjYS1jaGFydGVyLmRlXC93cC1jb250ZW50XC91cGxvYWRzXC8yMDI0XC8xMVwvQmF2YXJpYS1DNDYtVG9wYXotU2Fsb24uanBnIiwic2xpZGVzaG93IjoiNmUzMDk4YzUifQ%3D%3D\">\n\t\t\t\t\t<div class=\"e-gallery-image elementor-gallery-item__image\" data-thumbnail=\"https:\/\/www.yates-mallorca-charter.de\/wp-content\/uploads\/2024\/11\/Bavaria-C46-Topaz-Salon-768x576.jpg\" data-width=\"768\" data-height=\"576\" aria-label=\"Interior de un velero de lujo\" role=\"img\" ><\/div>\n\t\t\t\t\t\t\t\t\t\t\t<div class=\"elementor-gallery-item__overlay\"><\/div>\n\t\t\t\t\t\t\t\t\t\t\t\t\t\t<\/a>\n\t\t\t\t\t\t\t<a class=\"e-gallery-item elementor-gallery-item elementor-animated-content\" href=\"https:\/\/www.yates-mallorca-charter.de\/wp-content\/uploads\/2024\/11\/Bavaria-C46-Topaz-Salon-Tisch-2.jpg\" data-elementor-open-lightbox=\"yes\" data-elementor-lightbox-slideshow=\"6e3098c5\" data-elementor-lightbox-title=\"Mesa de sal\u00f3n Bavaria C46 Topaz 2\" data-e-action-hash=\"#elementor-action%3Aaction%3Dlightbox%26settings%3DeyJpZCI6NDMzNCwidXJsIjoiaHR0cHM6XC9cL3d3dy55YXRlcy1tYWxsb3JjYS1jaGFydGVyLmRlXC93cC1jb250ZW50XC91cGxvYWRzXC8yMDI0XC8xMVwvQmF2YXJpYS1DNDYtVG9wYXotU2Fsb24tVGlzY2gtMi5qcGciLCJzbGlkZXNob3ciOiI2ZTMwOThjNSJ9\">\n\t\t\t\t\t<div class=\"e-gallery-image elementor-gallery-item__image\" data-thumbnail=\"https:\/\/www.yates-mallorca-charter.de\/wp-content\/uploads\/2024\/11\/Bavaria-C46-Topaz-Salon-Tisch-2-768x576.jpg\" data-width=\"768\" data-height=\"576\" aria-label=\"Sal\u00f3n del barco con mesa y una botella\" role=\"img\" ><\/div>\n\t\t\t\t\t\t\t\t\t\t\t<div class=\"elementor-gallery-item__overlay\"><\/div>\n\t\t\t\t\t\t\t\t\t\t\t\t\t\t<\/a>\n\t\t\t\t\t\t\t<a class=\"e-gallery-item elementor-gallery-item elementor-animated-content\" href=\"https:\/\/www.yates-mallorca-charter.de\/wp-content\/uploads\/2024\/11\/Bavaria-C46-Topaz-Niedergang.jpg\" data-elementor-open-lightbox=\"yes\" data-elementor-lightbox-slideshow=\"6e3098c5\" data-elementor-lightbox-title=\"Bavaria C46 Topaz: bajada a cubierta\" data-e-action-hash=\"#elementor-action%3Aaction%3Dlightbox%26settings%3DeyJpZCI6NDMxNiwidXJsIjoiaHR0cHM6XC9cL3d3dy55YXRlcy1tYWxsb3JjYS1jaGFydGVyLmRlXC93cC1jb250ZW50XC91cGxvYWRzXC8yMDI0XC8xMVwvQmF2YXJpYS1DNDYtVG9wYXotTmllZGVyZ2FuZy5qcGciLCJzbGlkZXNob3ciOiI2ZTMwOThjNSJ9\">\n\t\t\t\t\t<div class=\"e-gallery-image elementor-gallery-item__image\" data-thumbnail=\"https:\/\/www.yates-mallorca-charter.de\/wp-content\/uploads\/2024\/11\/Bavaria-C46-Topaz-Niedergang-768x576.jpg\" data-width=\"768\" data-height=\"576\" aria-label=\"Escalera de madera en el camarote de un yate\" role=\"img\" ><\/div>\n\t\t\t\t\t\t\t\t\t\t\t<div class=\"elementor-gallery-item__overlay\"><\/div>\n\t\t\t\t\t\t\t\t\t\t\t\t\t\t<\/a>\n\t\t\t\t\t\t\t<a class=\"e-gallery-item elementor-gallery-item elementor-animated-content\" href=\"https:\/\/www.yates-mallorca-charter.de\/wp-content\/uploads\/2024\/11\/Bavaria-C46-Topaz-Paneel.jpg\" data-elementor-open-lightbox=\"yes\" data-elementor-lightbox-slideshow=\"6e3098c5\" data-elementor-lightbox-title=\"Panel Bavaria C46 Topaz\" data-e-action-hash=\"#elementor-action%3Aaction%3Dlightbox%26settings%3DeyJpZCI6NDMxOSwidXJsIjoiaHR0cHM6XC9cL3d3dy55YXRlcy1tYWxsb3JjYS1jaGFydGVyLmRlXC93cC1jb250ZW50XC91cGxvYWRzXC8yMDI0XC8xMVwvQmF2YXJpYS1DNDYtVG9wYXotUGFuZWVsLmpwZyIsInNsaWRlc2hvdyI6IjZlMzA5OGM1In0%3D\">\n\t\t\t\t\t<div class=\"e-gallery-image elementor-gallery-item__image\" data-thumbnail=\"https:\/\/www.yates-mallorca-charter.de\/wp-content\/uploads\/2024\/11\/Bavaria-C46-Topaz-Paneel-768x576.jpg\" data-width=\"768\" data-height=\"576\" aria-label=\"Cuadro de mando del contramaestre y radio\" role=\"img\" ><\/div>\n\t\t\t\t\t\t\t\t\t\t\t<div class=\"elementor-gallery-item__overlay\"><\/div>\n\t\t\t\t\t\t\t\t\t\t\t\t\t\t<\/a>\n\t\t\t\t\t\t\t<a class=\"e-gallery-item elementor-gallery-item elementor-animated-content\" href=\"https:\/\/www.yates-mallorca-charter.de\/wp-content\/uploads\/2024\/11\/Bavaria-C46-Topaz-Kueche-Regal.jpg\" data-elementor-open-lightbox=\"yes\" data-elementor-lightbox-slideshow=\"6e3098c5\" data-elementor-lightbox-title=\"Estanter\u00eda de cocina Bavaria C46 Topaz\" data-e-action-hash=\"#elementor-action%3Aaction%3Dlightbox%26settings%3DeyJpZCI6NDMxMCwidXJsIjoiaHR0cHM6XC9cL3d3dy55YXRlcy1tYWxsb3JjYS1jaGFydGVyLmRlXC93cC1jb250ZW50XC91cGxvYWRzXC8yMDI0XC8xMVwvQmF2YXJpYS1DNDYtVG9wYXotS3VlY2hlLVJlZ2FsLmpwZyIsInNsaWRlc2hvdyI6IjZlMzA5OGM1In0%3D\">\n\t\t\t\t\t<div class=\"e-gallery-image elementor-gallery-item__image\" data-thumbnail=\"https:\/\/www.yates-mallorca-charter.de\/wp-content\/uploads\/2024\/11\/Bavaria-C46-Topaz-Kueche-Regal-768x576.jpg\" data-width=\"768\" data-height=\"576\" aria-label=\"Vasos en el armario\" role=\"img\" ><\/div>\n\t\t\t\t\t\t\t\t\t\t\t<div class=\"elementor-gallery-item__overlay\"><\/div>\n\t\t\t\t\t\t\t\t\t\t\t\t\t\t<\/a>\n\t\t\t\t\t\t\t<a class=\"e-gallery-item elementor-gallery-item elementor-animated-content\" href=\"https:\/\/www.yates-mallorca-charter.de\/wp-content\/uploads\/2024\/11\/Bavaria-C46-Topaz-Kueche-Kuehlschrank-Ofen.jpg\" data-elementor-open-lightbox=\"yes\" data-elementor-lightbox-slideshow=\"6e3098c5\" data-elementor-lightbox-title=\"Bavaria C46 Topaz: cocina, nevera y horno\" data-e-action-hash=\"#elementor-action%3Aaction%3Dlightbox%26settings%3DeyJpZCI6NDMwNywidXJsIjoiaHR0cHM6XC9cL3d3dy55YXRlcy1tYWxsb3JjYS1jaGFydGVyLmRlXC93cC1jb250ZW50XC91cGxvYWRzXC8yMDI0XC8xMVwvQmF2YXJpYS1DNDYtVG9wYXotS3VlY2hlLUt1ZWhsc2NocmFuay1PZmVuLmpwZyIsInNsaWRlc2hvdyI6IjZlMzA5OGM1In0%3D\">\n\t\t\t\t\t<div class=\"e-gallery-image elementor-gallery-item__image\" data-thumbnail=\"https:\/\/www.yates-mallorca-charter.de\/wp-content\/uploads\/2024\/11\/Bavaria-C46-Topaz-Kueche-Kuehlschrank-Ofen-768x576.jpg\" data-width=\"768\" data-height=\"576\" aria-label=\"Cocina de camarote con nevera y fogones\" role=\"img\" ><\/div>\n\t\t\t\t\t\t\t\t\t\t\t<div class=\"elementor-gallery-item__overlay\"><\/div>\n\t\t\t\t\t\t\t\t\t\t\t\t\t\t<\/a>\n\t\t\t\t\t\t\t<a class=\"e-gallery-item elementor-gallery-item elementor-animated-content\" href=\"https:\/\/www.yates-mallorca-charter.de\/wp-content\/uploads\/2024\/11\/Bavaria-C46-Topaz-Kueche.jpg\" data-elementor-open-lightbox=\"yes\" data-elementor-lightbox-slideshow=\"6e3098c5\" data-elementor-lightbox-title=\"Cocina Bavaria C46 Topaz\" data-e-action-hash=\"#elementor-action%3Aaction%3Dlightbox%26settings%3DeyJpZCI6NDMwNCwidXJsIjoiaHR0cHM6XC9cL3d3dy55YXRlcy1tYWxsb3JjYS1jaGFydGVyLmRlXC93cC1jb250ZW50XC91cGxvYWRzXC8yMDI0XC8xMVwvQmF2YXJpYS1DNDYtVG9wYXotS3VlY2hlLmpwZyIsInNsaWRlc2hvdyI6IjZlMzA5OGM1In0%3D\">\n\t\t\t\t\t<div class=\"e-gallery-image elementor-gallery-item__image\" data-thumbnail=\"https:\/\/www.yates-mallorca-charter.de\/wp-content\/uploads\/2024\/11\/Bavaria-C46-Topaz-Kueche-768x576.jpg\" data-width=\"768\" data-height=\"576\" aria-label=\"Despensa moderna para velero\" role=\"img\" ><\/div>\n\t\t\t\t\t\t\t\t\t\t\t<div class=\"elementor-gallery-item__overlay\"><\/div>\n\t\t\t\t\t\t\t\t\t\t\t\t\t\t<\/a>\n\t\t\t\t\t\t\t<a class=\"e-gallery-item elementor-gallery-item elementor-animated-content\" href=\"https:\/\/www.yates-mallorca-charter.de\/wp-content\/uploads\/2024\/11\/Bavaria-C46-Topaz-Kartentisch-Kueche.jpg\" data-elementor-open-lightbox=\"yes\" data-elementor-lightbox-slideshow=\"6e3098c5\" data-elementor-lightbox-title=\"Bavaria C46 Topaz: mesa de juego y cocina\" data-e-action-hash=\"#elementor-action%3Aaction%3Dlightbox%26settings%3DeyJpZCI6NDMwMSwidXJsIjoiaHR0cHM6XC9cL3d3dy55YXRlcy1tYWxsb3JjYS1jaGFydGVyLmRlXC93cC1jb250ZW50XC91cGxvYWRzXC8yMDI0XC8xMVwvQmF2YXJpYS1DNDYtVG9wYXotS2FydGVudGlzY2gtS3VlY2hlLmpwZyIsInNsaWRlc2hvdyI6IjZlMzA5OGM1In0%3D\">\n\t\t\t\t\t<div class=\"e-gallery-image elementor-gallery-item__image\" data-thumbnail=\"https:\/\/www.yates-mallorca-charter.de\/wp-content\/uploads\/2024\/11\/Bavaria-C46-Topaz-Kartentisch-Kueche-768x576.jpg\" data-width=\"768\" data-height=\"576\" aria-label=\"Cocina de barco con fogones y fregadero\" role=\"img\" ><\/div>\n\t\t\t\t\t\t\t\t\t\t\t<div class=\"elementor-gallery-item__overlay\"><\/div>\n\t\t\t\t\t\t\t\t\t\t\t\t\t\t<\/a>\n\t\t\t\t\t\t\t<a class=\"e-gallery-item elementor-gallery-item elementor-animated-content\" href=\"https:\/\/www.yates-mallorca-charter.de\/wp-content\/uploads\/2024\/11\/Bavaria-C46-Topaz-Heckkabine-Stb.jpg\" data-elementor-open-lightbox=\"yes\" data-elementor-lightbox-slideshow=\"6e3098c5\" data-elementor-lightbox-title=\"Bavaria C46 Topaz, camarote de popa, a estribor\" data-e-action-hash=\"#elementor-action%3Aaction%3Dlightbox%26settings%3DeyJpZCI6NDI5NSwidXJsIjoiaHR0cHM6XC9cL3d3dy55YXRlcy1tYWxsb3JjYS1jaGFydGVyLmRlXC93cC1jb250ZW50XC91cGxvYWRzXC8yMDI0XC8xMVwvQmF2YXJpYS1DNDYtVG9wYXotSGVja2thYmluZS1TdGIuanBnIiwic2xpZGVzaG93IjoiNmUzMDk4YzUifQ%3D%3D\">\n\t\t\t\t\t<div class=\"e-gallery-image elementor-gallery-item__image\" data-thumbnail=\"https:\/\/www.yates-mallorca-charter.de\/wp-content\/uploads\/2024\/11\/Bavaria-C46-Topaz-Heckkabine-Stb-768x576.jpg\" data-width=\"768\" data-height=\"576\" aria-label=\"Cama con almohadas y mantas\" role=\"img\" ><\/div>\n\t\t\t\t\t\t\t\t\t\t\t<div class=\"elementor-gallery-item__overlay\"><\/div>\n\t\t\t\t\t\t\t\t\t\t\t\t\t\t<\/a>\n\t\t\t\t\t\t\t<a class=\"e-gallery-item elementor-gallery-item elementor-animated-content\" href=\"https:\/\/www.yates-mallorca-charter.de\/wp-content\/uploads\/2024\/11\/Bavaria-C46-Topaz-Eignerkabine-2.jpg\" data-elementor-open-lightbox=\"yes\" data-elementor-lightbox-slideshow=\"6e3098c5\" data-elementor-lightbox-title=\"Bavaria C46 Topaz - Cabina del propietario - 2\" data-e-action-hash=\"#elementor-action%3Aaction%3Dlightbox%26settings%3DeyJpZCI6NDI4OSwidXJsIjoiaHR0cHM6XC9cL3d3dy55YXRlcy1tYWxsb3JjYS1jaGFydGVyLmRlXC93cC1jb250ZW50XC91cGxvYWRzXC8yMDI0XC8xMVwvQmF2YXJpYS1DNDYtVG9wYXotRWlnbmVya2FiaW5lLTIuanBnIiwic2xpZGVzaG93IjoiNmUzMDk4YzUifQ%3D%3D\">\n\t\t\t\t\t<div class=\"e-gallery-image elementor-gallery-item__image\" data-thumbnail=\"https:\/\/www.yates-mallorca-charter.de\/wp-content\/uploads\/2024\/11\/Bavaria-C46-Topaz-Eignerkabine-2-768x576.jpg\" data-width=\"768\" data-height=\"576\" aria-label=\"Cabina de barco con armario\" role=\"img\" ><\/div>\n\t\t\t\t\t\t\t\t\t\t\t<div class=\"elementor-gallery-item__overlay\"><\/div>\n\t\t\t\t\t\t\t\t\t\t\t\t\t\t<\/a>\n\t\t\t\t\t\t\t<a class=\"e-gallery-item elementor-gallery-item elementor-animated-content\" href=\"https:\/\/www.yates-mallorca-charter.de\/wp-content\/uploads\/2024\/11\/Bavaria-C46-Topaz-Eignerkabine.jpg\" data-elementor-open-lightbox=\"yes\" data-elementor-lightbox-slideshow=\"6e3098c5\" data-elementor-lightbox-title=\"Cabina para propietarios del Bavaria C46 Topaz\" data-e-action-hash=\"#elementor-action%3Aaction%3Dlightbox%26settings%3DeyJpZCI6NDI4NiwidXJsIjoiaHR0cHM6XC9cL3d3dy55YXRlcy1tYWxsb3JjYS1jaGFydGVyLmRlXC93cC1jb250ZW50XC91cGxvYWRzXC8yMDI0XC8xMVwvQmF2YXJpYS1DNDYtVG9wYXotRWlnbmVya2FiaW5lLmpwZyIsInNsaWRlc2hvdyI6IjZlMzA5OGM1In0%3D\">\n\t\t\t\t\t<div class=\"e-gallery-image elementor-gallery-item__image\" data-thumbnail=\"https:\/\/www.yates-mallorca-charter.de\/wp-content\/uploads\/2024\/11\/Bavaria-C46-Topaz-Eignerkabine-768x576.jpg\" data-width=\"768\" data-height=\"576\" aria-label=\"Cama de camarote con almohada\" role=\"img\" ><\/div>\n\t\t\t\t\t\t\t\t\t\t\t<div class=\"elementor-gallery-item__overlay\"><\/div>\n\t\t\t\t\t\t\t\t\t\t\t\t\t\t<\/a>\n\t\t\t\t\t\t\t<a class=\"e-gallery-item elementor-gallery-item elementor-animated-content\" href=\"https:\/\/www.yates-mallorca-charter.de\/wp-content\/uploads\/2024\/11\/Bavaria-C46-Topaz-Toilette.jpg\" data-elementor-open-lightbox=\"yes\" data-elementor-lightbox-slideshow=\"6e3098c5\" data-elementor-lightbox-title=\"Inodoro Bavaria C46 Topaz\" data-e-action-hash=\"#elementor-action%3Aaction%3Dlightbox%26settings%3DeyJpZCI6NDM0NiwidXJsIjoiaHR0cHM6XC9cL3d3dy55YXRlcy1tYWxsb3JjYS1jaGFydGVyLmRlXC93cC1jb250ZW50XC91cGxvYWRzXC8yMDI0XC8xMVwvQmF2YXJpYS1DNDYtVG9wYXotVG9pbGV0dGUuanBnIiwic2xpZGVzaG93IjoiNmUzMDk4YzUifQ%3D%3D\">\n\t\t\t\t\t<div class=\"e-gallery-image elementor-gallery-item__image\" data-thumbnail=\"https:\/\/www.yates-mallorca-charter.de\/wp-content\/uploads\/2024\/11\/Bavaria-C46-Topaz-Toilette-768x576.jpg\" data-width=\"768\" data-height=\"576\" aria-label=\"Ba\u00f1o en un barco\" role=\"img\" ><\/div>\n\t\t\t\t\t\t\t\t\t\t\t<div class=\"elementor-gallery-item__overlay\"><\/div>\n\t\t\t\t\t\t\t\t\t\t\t\t\t\t<\/a>\n\t\t\t\t\t\t\t<a class=\"e-gallery-item elementor-gallery-item elementor-animated-content\" href=\"https:\/\/www.yates-mallorca-charter.de\/wp-content\/uploads\/2024\/11\/Bavaria-C46-Topaz-Stockbettenkabine.jpg\" data-elementor-open-lightbox=\"yes\" data-elementor-lightbox-slideshow=\"6e3098c5\" data-elementor-lightbox-title=\"Cabina con literas Bavaria C46 Topaz\" data-e-action-hash=\"#elementor-action%3Aaction%3Dlightbox%26settings%3DeyJpZCI6NDM0MywidXJsIjoiaHR0cHM6XC9cL3d3dy55YXRlcy1tYWxsb3JjYS1jaGFydGVyLmRlXC93cC1jb250ZW50XC91cGxvYWRzXC8yMDI0XC8xMVwvQmF2YXJpYS1DNDYtVG9wYXotU3RvY2tiZXR0ZW5rYWJpbmUuanBnIiwic2xpZGVzaG93IjoiNmUzMDk4YzUifQ%3D%3D\">\n\t\t\t\t\t<div class=\"e-gallery-image elementor-gallery-item__image\" data-thumbnail=\"https:\/\/www.yates-mallorca-charter.de\/wp-content\/uploads\/2024\/11\/Bavaria-C46-Topaz-Stockbettenkabine-768x576.jpg\" data-width=\"768\" data-height=\"576\" aria-label=\"Cama con almohadas\" role=\"img\" ><\/div>\n\t\t\t\t\t\t\t\t\t\t\t<div class=\"elementor-gallery-item__overlay\"><\/div>\n\t\t\t\t\t\t\t\t\t\t\t\t\t\t<\/a>\n\t\t\t\t\t<\/div>\n\t\t\t\t\t<\/div>\n\t\t\t\t<\/div>\n\t\t\t\t\t<\/div>\n\t\t<\/div>\n\t\t\t\t\t<\/div>\n\t\t<\/section>\n\t\t\t\t<section class=\"elementor-section elementor-top-section elementor-element elementor-element-4d80d4d1 elementor-section-boxed elementor-section-height-default elementor-section-height-default\" data-id=\"4d80d4d1\" data-element_type=\"section\" data-e-type=\"section\">\n\t\t\t\t\t\t<div class=\"elementor-container elementor-column-gap-default\">\n\t\t\t\t\t<div class=\"elementor-column elementor-col-100 elementor-top-column elementor-element elementor-element-77ed18ed\" data-id=\"77ed18ed\" data-element_type=\"column\" data-e-type=\"column\">\n\t\t\t<div class=\"elementor-widget-wrap elementor-element-populated\">\n\t\t\t\t\t\t<div class=\"elementor-element elementor-element-22392f79 elementor-widget elementor-widget-heading\" data-id=\"22392f79\" data-element_type=\"widget\" data-e-type=\"widget\" data-widget_type=\"heading.default\">\n\t\t\t\t<div class=\"elementor-widget-container\">\n\t\t\t\t\t<h3 class=\"elementor-heading-title elementor-size-default\">DESE\u00d1OS<\/h3>\t\t\t\t<\/div>\n\t\t\t\t<\/div>\n\t\t\t\t\t<\/div>\n\t\t<\/div>\n\t\t\t\t\t<\/div>\n\t\t<\/section>\n\t\t\t\t<section class=\"elementor-section elementor-top-section elementor-element elementor-element-49359824 elementor-section-boxed elementor-section-height-default elementor-section-height-default\" data-id=\"49359824\" data-element_type=\"section\" data-e-type=\"section\">\n\t\t\t\t\t\t<div class=\"elementor-container elementor-column-gap-default\">\n\t\t\t\t\t<div class=\"elementor-column elementor-col-100 elementor-top-column elementor-element elementor-element-2c113405\" data-id=\"2c113405\" data-element_type=\"column\" data-e-type=\"column\">\n\t\t\t<div class=\"elementor-widget-wrap elementor-element-populated\">\n\t\t\t\t\t\t<div class=\"elementor-element elementor-element-2d9765e elementor-widget elementor-widget-gallery\" data-id=\"2d9765e\" data-element_type=\"widget\" data-e-type=\"widget\" data-settings=\"{&quot;lazyload&quot;:&quot;yes&quot;,&quot;gallery_layout&quot;:&quot;grid&quot;,&quot;columns&quot;:4,&quot;columns_tablet&quot;:2,&quot;columns_mobile&quot;:1,&quot;gap&quot;:{&quot;unit&quot;:&quot;px&quot;,&quot;size&quot;:10,&quot;sizes&quot;:[]},&quot;gap_tablet&quot;:{&quot;unit&quot;:&quot;px&quot;,&quot;size&quot;:10,&quot;sizes&quot;:[]},&quot;gap_mobile&quot;:{&quot;unit&quot;:&quot;px&quot;,&quot;size&quot;:10,&quot;sizes&quot;:[]},&quot;link_to&quot;:&quot;file&quot;,&quot;aspect_ratio&quot;:&quot;3:2&quot;,&quot;overlay_background&quot;:&quot;yes&quot;,&quot;content_hover_animation&quot;:&quot;fade-in&quot;}\" data-widget_type=\"gallery.default\">\n\t\t\t\t<div class=\"elementor-widget-container\">\n\t\t\t\t\t\t\t<div class=\"elementor-gallery__container\">\n\t\t\t\t\t\t\t<a class=\"e-gallery-item elementor-gallery-item elementor-animated-content\" href=\"https:\/\/www.yates-mallorca-charter.de\/wp-content\/uploads\/2024\/03\/Charter-Mallorca-bavaria-c46-deckslayout.jpg\" data-elementor-open-lightbox=\"yes\" data-elementor-lightbox-slideshow=\"2d9765e\" data-elementor-lightbox-title=\"Una vista de un barco con dos camarotes y una cabina de mando.\" data-elementor-lightbox-description=\"Una vista de un barco con dos camarotes y una cabina de mando.\" data-e-action-hash=\"#elementor-action%3Aaction%3Dlightbox%26settings%3DeyJpZCI6MjMwMCwidXJsIjoiaHR0cHM6XC9cL3d3dy55YXRlcy1tYWxsb3JjYS1jaGFydGVyLmRlXC93cC1jb250ZW50XC91cGxvYWRzXC8yMDI0XC8wM1wvQ2hhcnRlci1NYWxsb3JjYS1iYXZhcmlhLWM0Ni1kZWNrc2xheW91dC5qcGciLCJzbGlkZXNob3ciOiIyZDk3NjVlIn0%3D\">\n\t\t\t\t\t<div class=\"e-gallery-image elementor-gallery-item__image\" data-thumbnail=\"https:\/\/www.yates-mallorca-charter.de\/wp-content\/uploads\/2024\/03\/Charter-Mallorca-bavaria-c46-deckslayout-768x576.jpg\" data-width=\"768\" data-height=\"576\" aria-label=\"Vista a\u00e9rea del yate\" role=\"img\" ><\/div>\n\t\t\t\t\t\t\t\t\t\t\t<div class=\"elementor-gallery-item__overlay\"><\/div>\n\t\t\t\t\t\t\t\t\t\t\t\t\t\t<\/a>\n\t\t\t\t\t\t\t<a class=\"e-gallery-item elementor-gallery-item elementor-animated-content\" href=\"https:\/\/www.yates-mallorca-charter.de\/wp-content\/uploads\/2024\/03\/Charter-Mallorca-bavaria-c46-kabinenlayout.jpg\" data-elementor-open-lightbox=\"yes\" data-elementor-lightbox-slideshow=\"2d9765e\" data-elementor-lightbox-title=\"El plano de un barco con dos camarotes y una cocina.\" data-elementor-lightbox-description=\"El plano de un barco con dos camarotes y una cocina.\" data-e-action-hash=\"#elementor-action%3Aaction%3Dlightbox%26settings%3DeyJpZCI6MjMwMywidXJsIjoiaHR0cHM6XC9cL3d3dy55YXRlcy1tYWxsb3JjYS1jaGFydGVyLmRlXC93cC1jb250ZW50XC91cGxvYWRzXC8yMDI0XC8wM1wvQ2hhcnRlci1NYWxsb3JjYS1iYXZhcmlhLWM0Ni1rYWJpbmVubGF5b3V0LmpwZyIsInNsaWRlc2hvdyI6IjJkOTc2NWUifQ%3D%3D\">\n\t\t\t\t\t<div class=\"e-gallery-image elementor-gallery-item__image\" data-thumbnail=\"https:\/\/www.yates-mallorca-charter.de\/wp-content\/uploads\/2024\/03\/Charter-Mallorca-bavaria-c46-kabinenlayout-768x576.jpg\" data-width=\"768\" data-height=\"576\" aria-label=\"Plano del yate, vista del interior\" role=\"img\" ><\/div>\n\t\t\t\t\t\t\t\t\t\t\t<div class=\"elementor-gallery-item__overlay\"><\/div>\n\t\t\t\t\t\t\t\t\t\t\t\t\t\t<\/a>\n\t\t\t\t\t<\/div>\n\t\t\t\t\t<\/div>\n\t\t\t\t<\/div>\n\t\t\t\t\t<\/div>\n\t\t<\/div>\n\t\t\t\t\t<\/div>\n\t\t<\/section>\n\t\t\t\t<section class=\"elementor-section elementor-top-section elementor-element elementor-element-a00d660 elementor-section-boxed elementor-section-height-default elementor-section-height-default\" data-id=\"a00d660\" data-element_type=\"section\" data-e-type=\"section\" id=\"termine\">\n\t\t\t\t\t\t<div class=\"elementor-container elementor-column-gap-default\">\n\t\t\t\t\t<div class=\"elementor-column elementor-col-100 elementor-top-column elementor-element elementor-element-1bc683e\" data-id=\"1bc683e\" data-element_type=\"column\" data-e-type=\"column\">\n\t\t\t<div class=\"elementor-widget-wrap elementor-element-populated\">\n\t\t\t\t\t\t<div class=\"elementor-element elementor-element-8b86bea elementor-widget elementor-widget-spacer\" data-id=\"8b86bea\" data-element_type=\"widget\" data-e-type=\"widget\" data-widget_type=\"spacer.default\">\n\t\t\t\t<div class=\"elementor-widget-container\">\n\t\t\t\t\t\t\t<div class=\"elementor-spacer\">\n\t\t\t<div class=\"elementor-spacer-inner\"><\/div>\n\t\t<\/div>\n\t\t\t\t\t\t<\/div>\n\t\t\t\t<\/div>\n\t\t\t\t\t<\/div>\n\t\t<\/div>\n\t\t\t\t\t<\/div>\n\t\t<\/section>\n\t\t\t\t<section class=\"elementor-section elementor-top-section elementor-element elementor-element-2e47bde elementor-section-boxed elementor-section-height-default elementor-section-height-default\" data-id=\"2e47bde\" data-element_type=\"section\" data-e-type=\"section\">\n\t\t\t\t\t\t<div class=\"elementor-container elementor-column-gap-default\">\n\t\t\t\t\t<div class=\"elementor-column elementor-col-100 elementor-top-column elementor-element elementor-element-60a43b9\" data-id=\"60a43b9\" data-element_type=\"column\" data-e-type=\"column\">\n\t\t\t<div class=\"elementor-widget-wrap elementor-element-populated\">\n\t\t\t\t\t\t<div class=\"elementor-element elementor-element-920773f elementor-widget elementor-widget-shortcode\" data-id=\"920773f\" data-element_type=\"widget\" data-e-type=\"widget\" data-widget_type=\"shortcode.default\">\n\t\t\t\t<div class=\"elementor-widget-container\">\n\t\t\t\t\t\t\t<div class=\"elementor-shortcode\"><div class=\"ycbb-shortcode-wrap\">\n\t\t\t\t\t\t\t\t\t\t\t<div class=\"ycbb-availability\"\n\t\t\t\t\tdata-ycbb-post-id=\"6796\"\n\t\t\t\t\tdata-ycbb-months=\"3\"\n\t\t\t\t\tdata-ycbb-lang=\"es\"\n\t\t\t\t\tdata-ycbb-open-modal=\"ycbb-modal-6796-1\"\n\t\t\t\t\tdata-ycbb-open-src=\"https:\/\/www.booking-manager.com\/wbm2\/page.html?view=YachtDetails&#038;yachtId=5587344500000106824&#038;companyid=6824&#038;setlang=es&#038;target=_blank\"\n\t\t\t\t\tdata-ycbb-label=\"Datos T\u00e9cnicos \u2013 Fechas Disponibles\">\n\t\t\t\t\t<div class=\"ycbb-availability__loading\">Cargando disponibilidad \u2026<\/div>\n\t\t\t\t<\/div>\n\t\t\t\n\t\t\t<div class=\"ycbb-modal\" id=\"ycbb-modal-6796-1\" aria-hidden=\"true\">\n\t\t\t\t<div class=\"ycbb-modal__overlay\" data-ycbb-close><\/div>\n\t\t\t\t<div class=\"ycbb-modal__box\" role=\"dialog\" aria-modal=\"true\" aria-labelledby=\"ycbb-modal-title-6796-1\">\n\t\t\t\t\t<span id=\"ycbb-modal-title-6796-1\" class=\"screen-reader-text\">Datos T\u00e9cnicos \u2013 Fechas Disponibles<\/span>\n\t\t\t\t\t<button type=\"button\" class=\"ycbb-modal__close\" data-ycbb-close aria-label=\"Cerrar\">&times;<\/button>\n\t\t\t\t\t<div class=\"ycbb-modal__loading\" aria-hidden=\"true\"><\/div>\n\t\t\t\t\t<iframe id=\"wbmResult\"\n\t\t\t\t\t\tclass=\"ycbb-modal__iframe\"\n\t\t\t\t\t\tsrc=\"\"\n\t\t\t\t\t\tscrolling=\"auto\"\n\t\t\t\t\t\tallowtransparency=\"true\"\n\t\t\t\t\t\tloading=\"lazy\"\n\t\t\t\t\t\ttitle=\"Datos T\u00e9cnicos \u2013 Fechas Disponibles\"><\/iframe>\n\t\t\t\t<\/div>\n\t\t\t<\/div>\n\t\t<\/div><\/div>\n\t\t\t\t\t\t<\/div>\n\t\t\t\t<\/div>\n\t\t\t\t\t<\/div>\n\t\t<\/div>\n\t\t\t\t\t<\/div>\n\t\t<\/section>\n\t\t\t\t<\/div>\n\t\t","protected":false},"excerpt":{"rendered":"<p>Destacados Cabinas: 4, Literas: 8, Ba\u00f1os: 2 vela mayor enrollable, g\u00e9nova enrollable Molinetes de escota en el tim\u00f3n H\u00e9lice de proa mesas de ba\u00f1era abatibles en tumbona barbacoa en popa, nevera en popa Cubierta de teca y mucho m\u00e1s. Datos t\u00e9cnicos &#8211; Fechas disponibles Descripci\u00f3n Descubra la incomparable belleza de Mallorca en nuestro nuevo yate [&hellip;]<\/p>\n","protected":false},"author":1,"featured_media":4353,"comment_status":"closed","ping_status":"closed","sticky":false,"template":"","format":"standard","meta":{"footnotes":""},"categories":[35],"tags":[],"class_list":["post-2592","post","type-post","status-publish","format-standard","has-post-thumbnail","hentry","category-barcos-a-vela"],"_links":{"self":[{"href":"https:\/\/www.yates-mallorca-charter.de\/es\/wp-json\/wp\/v2\/posts\/2592","targetHints":{"allow":["GET"]}}],"collection":[{"href":"https:\/\/www.yates-mallorca-charter.de\/es\/wp-json\/wp\/v2\/posts"}],"about":[{"href":"https:\/\/www.yates-mallorca-charter.de\/es\/wp-json\/wp\/v2\/types\/post"}],"author":[{"embeddable":true,"href":"https:\/\/www.yates-mallorca-charter.de\/es\/wp-json\/wp\/v2\/users\/1"}],"replies":[{"embeddable":true,"href":"https:\/\/www.yates-mallorca-charter.de\/es\/wp-json\/wp\/v2\/comments?post=2592"}],"version-history":[{"count":12,"href":"https:\/\/www.yates-mallorca-charter.de\/es\/wp-json\/wp\/v2\/posts\/2592\/revisions"}],"predecessor-version":[{"id":6913,"href":"https:\/\/www.yates-mallorca-charter.de\/es\/wp-json\/wp\/v2\/posts\/2592\/revisions\/6913"}],"wp:featuredmedia":[{"embeddable":true,"href":"https:\/\/www.yates-mallorca-charter.de\/es\/wp-json\/wp\/v2\/media\/4353"}],"wp:attachment":[{"href":"https:\/\/www.yates-mallorca-charter.de\/es\/wp-json\/wp\/v2\/media?parent=2592"}],"wp:term":[{"taxonomy":"category","embeddable":true,"href":"https:\/\/www.yates-mallorca-charter.de\/es\/wp-json\/wp\/v2\/categories?post=2592"},{"taxonomy":"post_tag","embeddable":true,"href":"https:\/\/www.yates-mallorca-charter.de\/es\/wp-json\/wp\/v2\/tags?post=2592"}],"curies":[{"name":"wp","href":"https:\/\/api.w.org\/{rel}","templated":true}]}}