{"id":2596,"date":"2024-03-09T09:48:55","date_gmt":"2024-03-09T08:48:55","guid":{"rendered":"https:\/\/www.yates-mallorca-charter.de\/sin-categorizar\/beneteau-oceanis-54-philia\/"},"modified":"2026-08-07T15:53:48","modified_gmt":"2026-08-07T13:53:48","slug":"beneteau-oceanis-54-philia","status":"publish","type":"post","link":"https:\/\/www.yates-mallorca-charter.de\/es\/charter-es\/barcos-a-vela\/beneteau-oceanis-54-philia\/","title":{"rendered":"Beneteau Oceanis 54 &#8211; \u00abPhilia"},"content":{"rendered":"\t\t<div data-elementor-type=\"wp-post\" data-elementor-id=\"2596\" class=\"elementor elementor-2596 elementor-1588\" data-elementor-post-type=\"post\">\n\t\t\t\t\t\t<section class=\"elementor-section elementor-top-section elementor-element elementor-element-2d5afb49 elementor-section-boxed elementor-section-height-default elementor-section-height-default\" data-id=\"2d5afb49\" data-element_type=\"section\" data-e-type=\"section\" data-settings=\"{&quot;background_background&quot;:&quot;classic&quot;}\">\n\t\t\t\t\t\t<div class=\"elementor-container elementor-column-gap-default\">\n\t\t\t\t\t<div class=\"elementor-column elementor-col-100 elementor-top-column elementor-element elementor-element-50a671d8\" data-id=\"50a671d8\" data-element_type=\"column\" data-e-type=\"column\">\n\t\t\t<div class=\"elementor-widget-wrap elementor-element-populated\">\n\t\t\t\t\t\t<div class=\"elementor-element elementor-element-14bd6871 elementor-widget elementor-widget-heading\" data-id=\"14bd6871\" data-element_type=\"widget\" data-e-type=\"widget\" data-widget_type=\"heading.default\">\n\t\t\t\t<div class=\"elementor-widget-container\">\n\t\t\t\t\t<h1 class=\"elementor-heading-title elementor-size-default\">Beneteau Oceanis 54 &#8211; \u00abPhilia<\/h1>\t\t\t\t<\/div>\n\t\t\t\t<\/div>\n\t\t\t\t\t<\/div>\n\t\t<\/div>\n\t\t\t\t\t<\/div>\n\t\t<\/section>\n\t\t\t\t<section class=\"elementor-section elementor-top-section elementor-element elementor-element-5ecbf02e elementor-section-boxed elementor-section-height-default elementor-section-height-default\" data-id=\"5ecbf02e\" data-element_type=\"section\" data-e-type=\"section\">\n\t\t\t\t\t\t<div class=\"elementor-container elementor-column-gap-default\">\n\t\t\t\t\t<div class=\"elementor-column elementor-col-50 elementor-top-column elementor-element elementor-element-142862e0\" data-id=\"142862e0\" data-element_type=\"column\" data-e-type=\"column\">\n\t\t\t<div class=\"elementor-widget-wrap elementor-element-populated\">\n\t\t\t\t\t\t<div class=\"elementor-element elementor-element-1787627c elementor-widget elementor-widget-image\" data-id=\"1787627c\" data-element_type=\"widget\" data-e-type=\"widget\" data-widget_type=\"image.default\">\n\t\t\t\t<div class=\"elementor-widget-container\">\n\t\t\t\t\t\t\t\t\t\t\t\t\t\t\t<img loading=\"lazy\" decoding=\"async\" width=\"768\" height=\"575\" src=\"https:\/\/www.yates-mallorca-charter.de\/wp-content\/uploads\/2024\/03\/Charter-Mallorca-beneteau-oceanis-54-badeplattform-768x575.jpg\" class=\"attachment-medium_large size-medium_large wp-image-2242\" alt=\"Un velero en el mar turquesa\" srcset=\"https:\/\/www.yates-mallorca-charter.de\/wp-content\/uploads\/2024\/03\/Charter-Mallorca-beneteau-oceanis-54-badeplattform-768x575.jpg 768w, https:\/\/www.yates-mallorca-charter.de\/wp-content\/uploads\/2024\/03\/Charter-Mallorca-beneteau-oceanis-54-badeplattform-300x225.jpg 300w, https:\/\/www.yates-mallorca-charter.de\/wp-content\/uploads\/2024\/03\/Charter-Mallorca-beneteau-oceanis-54-badeplattform-1024x767.jpg 1024w, https:\/\/www.yates-mallorca-charter.de\/wp-content\/uploads\/2024\/03\/Charter-Mallorca-beneteau-oceanis-54-badeplattform.jpg 1026w\" sizes=\"auto, (max-width: 768px) 100vw, 768px\"  title=\"Beneteau Oceanis 54 - &quot;Philia\" \/>\t\t\t\t\t\t\t\t\t\t\t\t\t\t\t<\/div>\n\t\t\t\t<\/div>\n\t\t\t\t\t<\/div>\n\t\t<\/div>\n\t\t\t\t<div class=\"elementor-column elementor-col-50 elementor-top-column elementor-element elementor-element-212b2a65\" data-id=\"212b2a65\" data-element_type=\"column\" data-e-type=\"column\">\n\t\t\t<div class=\"elementor-widget-wrap elementor-element-populated\">\n\t\t\t\t\t\t<div class=\"elementor-element elementor-element-5ee8d273 elementor-alert-info elementor-widget elementor-widget-alert\" data-id=\"5ee8d273\" data-element_type=\"widget\" data-e-type=\"widget\" data-widget_type=\"alert.default\">\n\t\t\t\t<div class=\"elementor-widget-container\">\n\t\t\t\t\t\t\t<div class=\"elementor-alert\" role=\"alert\">\n\n\t\t\t\t\t\t<span class=\"elementor-alert-title\">Destacados<\/span>\n\t\t\t\n\t\t\t\n\t\t\t\n\t\t<\/div>\n\t\t\t\t\t\t<\/div>\n\t\t\t\t<\/div>\n\t\t\t\t<div class=\"elementor-element elementor-element-398f353 elementor-icon-list--layout-traditional elementor-list-item-link-full_width elementor-widget elementor-widget-icon-list\" data-id=\"398f353\" data-element_type=\"widget\" data-e-type=\"widget\" data-widget_type=\"icon-list.default\">\n\t\t\t\t<div class=\"elementor-widget-container\">\n\t\t\t\t\t\t\t<ul class=\"elementor-icon-list-items\">\n\t\t\t\t\t\t\t<li class=\"elementor-icon-list-item\">\n\t\t\t\t\t\t\t\t\t\t\t<span class=\"elementor-icon-list-icon\">\n\t\t\t\t\t\t\t<i aria-hidden=\"true\" class=\"xlio ion-md-checkbox-outline\"><\/i>\t\t\t\t\t\t<\/span>\n\t\t\t\t\t\t\t\t\t\t<span class=\"elementor-icon-list-text\">cabinas: 3, camas: 6+2, Ba\u00f1os: 2<\/span>\n\t\t\t\t\t\t\t\t\t<\/li>\n\t\t\t\t\t\t\t\t<li class=\"elementor-icon-list-item\">\n\t\t\t\t\t\t\t\t\t\t\t<span class=\"elementor-icon-list-icon\">\n\t\t\t\t\t\t\t<i aria-hidden=\"true\" class=\"xlio ion-md-checkbox-outline\"><\/i>\t\t\t\t\t\t<\/span>\n\t\t\t\t\t\t\t\t\t\t<span class=\"elementor-icon-list-text\">cabina patr\u00f3n -versi\u00f3n del propietario de lujo<\/span>\n\t\t\t\t\t\t\t\t\t<\/li>\n\t\t\t\t\t\t\t\t<li class=\"elementor-icon-list-item\">\n\t\t\t\t\t\t\t\t\t\t\t<span class=\"elementor-icon-list-icon\">\n\t\t\t\t\t\t\t<i aria-hidden=\"true\" class=\"xlio ion-md-checkbox-outline\"><\/i>\t\t\t\t\t\t<\/span>\n\t\t\t\t\t\t\t\t\t\t<span class=\"elementor-icon-list-text\">vela mayor enrollable, g\u00e9nova enrollable<\/span>\n\t\t\t\t\t\t\t\t\t<\/li>\n\t\t\t\t\t\t\t\t<li class=\"elementor-icon-list-item\">\n\t\t\t\t\t\t\t\t\t\t\t<span class=\"elementor-icon-list-icon\">\n\t\t\t\t\t\t\t<i aria-hidden=\"true\" class=\"xlio ion-md-checkbox-outline\"><\/i>\t\t\t\t\t\t<\/span>\n\t\t\t\t\t\t\t\t\t\t<span class=\"elementor-icon-list-text\">H\u00e9lice de proa, electr. winches <\/span>\n\t\t\t\t\t\t\t\t\t<\/li>\n\t\t\t\t\t\t\t\t<li class=\"elementor-icon-list-item\">\n\t\t\t\t\t\t\t\t\t\t\t<span class=\"elementor-icon-list-icon\">\n\t\t\t\t\t\t\t<i aria-hidden=\"true\" class=\"xlio ion-md-checkbox-outline\"><\/i>\t\t\t\t\t\t<\/span>\n\t\t\t\t\t\t\t\t\t\t<span class=\"elementor-icon-list-text\">Generador, aire acondicionado<\/span>\n\t\t\t\t\t\t\t\t\t<\/li>\n\t\t\t\t\t\t\t\t<li class=\"elementor-icon-list-item\">\n\t\t\t\t\t\t\t\t\t\t\t<span class=\"elementor-icon-list-icon\">\n\t\t\t\t\t\t\t<i aria-hidden=\"true\" class=\"xlio ion-md-checkbox-outline\"><\/i>\t\t\t\t\t\t<\/span>\n\t\t\t\t\t\t\t\t\t\t<span class=\"elementor-icon-list-text\">el\u00e9ctricos aseos electricos y mucho m\u00e1s. <\/span>\n\t\t\t\t\t\t\t\t\t<\/li>\n\t\t\t\t\t\t<\/ul>\n\t\t\t\t\t\t<\/div>\n\t\t\t\t<\/div>\n\t\t\t\t<div class=\"elementor-element elementor-element-12935243 elementor-align-center elementor-widget elementor-widget-button\" data-id=\"12935243\" data-element_type=\"widget\" data-e-type=\"widget\" data-widget_type=\"button.default\">\n\t\t\t\t<div class=\"elementor-widget-container\">\n\t\t\t\t\t\t\t\t\t<div class=\"elementor-button-wrapper\">\n\t\t\t\t\t<a class=\"elementor-button elementor-button-link elementor-size-sm\" href=\"#termine\">\n\t\t\t\t\t\t<span class=\"elementor-button-content-wrapper\">\n\t\t\t\t\t\t\t\t\t<span class=\"elementor-button-text\">Datos t\u00e9cnicos - Fechas disponibles<\/span>\n\t\t\t\t\t<\/span>\n\t\t\t\t\t<\/a>\n\t\t\t\t<\/div>\n\t\t\t\t\t\t\t\t<\/div>\n\t\t\t\t<\/div>\n\t\t\t\t\t<\/div>\n\t\t<\/div>\n\t\t\t\t\t<\/div>\n\t\t<\/section>\n\t\t\t\t<section class=\"elementor-section elementor-top-section elementor-element elementor-element-6ed6d4b8 elementor-section-boxed elementor-section-height-default elementor-section-height-default\" data-id=\"6ed6d4b8\" data-element_type=\"section\" data-e-type=\"section\">\n\t\t\t\t\t\t<div class=\"elementor-container elementor-column-gap-default\">\n\t\t\t\t\t<div class=\"elementor-column elementor-col-100 elementor-top-column elementor-element elementor-element-774ed567\" data-id=\"774ed567\" data-element_type=\"column\" data-e-type=\"column\">\n\t\t\t<div class=\"elementor-widget-wrap elementor-element-populated\">\n\t\t\t\t\t\t<div class=\"elementor-element elementor-element-5cca350f elementor-widget elementor-widget-heading\" data-id=\"5cca350f\" data-element_type=\"widget\" data-e-type=\"widget\" data-widget_type=\"heading.default\">\n\t\t\t\t<div class=\"elementor-widget-container\">\n\t\t\t\t\t<h2 class=\"elementor-heading-title elementor-size-default\">Descripci\u00f3n<\/h2>\t\t\t\t<\/div>\n\t\t\t\t<\/div>\n\t\t\t\t\t<\/div>\n\t\t<\/div>\n\t\t\t\t\t<\/div>\n\t\t<\/section>\n\t\t\t\t<section class=\"elementor-section elementor-top-section elementor-element elementor-element-6e621999 elementor-section-boxed elementor-section-height-default elementor-section-height-default\" data-id=\"6e621999\" data-element_type=\"section\" data-e-type=\"section\">\n\t\t\t\t\t\t<div class=\"elementor-container elementor-column-gap-default\">\n\t\t\t\t\t<div class=\"elementor-column elementor-col-100 elementor-top-column elementor-element elementor-element-4f0a3c14\" data-id=\"4f0a3c14\" data-element_type=\"column\" data-e-type=\"column\">\n\t\t\t<div class=\"elementor-widget-wrap elementor-element-populated\">\n\t\t\t\t\t\t<div class=\"elementor-element elementor-element-4ad3e711 elementor-widget elementor-widget-text-editor\" data-id=\"4ad3e711\" data-element_type=\"widget\" data-e-type=\"widget\" data-widget_type=\"text-editor.default\">\n\t\t\t\t<div class=\"elementor-widget-container\">\n\t\t\t\t\t\t\t\t\t<p>Alquiler de yates de lujo con nosotros<\/p><p>Descubra la belleza incomparable de Mallorca en nuestro lujoso yate de alquiler Beneteau Oceanis 54 &#8211; \u00a1versi\u00f3n del propietario! Con su elegante dise\u00f1o, su lujoso interior y sus impresionantes prestaciones, este yate es la elecci\u00f3n perfecta para sus pr\u00f3ximas vacaciones de lujo en el mar. El dise\u00f1o moderno y los materiales de alta calidad garantizan un ambiente lujoso en el que se sentir\u00e1 como en casa enseguida.  <\/p><p>El Beneteau Oceanis 54 es un barco de alquiler especial con s\u00f3lo 3 camarotes dobles, 2 ba\u00f1os y un camarote de patr\u00f3n en proa y dos camas adicionales en el sal\u00f3n. El amplio lujo creado por el reducido n\u00famero de camarotes tambi\u00e9n se refleja sistem\u00e1ticamente en el mobiliario. <\/p><p>Disfrute de las impresionantes vistas de las aguas turquesas y la pintoresca costa de Mallorca mientras comparte una comida en el comedor de la ba\u00f1era o se relaja en las tumbonas de la cubierta.<\/p><p>Equipamiento: m\u00e1stil enrollable, g\u00e9nova enrollable, h\u00e9lice de proa, winches el\u00e9ctricos, generador, inversor, aire acondicionado, aseos el\u00e9ctricos, mesas de ba\u00f1era el\u00e9ctricas. Convertible en tumbona, embarcaci\u00f3n auxiliar con motor fueraborda en garaje, tumbona en cubierta de proa y mucho m\u00e1s. <\/p><p>Descubra las numerosas calas y playas de Mallorca, Ibiza, Formentera o Menorca y disfrute de la libertad y el servicio que s\u00f3lo un alquiler de yates puede ofrecerle.<\/p>\t\t\t\t\t\t\t\t<\/div>\n\t\t\t\t<\/div>\n\t\t\t\t\t<\/div>\n\t\t<\/div>\n\t\t\t\t\t<\/div>\n\t\t<\/section>\n\t\t\t\t<section class=\"elementor-section elementor-top-section elementor-element elementor-element-200d6953 elementor-section-boxed elementor-section-height-default elementor-section-height-default\" data-id=\"200d6953\" data-element_type=\"section\" data-e-type=\"section\">\n\t\t\t\t\t\t<div class=\"elementor-container elementor-column-gap-default\">\n\t\t\t\t\t<div class=\"elementor-column elementor-col-100 elementor-top-column elementor-element elementor-element-2ac2c7ec\" data-id=\"2ac2c7ec\" data-element_type=\"column\" data-e-type=\"column\">\n\t\t\t<div class=\"elementor-widget-wrap elementor-element-populated\">\n\t\t\t\t\t\t<div class=\"elementor-element elementor-element-3f7ef65b elementor-widget elementor-widget-heading\" data-id=\"3f7ef65b\" data-element_type=\"widget\" data-e-type=\"widget\" data-widget_type=\"heading.default\">\n\t\t\t\t<div class=\"elementor-widget-container\">\n\t\t\t\t\t<h3 class=\"elementor-heading-title elementor-size-default\">EXTERIOR<\/h3>\t\t\t\t<\/div>\n\t\t\t\t<\/div>\n\t\t\t\t\t<\/div>\n\t\t<\/div>\n\t\t\t\t\t<\/div>\n\t\t<\/section>\n\t\t\t\t<section class=\"elementor-section elementor-top-section elementor-element elementor-element-3681243 elementor-section-boxed elementor-section-height-default elementor-section-height-default\" data-id=\"3681243\" data-element_type=\"section\" data-e-type=\"section\">\n\t\t\t\t\t\t<div class=\"elementor-container elementor-column-gap-default\">\n\t\t\t\t\t<div class=\"elementor-column elementor-col-100 elementor-top-column elementor-element elementor-element-1de08cee\" data-id=\"1de08cee\" data-element_type=\"column\" data-e-type=\"column\">\n\t\t\t<div class=\"elementor-widget-wrap elementor-element-populated\">\n\t\t\t\t\t\t<div class=\"elementor-element elementor-element-16bba970 elementor-widget elementor-widget-gallery\" data-id=\"16bba970\" data-element_type=\"widget\" data-e-type=\"widget\" data-settings=\"{&quot;lazyload&quot;:&quot;yes&quot;,&quot;gallery_layout&quot;:&quot;grid&quot;,&quot;columns&quot;:4,&quot;columns_tablet&quot;:2,&quot;columns_mobile&quot;:1,&quot;gap&quot;:{&quot;unit&quot;:&quot;px&quot;,&quot;size&quot;:10,&quot;sizes&quot;:[]},&quot;gap_tablet&quot;:{&quot;unit&quot;:&quot;px&quot;,&quot;size&quot;:10,&quot;sizes&quot;:[]},&quot;gap_mobile&quot;:{&quot;unit&quot;:&quot;px&quot;,&quot;size&quot;:10,&quot;sizes&quot;:[]},&quot;link_to&quot;:&quot;file&quot;,&quot;aspect_ratio&quot;:&quot;3:2&quot;,&quot;overlay_background&quot;:&quot;yes&quot;,&quot;content_hover_animation&quot;:&quot;fade-in&quot;}\" data-widget_type=\"gallery.default\">\n\t\t\t\t<div class=\"elementor-widget-container\">\n\t\t\t\t\t\t\t<div class=\"elementor-gallery__container\">\n\t\t\t\t\t\t\t<a class=\"e-gallery-item elementor-gallery-item elementor-animated-content\" href=\"https:\/\/www.yates-mallorca-charter.de\/wp-content\/uploads\/2024\/03\/Charter-Mallorca-beneteau-oceanis-54-bb-cockpit.jpg\" data-elementor-open-lightbox=\"yes\" data-elementor-lightbox-slideshow=\"16bba970\" data-elementor-lightbox-title=\"Un barco en el agua.\" data-elementor-lightbox-description=\"Un barco en el agua.\" data-e-action-hash=\"#elementor-action%3Aaction%3Dlightbox%26settings%3DeyJpZCI6MjI0NCwidXJsIjoiaHR0cHM6XC9cL3d3dy55YXRlcy1tYWxsb3JjYS1jaGFydGVyLmRlXC93cC1jb250ZW50XC91cGxvYWRzXC8yMDI0XC8wM1wvQ2hhcnRlci1NYWxsb3JjYS1iZW5ldGVhdS1vY2VhbmlzLTU0LWJiLWNvY2twaXQuanBnIiwic2xpZGVzaG93IjoiMTZiYmE5NzAifQ%3D%3D\">\n\t\t\t\t\t<div class=\"e-gallery-image elementor-gallery-item__image\" data-thumbnail=\"https:\/\/www.yates-mallorca-charter.de\/wp-content\/uploads\/2024\/03\/Charter-Mallorca-beneteau-oceanis-54-bb-cockpit-768x576.jpg\" data-width=\"768\" data-height=\"576\" aria-label=\"Velero con timonel\" role=\"img\" ><\/div>\n\t\t\t\t\t\t\t\t\t\t\t<div class=\"elementor-gallery-item__overlay\"><\/div>\n\t\t\t\t\t\t\t\t\t\t\t\t\t\t<\/a>\n\t\t\t\t\t\t\t<a class=\"e-gallery-item elementor-gallery-item elementor-animated-content\" href=\"https:\/\/www.yates-mallorca-charter.de\/wp-content\/uploads\/2024\/03\/Charter-Mallorca-beneteau-oceanis-54-bug.jpg\" data-elementor-open-lightbox=\"yes\" data-elementor-lightbox-slideshow=\"16bba970\" data-elementor-lightbox-title=\"Una foto a\u00e9rea de un velero en el agua.\" data-elementor-lightbox-description=\"Una foto a\u00e9rea de un velero en el agua.\" data-e-action-hash=\"#elementor-action%3Aaction%3Dlightbox%26settings%3DeyJpZCI6MjI0NiwidXJsIjoiaHR0cHM6XC9cL3d3dy55YXRlcy1tYWxsb3JjYS1jaGFydGVyLmRlXC93cC1jb250ZW50XC91cGxvYWRzXC8yMDI0XC8wM1wvQ2hhcnRlci1NYWxsb3JjYS1iZW5ldGVhdS1vY2VhbmlzLTU0LWJ1Zy5qcGciLCJzbGlkZXNob3ciOiIxNmJiYTk3MCJ9\">\n\t\t\t\t\t<div class=\"e-gallery-image elementor-gallery-item__image\" data-thumbnail=\"https:\/\/www.yates-mallorca-charter.de\/wp-content\/uploads\/2024\/03\/Charter-Mallorca-beneteau-oceanis-54-bug-768x575.jpg\" data-width=\"768\" data-height=\"575\" aria-label=\"Un velero con dos personas a bordo\" role=\"img\" ><\/div>\n\t\t\t\t\t\t\t\t\t\t\t<div class=\"elementor-gallery-item__overlay\"><\/div>\n\t\t\t\t\t\t\t\t\t\t\t\t\t\t<\/a>\n\t\t\t\t\t\t\t<a class=\"e-gallery-item elementor-gallery-item elementor-animated-content\" href=\"https:\/\/www.yates-mallorca-charter.de\/wp-content\/uploads\/2024\/03\/Charter-Mallorca-beneteau-oceanis-54-cockpit.jpg\" data-elementor-open-lightbox=\"yes\" data-elementor-lightbox-slideshow=\"16bba970\" data-elementor-lightbox-title=\"07\/07\/2020, Marsella (FRA, 13) Beneteau Oceanis Yacht 54\" data-elementor-lightbox-description=\"Un grupo de personas est\u00e1 sentado en la cubierta de un yate. En lo que respecta al alquiler de yates, disfrutas de la experiencia \u00fanica de alquilar una embarcaci\u00f3n de lujo y vivir la libertad del mar. \" data-e-action-hash=\"#elementor-action%3Aaction%3Dlightbox%26settings%3DeyJpZCI6MjI0OCwidXJsIjoiaHR0cHM6XC9cL3d3dy55YXRlcy1tYWxsb3JjYS1jaGFydGVyLmRlXC93cC1jb250ZW50XC91cGxvYWRzXC8yMDI0XC8wM1wvQ2hhcnRlci1NYWxsb3JjYS1iZW5ldGVhdS1vY2VhbmlzLTU0LWNvY2twaXQuanBnIiwic2xpZGVzaG93IjoiMTZiYmE5NzAifQ%3D%3D\">\n\t\t\t\t\t<div class=\"e-gallery-image elementor-gallery-item__image\" data-thumbnail=\"https:\/\/www.yates-mallorca-charter.de\/wp-content\/uploads\/2024\/03\/Charter-Mallorca-beneteau-oceanis-54-cockpit-768x576.jpg\" data-width=\"768\" data-height=\"576\" aria-label=\"Un grupo de personas est\u00e1 sentado en la cubierta de un yate. En lo que respecta al alquiler de yates, disfrutas de la experiencia \u00fanica de alquilar una embarcaci\u00f3n de lujo y vivir la libertad del mar. \" role=\"img\" ><\/div>\n\t\t\t\t\t\t\t\t\t\t\t<div class=\"elementor-gallery-item__overlay\"><\/div>\n\t\t\t\t\t\t\t\t\t\t\t\t\t\t<\/a>\n\t\t\t\t\t\t\t<a class=\"e-gallery-item elementor-gallery-item elementor-animated-content\" href=\"https:\/\/www.yates-mallorca-charter.de\/wp-content\/uploads\/2024\/03\/Charter-Mallorca-beneteau-oceanis-54-cockpit-sonnenliege.jpg\" data-elementor-open-lightbox=\"yes\" data-elementor-lightbox-slideshow=\"16bba970\" data-elementor-lightbox-title=\"07\/07\/2020, Marsella (FRA, 13) Beneteau Oceanis Yacht 54\" data-elementor-lightbox-description=\"En lo que respecta al alquiler de yates, el interior de una embarcaci\u00f3n suele tener un dise\u00f1o lujoso y estar cuidadosamente decorado. El sof\u00e1 y las sillas de la embarcaci\u00f3n no solo son c\u00f3modos, sino que tambi\u00e9n irradian elegancia y sofisticaci\u00f3n. Contribuyen de forma esencial a crear un ambiente agradable a bordo.  \" data-e-action-hash=\"#elementor-action%3Aaction%3Dlightbox%26settings%3DeyJpZCI6MjI1MCwidXJsIjoiaHR0cHM6XC9cL3d3dy55YXRlcy1tYWxsb3JjYS1jaGFydGVyLmRlXC93cC1jb250ZW50XC91cGxvYWRzXC8yMDI0XC8wM1wvQ2hhcnRlci1NYWxsb3JjYS1iZW5ldGVhdS1vY2VhbmlzLTU0LWNvY2twaXQtc29ubmVubGllZ2UuanBnIiwic2xpZGVzaG93IjoiMTZiYmE5NzAifQ%3D%3D\">\n\t\t\t\t\t<div class=\"e-gallery-image elementor-gallery-item__image\" data-thumbnail=\"https:\/\/www.yates-mallorca-charter.de\/wp-content\/uploads\/2024\/03\/Charter-Mallorca-beneteau-oceanis-54-cockpit-sonnenliege-768x576.jpg\" data-width=\"768\" data-height=\"576\" aria-label=\"En lo que respecta al alquiler de yates, el interior de una embarcaci\u00f3n suele tener un dise\u00f1o lujoso y estar cuidadosamente decorado. El sof\u00e1 y las sillas de la embarcaci\u00f3n no solo son c\u00f3modos, sino que tambi\u00e9n irradian elegancia y sofisticaci\u00f3n. Contribuyen de forma esencial a crear un ambiente agradable a bordo.  \" role=\"img\" ><\/div>\n\t\t\t\t\t\t\t\t\t\t\t<div class=\"elementor-gallery-item__overlay\"><\/div>\n\t\t\t\t\t\t\t\t\t\t\t\t\t\t<\/a>\n\t\t\t\t\t\t\t<a class=\"e-gallery-item elementor-gallery-item elementor-animated-content\" href=\"https:\/\/www.yates-mallorca-charter.de\/wp-content\/uploads\/2024\/03\/Charter-Mallorca-beneteau-oceanis-54-dinghy-garage.jpg\" data-elementor-open-lightbox=\"yes\" data-elementor-lightbox-slideshow=\"16bba970\" data-elementor-lightbox-title=\"07\/07\/2020, Marsella (FRA, 13) Beneteau Oceanis Yacht 54\" data-elementor-lightbox-description=\"Un velero en el oc\u00e9ano con dos personas a bordo, en el contexto del alquiler de yates. Navegar te permite disfrutar de la navegaci\u00f3n y descubrir paisajes impresionantes desde una nueva perspectiva. El alquiler de yates te ofrece la oportunidad de disfrutar de esta experiencia \u00fanica sin necesidad de tener tu propio yate. Adem\u00e1s, te brinda un alto nivel de comodidad y privacidad, y contribuye de forma importante a crear recuerdos inolvidables de tus vacaciones. Tanto si eres principiante como si eres un marinero experimentado, el alquiler de yates es la soluci\u00f3n ideal para tus necesidades y te da la libertad de crear tu propia aventura en el mar.    \" data-e-action-hash=\"#elementor-action%3Aaction%3Dlightbox%26settings%3DeyJpZCI6MjI1MiwidXJsIjoiaHR0cHM6XC9cL3d3dy55YXRlcy1tYWxsb3JjYS1jaGFydGVyLmRlXC93cC1jb250ZW50XC91cGxvYWRzXC8yMDI0XC8wM1wvQ2hhcnRlci1NYWxsb3JjYS1iZW5ldGVhdS1vY2VhbmlzLTU0LWRpbmdoeS1nYXJhZ2UuanBnIiwic2xpZGVzaG93IjoiMTZiYmE5NzAifQ%3D%3D\">\n\t\t\t\t\t<div class=\"e-gallery-image elementor-gallery-item__image\" data-thumbnail=\"https:\/\/www.yates-mallorca-charter.de\/wp-content\/uploads\/2024\/03\/Charter-Mallorca-beneteau-oceanis-54-dinghy-garage-768x576.jpg\" data-width=\"768\" data-height=\"576\" aria-label=\"Un velero en el oc\u00e9ano con dos personas a bordo, en el contexto del alquiler de yates. Navegar te permite disfrutar de la navegaci\u00f3n y descubrir paisajes impresionantes desde una nueva perspectiva. El alquiler de yates te ofrece la oportunidad de disfrutar de esta experiencia \u00fanica sin necesidad de tener tu propio yate. Adem\u00e1s, te brinda un alto nivel de comodidad y privacidad, y contribuye de forma importante a crear recuerdos inolvidables de tus vacaciones. Tanto si eres principiante como si eres un marinero experimentado, el alquiler de yates es la soluci\u00f3n ideal para tus necesidades y te da la libertad de crear tu propia aventura en el mar.    \" role=\"img\" ><\/div>\n\t\t\t\t\t\t\t\t\t\t\t<div class=\"elementor-gallery-item__overlay\"><\/div>\n\t\t\t\t\t\t\t\t\t\t\t\t\t\t<\/a>\n\t\t\t\t\t\t\t<a class=\"e-gallery-item elementor-gallery-item elementor-animated-content\" href=\"https:\/\/www.yates-mallorca-charter.de\/wp-content\/uploads\/2024\/03\/Charter-Mallorca-beneteau-oceanis-54-neu-beneteau-oceanis-54-steuerstand-bb.jpg\" data-elementor-open-lightbox=\"yes\" data-elementor-lightbox-slideshow=\"16bba970\" data-elementor-lightbox-title=\"La cabina de un velero con tim\u00f3n y rueda de tim\u00f3n.\" data-elementor-lightbox-description=\"La cabina de un velero con tim\u00f3n y rueda de tim\u00f3n.\" data-e-action-hash=\"#elementor-action%3Aaction%3Dlightbox%26settings%3DeyJpZCI6MjI1NCwidXJsIjoiaHR0cHM6XC9cL3d3dy55YXRlcy1tYWxsb3JjYS1jaGFydGVyLmRlXC93cC1jb250ZW50XC91cGxvYWRzXC8yMDI0XC8wM1wvQ2hhcnRlci1NYWxsb3JjYS1iZW5ldGVhdS1vY2VhbmlzLTU0LW5ldS1iZW5ldGVhdS1vY2VhbmlzLTU0LXN0ZXVlcnN0YW5kLWJiLmpwZyIsInNsaWRlc2hvdyI6IjE2YmJhOTcwIn0%3D\">\n\t\t\t\t\t<div class=\"e-gallery-image elementor-gallery-item__image\" data-thumbnail=\"https:\/\/www.yates-mallorca-charter.de\/wp-content\/uploads\/2024\/03\/Charter-Mallorca-beneteau-oceanis-54-neu-beneteau-oceanis-54-steuerstand-bb-768x576.jpg\" data-width=\"768\" data-height=\"576\" aria-label=\"Tim\u00f3n y cubierta de un velero\" role=\"img\" ><\/div>\n\t\t\t\t\t\t\t\t\t\t\t<div class=\"elementor-gallery-item__overlay\"><\/div>\n\t\t\t\t\t\t\t\t\t\t\t\t\t\t<\/a>\n\t\t\t\t\t\t\t<a class=\"e-gallery-item elementor-gallery-item elementor-animated-content\" href=\"https:\/\/www.yates-mallorca-charter.de\/wp-content\/uploads\/2024\/03\/Charter-Mallorca-beneteau-oceanis-54-neu-beneteau-oceanis-54-steuerstand-technik.jpg\" data-elementor-open-lightbox=\"yes\" data-elementor-lightbox-slideshow=\"16bba970\" data-elementor-lightbox-title=\"Una mujer estaba usando una pantalla t\u00e1ctil en un velero alquilado.\" data-elementor-lightbox-description=\"Una mujer estaba usando una pantalla t\u00e1ctil en un velero alquilado.\" data-e-action-hash=\"#elementor-action%3Aaction%3Dlightbox%26settings%3DeyJpZCI6MjI1NiwidXJsIjoiaHR0cHM6XC9cL3d3dy55YXRlcy1tYWxsb3JjYS1jaGFydGVyLmRlXC93cC1jb250ZW50XC91cGxvYWRzXC8yMDI0XC8wM1wvQ2hhcnRlci1NYWxsb3JjYS1iZW5ldGVhdS1vY2VhbmlzLTU0LW5ldS1iZW5ldGVhdS1vY2VhbmlzLTU0LXN0ZXVlcnN0YW5kLXRlY2huaWsuanBnIiwic2xpZGVzaG93IjoiMTZiYmE5NzAifQ%3D%3D\">\n\t\t\t\t\t<div class=\"e-gallery-image elementor-gallery-item__image\" data-thumbnail=\"https:\/\/www.yates-mallorca-charter.de\/wp-content\/uploads\/2024\/03\/Charter-Mallorca-beneteau-oceanis-54-neu-beneteau-oceanis-54-steuerstand-technik-768x576.jpg\" data-width=\"768\" data-height=\"576\" aria-label=\"Consola de mando para barco con pantalla t\u00e1ctil\" role=\"img\" ><\/div>\n\t\t\t\t\t\t\t\t\t\t\t<div class=\"elementor-gallery-item__overlay\"><\/div>\n\t\t\t\t\t\t\t\t\t\t\t\t\t\t<\/a>\n\t\t\t\t\t\t\t<a class=\"e-gallery-item elementor-gallery-item elementor-animated-content\" href=\"https:\/\/www.yates-mallorca-charter.de\/wp-content\/uploads\/2024\/03\/Charter-Mallorca-beneteau-oceanis-54-rueckansicht-segelnd.jpg\" data-elementor-open-lightbox=\"yes\" data-elementor-lightbox-slideshow=\"16bba970\" data-elementor-lightbox-title=\"07\/07\/2020, Marsella (FRA, 13) Beneteau Oceanis Yacht 54\" data-elementor-lightbox-description=\"Dos personas est\u00e1n sentadas en la popa de un velero. Disfrutan del tiempo libre y del lujo que te puede ofrecer alquilar un yate. La empresa de alquiler de yates ofrece varias opciones para todo tipo de navegantes, desde principiantes hasta patrones con experiencia. Es una forma maravillosa de descubrir el mar desde una nueva perspectiva y, al mismo tiempo, disfrutar de la tranquilidad y la serenidad del mar abierto. Alquilar un velero es una experiencia inolvidable para cualquiera que adore el agua.    \" data-e-action-hash=\"#elementor-action%3Aaction%3Dlightbox%26settings%3DeyJpZCI6MjI1OCwidXJsIjoiaHR0cHM6XC9cL3d3dy55YXRlcy1tYWxsb3JjYS1jaGFydGVyLmRlXC93cC1jb250ZW50XC91cGxvYWRzXC8yMDI0XC8wM1wvQ2hhcnRlci1NYWxsb3JjYS1iZW5ldGVhdS1vY2VhbmlzLTU0LXJ1ZWNrYW5zaWNodC1zZWdlbG5kLmpwZyIsInNsaWRlc2hvdyI6IjE2YmJhOTcwIn0%3D\">\n\t\t\t\t\t<div class=\"e-gallery-image elementor-gallery-item__image\" data-thumbnail=\"https:\/\/www.yates-mallorca-charter.de\/wp-content\/uploads\/2024\/03\/Charter-Mallorca-beneteau-oceanis-54-rueckansicht-segelnd-768x576.jpg\" data-width=\"768\" data-height=\"576\" aria-label=\"Dos personas est\u00e1n sentadas en la popa de un velero. Disfrutan del tiempo libre y del lujo que te puede ofrecer alquilar un yate. La empresa de alquiler de yates ofrece varias opciones para todo tipo de navegantes, desde principiantes hasta patrones con experiencia. Es una forma maravillosa de descubrir el mar desde una nueva perspectiva y, al mismo tiempo, disfrutar de la tranquilidad y la serenidad del mar abierto. Alquilar un velero es una experiencia inolvidable para cualquiera que adore el agua.    \" role=\"img\" ><\/div>\n\t\t\t\t\t\t\t\t\t\t\t<div class=\"elementor-gallery-item__overlay\"><\/div>\n\t\t\t\t\t\t\t\t\t\t\t\t\t\t<\/a>\n\t\t\t\t\t\t\t<a class=\"e-gallery-item elementor-gallery-item elementor-animated-content\" href=\"https:\/\/www.yates-mallorca-charter.de\/wp-content\/uploads\/2024\/03\/Charter-Mallorca-beneteau-oceanis-54-stb-heck-motor.jpg\" data-elementor-open-lightbox=\"yes\" data-elementor-lightbox-slideshow=\"16bba970\" data-elementor-lightbox-title=\"Alquiler en Mallorca -- Beneteau Oceanis 54 STB con motor en popa\" data-elementor-lightbox-description=\"Un velero blanco navega por el oc\u00e9ano. En lo que respecta al alquiler de yates, la posibilidad de alquilar un barco de lujo durante un tiempo determinado te ofrece una libertad y una flexibilidad incomparables. Tanto si buscas un tranquilo paseo por la costa como una aventura navegando en alta mar, con un barco de alquiler puedes trazar tu propia ruta. Descubre calas rec\u00f3nditas, disfruta del sol y d\u00e9jate llevar por el ritmo relajante de las olas. El alquiler de yates consiste en vivir el mar a tu manera. Y no hay nada m\u00e1s bonito que la imagen de un velero blanco navegando por el oc\u00e9ano azul celeste.     \n\" data-e-action-hash=\"#elementor-action%3Aaction%3Dlightbox%26settings%3DeyJpZCI6MjI2MCwidXJsIjoiaHR0cHM6XC9cL3d3dy55YXRlcy1tYWxsb3JjYS1jaGFydGVyLmRlXC93cC1jb250ZW50XC91cGxvYWRzXC8yMDI0XC8wM1wvQ2hhcnRlci1NYWxsb3JjYS1iZW5ldGVhdS1vY2VhbmlzLTU0LXN0Yi1oZWNrLW1vdG9yLmpwZyIsInNsaWRlc2hvdyI6IjE2YmJhOTcwIn0%3D\">\n\t\t\t\t\t<div class=\"e-gallery-image elementor-gallery-item__image\" data-thumbnail=\"https:\/\/www.yates-mallorca-charter.de\/wp-content\/uploads\/2024\/03\/Charter-Mallorca-beneteau-oceanis-54-stb-heck-motor-768x512.jpg\" data-width=\"768\" data-height=\"512\" aria-label=\"Un velero blanco navega por el oc\u00e9ano. En lo que respecta al alquiler de yates, la posibilidad de alquilar un barco de lujo durante un tiempo determinado te ofrece una libertad y una flexibilidad incomparables. Tanto si buscas un paseo relajado por la costa como una aventura navegando en alta mar, con un barco de alquiler puedes trazar tu propia ruta. Descubre calas rec\u00f3nditas, disfruta del sol y d\u00e9jate llevar por el ritmo de las olas. El alquiler de yates consiste en vivir el mar a tu manera. Y no hay nada m\u00e1s bonito que la imagen de un velero blanco navegando por el oc\u00e9ano azul celeste.     \n\" role=\"img\" ><\/div>\n\t\t\t\t\t\t\t\t\t\t\t<div class=\"elementor-gallery-item__overlay\"><\/div>\n\t\t\t\t\t\t\t\t\t\t\t\t\t\t<\/a>\n\t\t\t\t\t\t\t<a class=\"e-gallery-item elementor-gallery-item elementor-animated-content\" href=\"https:\/\/www.yates-mallorca-charter.de\/wp-content\/uploads\/2024\/03\/Charter-Mallorca-beneteau-oceanis-54-stb-heck-segelnd.jpg\" data-elementor-open-lightbox=\"yes\" data-elementor-lightbox-slideshow=\"16bba970\" data-elementor-lightbox-title=\"Alquiler en Mallorca -- Beneteau Oceanis 54 STB -- popa -- navegando\" data-elementor-lightbox-description=\"Un velero blanco navega por el mar. En lo que respecta al alquiler de yates, esto te ofrece una oportunidad fant\u00e1stica para descubrir de primera mano las bellezas del oc\u00e9ano. Es una experiencia \u00fanica sentir el viento en el pelo y el sol en la piel mientras surcas las olas. Al alquilar un yate, puedes organizarlo todo a tu gusto, desde la ruta hasta el programa diario y las comidas a bordo. Esto lo convierte en la opci\u00f3n perfecta para unas vacaciones personalizadas e inolvidables. Te esperan aventura y descanso en un alquiler de yate a vela blanco por el oc\u00e9ano.     \n\" data-e-action-hash=\"#elementor-action%3Aaction%3Dlightbox%26settings%3DeyJpZCI6MjI2MiwidXJsIjoiaHR0cHM6XC9cL3d3dy55YXRlcy1tYWxsb3JjYS1jaGFydGVyLmRlXC93cC1jb250ZW50XC91cGxvYWRzXC8yMDI0XC8wM1wvQ2hhcnRlci1NYWxsb3JjYS1iZW5ldGVhdS1vY2VhbmlzLTU0LXN0Yi1oZWNrLXNlZ2VsbmQuanBnIiwic2xpZGVzaG93IjoiMTZiYmE5NzAifQ%3D%3D\">\n\t\t\t\t\t<div class=\"e-gallery-image elementor-gallery-item__image\" data-thumbnail=\"https:\/\/www.yates-mallorca-charter.de\/wp-content\/uploads\/2024\/03\/Charter-Mallorca-beneteau-oceanis-54-stb-heck-segelnd-768x512.jpg\" data-width=\"768\" data-height=\"512\" aria-label=\"Un velero blanco navega por el mar. En lo que respecta al alquiler de yates, esto te ofrece una oportunidad fant\u00e1stica para descubrir de primera mano las bellezas del oc\u00e9ano. Es una experiencia \u00fanica sentir el viento en el pelo y el sol en la piel mientras surcas las olas. Al alquilar un yate, puedes organizarlo todo a tu gusto, desde la ruta hasta el programa diario y las comidas a bordo. Esto lo convierte en la opci\u00f3n perfecta para unas vacaciones personalizadas e inolvidables. Te esperan aventura y descanso en un alquiler de yate a vela blanco en el oc\u00e9ano.     \n\" role=\"img\" ><\/div>\n\t\t\t\t\t\t\t\t\t\t\t<div class=\"elementor-gallery-item__overlay\"><\/div>\n\t\t\t\t\t\t\t\t\t\t\t\t\t\t<\/a>\n\t\t\t\t\t\t\t<a class=\"e-gallery-item elementor-gallery-item elementor-animated-content\" href=\"https:\/\/www.yates-mallorca-charter.de\/wp-content\/uploads\/2024\/03\/Charter-Mallorca-beneteau-oceanis-54-stb-segel.jpg\" data-elementor-open-lightbox=\"yes\" data-elementor-lightbox-slideshow=\"16bba970\" data-elementor-lightbox-title=\"Un velero en el mar con dos personas a bordo.\" data-elementor-lightbox-description=\"Un velero en el mar con dos personas a bordo.\" data-e-action-hash=\"#elementor-action%3Aaction%3Dlightbox%26settings%3DeyJpZCI6MjI2NCwidXJsIjoiaHR0cHM6XC9cL3d3dy55YXRlcy1tYWxsb3JjYS1jaGFydGVyLmRlXC93cC1jb250ZW50XC91cGxvYWRzXC8yMDI0XC8wM1wvQ2hhcnRlci1NYWxsb3JjYS1iZW5ldGVhdS1vY2VhbmlzLTU0LXN0Yi1zZWdlbC5qcGciLCJzbGlkZXNob3ciOiIxNmJiYTk3MCJ9\">\n\t\t\t\t\t<div class=\"e-gallery-image elementor-gallery-item__image\" data-thumbnail=\"https:\/\/www.yates-mallorca-charter.de\/wp-content\/uploads\/2024\/03\/Charter-Mallorca-beneteau-oceanis-54-stb-segel-768x576.jpg\" data-width=\"768\" data-height=\"576\" aria-label=\"Un velero entre las olas\" role=\"img\" ><\/div>\n\t\t\t\t\t\t\t\t\t\t\t<div class=\"elementor-gallery-item__overlay\"><\/div>\n\t\t\t\t\t\t\t\t\t\t\t\t\t\t<\/a>\n\t\t\t\t\t<\/div>\n\t\t\t\t\t<\/div>\n\t\t\t\t<\/div>\n\t\t\t\t\t<\/div>\n\t\t<\/div>\n\t\t\t\t\t<\/div>\n\t\t<\/section>\n\t\t\t\t<section class=\"elementor-section elementor-top-section elementor-element elementor-element-3ae62301 elementor-section-boxed elementor-section-height-default elementor-section-height-default\" data-id=\"3ae62301\" data-element_type=\"section\" data-e-type=\"section\">\n\t\t\t\t\t\t<div class=\"elementor-container elementor-column-gap-default\">\n\t\t\t\t\t<div class=\"elementor-column elementor-col-100 elementor-top-column elementor-element elementor-element-6af5d0eb\" data-id=\"6af5d0eb\" data-element_type=\"column\" data-e-type=\"column\">\n\t\t\t<div class=\"elementor-widget-wrap elementor-element-populated\">\n\t\t\t\t\t\t<div class=\"elementor-element elementor-element-77d1e461 elementor-widget elementor-widget-heading\" data-id=\"77d1e461\" data-element_type=\"widget\" data-e-type=\"widget\" data-widget_type=\"heading.default\">\n\t\t\t\t<div class=\"elementor-widget-container\">\n\t\t\t\t\t<h3 class=\"elementor-heading-title elementor-size-default\">INTERIOR<\/h3>\t\t\t\t<\/div>\n\t\t\t\t<\/div>\n\t\t\t\t\t<\/div>\n\t\t<\/div>\n\t\t\t\t\t<\/div>\n\t\t<\/section>\n\t\t\t\t<section class=\"elementor-section elementor-top-section elementor-element elementor-element-591a4efd elementor-section-boxed elementor-section-height-default elementor-section-height-default\" data-id=\"591a4efd\" data-element_type=\"section\" data-e-type=\"section\">\n\t\t\t\t\t\t<div class=\"elementor-container elementor-column-gap-default\">\n\t\t\t\t\t<div class=\"elementor-column elementor-col-100 elementor-top-column elementor-element elementor-element-41987a8c\" data-id=\"41987a8c\" data-element_type=\"column\" data-e-type=\"column\">\n\t\t\t<div class=\"elementor-widget-wrap elementor-element-populated\">\n\t\t\t\t\t\t<div class=\"elementor-element elementor-element-771bcf29 elementor-widget elementor-widget-gallery\" data-id=\"771bcf29\" data-element_type=\"widget\" data-e-type=\"widget\" data-settings=\"{&quot;lazyload&quot;:&quot;yes&quot;,&quot;gallery_layout&quot;:&quot;grid&quot;,&quot;columns&quot;:4,&quot;columns_tablet&quot;:2,&quot;columns_mobile&quot;:1,&quot;gap&quot;:{&quot;unit&quot;:&quot;px&quot;,&quot;size&quot;:10,&quot;sizes&quot;:[]},&quot;gap_tablet&quot;:{&quot;unit&quot;:&quot;px&quot;,&quot;size&quot;:10,&quot;sizes&quot;:[]},&quot;gap_mobile&quot;:{&quot;unit&quot;:&quot;px&quot;,&quot;size&quot;:10,&quot;sizes&quot;:[]},&quot;link_to&quot;:&quot;file&quot;,&quot;aspect_ratio&quot;:&quot;3:2&quot;,&quot;overlay_background&quot;:&quot;yes&quot;,&quot;content_hover_animation&quot;:&quot;fade-in&quot;}\" data-widget_type=\"gallery.default\">\n\t\t\t\t<div class=\"elementor-widget-container\">\n\t\t\t\t\t\t\t<div class=\"elementor-gallery__container\">\n\t\t\t\t\t\t\t<a class=\"e-gallery-item elementor-gallery-item elementor-animated-content\" href=\"https:\/\/www.yates-mallorca-charter.de\/wp-content\/uploads\/2024\/03\/Charter-Mallorca-beneteau-oceanis-54-eignerkab-bad.jpg\" data-elementor-open-lightbox=\"yes\" data-elementor-lightbox-slideshow=\"771bcf29\" data-elementor-lightbox-title=\"Alquiler en Mallorca -- Beneteau Oceanis 54 -- camarote del propietario -- ba\u00f1o\" data-elementor-lightbox-description=\"Un dormitorio en un yate con una cama y un lavabo. Al alquilar un yate, tienes la oportunidad de reservar tu propio yate de lujo privado. Esto incluye tambi\u00e9n un acogedor dormitorio en el yate, que, adem\u00e1s de una cama c\u00f3moda, cuenta incluso con su propio lavabo. As\u00ed, cada viaje se convierte en una experiencia inolvidable de comodidad y lujo.   \" data-e-action-hash=\"#elementor-action%3Aaction%3Dlightbox%26settings%3DeyJpZCI6MjI2NiwidXJsIjoiaHR0cHM6XC9cL3d3dy55YXRlcy1tYWxsb3JjYS1jaGFydGVyLmRlXC93cC1jb250ZW50XC91cGxvYWRzXC8yMDI0XC8wM1wvQ2hhcnRlci1NYWxsb3JjYS1iZW5ldGVhdS1vY2VhbmlzLTU0LWVpZ25lcmthYi1iYWQuanBnIiwic2xpZGVzaG93IjoiNzcxYmNmMjkifQ%3D%3D\">\n\t\t\t\t\t<div class=\"e-gallery-image elementor-gallery-item__image\" data-thumbnail=\"https:\/\/www.yates-mallorca-charter.de\/wp-content\/uploads\/2024\/03\/Charter-Mallorca-beneteau-oceanis-54-eignerkab-bad-768x576.jpg\" data-width=\"768\" data-height=\"576\" aria-label=\"Un dormitorio en un yate con una cama y un lavabo. Al alquilar un yate, tienes la oportunidad de reservar tu propio yate de lujo privado. Esto incluye tambi\u00e9n un acogedor dormitorio en el yate, que, adem\u00e1s de una cama c\u00f3moda, cuenta incluso con su propio lavabo. As\u00ed, cada viaje se convierte en una experiencia inolvidable de comodidad y lujo.   \" role=\"img\" ><\/div>\n\t\t\t\t\t\t\t\t\t\t\t<div class=\"elementor-gallery-item__overlay\"><\/div>\n\t\t\t\t\t\t\t\t\t\t\t\t\t\t<\/a>\n\t\t\t\t\t\t\t<a class=\"e-gallery-item elementor-gallery-item elementor-animated-content\" href=\"https:\/\/www.yates-mallorca-charter.de\/wp-content\/uploads\/2024\/03\/Charter-Mallorca-beneteau-oceanis-54-eignerkabine.jpg\" data-elementor-open-lightbox=\"yes\" data-elementor-lightbox-slideshow=\"771bcf29\" data-elementor-lightbox-title=\"Alquiler en Mallorca -- Beneteau Oceanis 54 -- camarote del propietario\" data-elementor-lightbox-description=\"Mira el alquiler de yates desde una nueva perspectiva. No es solo un simple barco, sino un lugar de lujo sobre el agua: un s\u00edmbolo de libertad y exclusividad. La singularidad de los yates se nota en cada detalle, incluso en un yate exclusivo con una cama en el centro. Esta caracter\u00edstica especial eleva el confort a otro nivel y hace que tu estancia a bordo sea a\u00fan m\u00e1s inolvidable. Descubre la extraordinaria sensaci\u00f3n de vivir a bordo: al\u00e9jate de la rutina diaria y sum\u00e9rgete en el mundo del alquiler de yates, \u00a1un sue\u00f1o que solo unos pocos pueden vivir!    \" data-e-action-hash=\"#elementor-action%3Aaction%3Dlightbox%26settings%3DeyJpZCI6MjI2OCwidXJsIjoiaHR0cHM6XC9cL3d3dy55YXRlcy1tYWxsb3JjYS1jaGFydGVyLmRlXC93cC1jb250ZW50XC91cGxvYWRzXC8yMDI0XC8wM1wvQ2hhcnRlci1NYWxsb3JjYS1iZW5ldGVhdS1vY2VhbmlzLTU0LWVpZ25lcmthYmluZS5qcGciLCJzbGlkZXNob3ciOiI3NzFiY2YyOSJ9\">\n\t\t\t\t\t<div class=\"e-gallery-image elementor-gallery-item__image\" data-thumbnail=\"https:\/\/www.yates-mallorca-charter.de\/wp-content\/uploads\/2024\/03\/Charter-Mallorca-beneteau-oceanis-54-eignerkabine-768x576.jpg\" data-width=\"768\" data-height=\"576\" aria-label=\"Mira el alquiler de yates desde una nueva perspectiva. No es solo un simple barco, sino un lugar de lujo sobre el agua: un s\u00edmbolo de libertad y exclusividad. La singularidad de los yates se nota en cada detalle, incluso en un yate exclusivo con una cama en el centro. Esta caracter\u00edstica especial eleva el confort a otro nivel y hace que tu estancia a bordo sea a\u00fan m\u00e1s inolvidable. Descubre la extraordinaria sensaci\u00f3n de vivir a bordo: al\u00e9jate de la rutina diaria y sum\u00e9rgete en el mundo del alquiler de yates, \u00a1un sue\u00f1o que solo unos pocos pueden vivir!    \" role=\"img\" ><\/div>\n\t\t\t\t\t\t\t\t\t\t\t<div class=\"elementor-gallery-item__overlay\"><\/div>\n\t\t\t\t\t\t\t\t\t\t\t\t\t\t<\/a>\n\t\t\t\t\t\t\t<a class=\"e-gallery-item elementor-gallery-item elementor-animated-content\" href=\"https:\/\/www.yates-mallorca-charter.de\/wp-content\/uploads\/2024\/03\/Charter-Mallorca-beneteau-oceanis54-esstisch.jpg\" data-elementor-open-lightbox=\"yes\" data-elementor-lightbox-slideshow=\"771bcf29\" data-elementor-lightbox-title=\"Charter-Mallorca--beneteau-oceanis54-mesa de comedor\" data-elementor-lightbox-description=\"En lo que respecta al alquiler de yates, el interior de una embarcaci\u00f3n juega un papel fundamental. Un interior c\u00f3modo y bien dise\u00f1ado puede marcar una gran diferencia en la experiencia a bordo. El equipamiento interior de una embarcaci\u00f3n puede incluir, entre otras cosas, un sof\u00e1 y una mesa de comedor. Estos elementos ayudan a que los hu\u00e9spedes se sientan como en casa y puedan sentarse juntos c\u00f3modamente para comer o simplemente relajarse. Es importante que estas zonas tengan un dise\u00f1o atractivo, ya que suelen marcar la primera impresi\u00f3n del barco y pueden influir de manera decisiva en que los hu\u00e9spedes del alquiler se sientan a gusto a bordo o no.    \" data-e-action-hash=\"#elementor-action%3Aaction%3Dlightbox%26settings%3DeyJpZCI6MjI3MCwidXJsIjoiaHR0cHM6XC9cL3d3dy55YXRlcy1tYWxsb3JjYS1jaGFydGVyLmRlXC93cC1jb250ZW50XC91cGxvYWRzXC8yMDI0XC8wM1wvQ2hhcnRlci1NYWxsb3JjYS1iZW5ldGVhdS1vY2VhbmlzNTQtZXNzdGlzY2guanBnIiwic2xpZGVzaG93IjoiNzcxYmNmMjkifQ%3D%3D\">\n\t\t\t\t\t<div class=\"e-gallery-image elementor-gallery-item__image\" data-thumbnail=\"https:\/\/www.yates-mallorca-charter.de\/wp-content\/uploads\/2024\/03\/Charter-Mallorca-beneteau-oceanis54-esstisch-768x576.jpg\" data-width=\"768\" data-height=\"576\" aria-label=\"En lo que respecta al alquiler de yates, el interior de una embarcaci\u00f3n juega un papel fundamental. Un interior c\u00f3modo y bien dise\u00f1ado puede marcar una gran diferencia en la experiencia a bordo. El equipamiento interior de una embarcaci\u00f3n puede incluir, entre otras cosas, un sof\u00e1 y una mesa de comedor. Estos elementos ayudan a que los hu\u00e9spedes se sientan como en casa y puedan sentarse juntos c\u00f3modamente para comer o simplemente relajarse. Es importante que estas zonas tengan un dise\u00f1o atractivo, ya que suelen marcar la primera impresi\u00f3n del barco y pueden influir de manera decisiva en que los hu\u00e9spedes del alquiler se sientan a gusto a bordo o no.    \" role=\"img\" ><\/div>\n\t\t\t\t\t\t\t\t\t\t\t<div class=\"elementor-gallery-item__overlay\"><\/div>\n\t\t\t\t\t\t\t\t\t\t\t\t\t\t<\/a>\n\t\t\t\t\t\t\t<a class=\"e-gallery-item elementor-gallery-item elementor-animated-content\" href=\"https:\/\/www.yates-mallorca-charter.de\/wp-content\/uploads\/2024\/03\/Charter-Mallorca-beneteau-oceanis-54-kartentisch.jpg\" data-elementor-open-lightbox=\"yes\" data-elementor-lightbox-slideshow=\"771bcf29\" data-elementor-lightbox-title=\"Charter-Mallorca--Beneteau Oceanis 54-mesa de cartas\" data-elementor-lightbox-description=\"Mira el alquiler de yates desde una nueva perspectiva imagin\u00e1ndote el interior de un barco con un sof\u00e1 y un escritorio. El acogedor sof\u00e1 es el lugar perfecto para relajarte, mientras que el escritorio te ofrece espacio para trabajar o planificar futuras maniobras. Pr\u00e1ctico y c\u00f3modo a la vez, ampl\u00eda las posibilidades a bordo y convierte tu alquiler de yates en una experiencia inolvidable.  \" data-e-action-hash=\"#elementor-action%3Aaction%3Dlightbox%26settings%3DeyJpZCI6MjI3MiwidXJsIjoiaHR0cHM6XC9cL3d3dy55YXRlcy1tYWxsb3JjYS1jaGFydGVyLmRlXC93cC1jb250ZW50XC91cGxvYWRzXC8yMDI0XC8wM1wvQ2hhcnRlci1NYWxsb3JjYS1iZW5ldGVhdS1vY2VhbmlzLTU0LWthcnRlbnRpc2NoLmpwZyIsInNsaWRlc2hvdyI6Ijc3MWJjZjI5In0%3D\">\n\t\t\t\t\t<div class=\"e-gallery-image elementor-gallery-item__image\" data-thumbnail=\"https:\/\/www.yates-mallorca-charter.de\/wp-content\/uploads\/2024\/03\/Charter-Mallorca-beneteau-oceanis-54-kartentisch-768x576.jpg\" data-width=\"768\" data-height=\"576\" aria-label=\"Mira el alquiler de yates desde una nueva perspectiva imagin\u00e1ndote el interior de un barco con un sof\u00e1 y un escritorio. El acogedor sof\u00e1 es el lugar perfecto para relajarte, mientras que el escritorio te ofrece espacio para trabajar o planificar futuras maniobras. Pr\u00e1ctico y c\u00f3modo a la vez, ampl\u00eda las posibilidades a bordo y convierte tu alquiler de yates en una experiencia inolvidable.  \" role=\"img\" ><\/div>\n\t\t\t\t\t\t\t\t\t\t\t<div class=\"elementor-gallery-item__overlay\"><\/div>\n\t\t\t\t\t\t\t\t\t\t\t\t\t\t<\/a>\n\t\t\t\t\t\t\t<a class=\"e-gallery-item elementor-gallery-item elementor-animated-content\" href=\"https:\/\/www.yates-mallorca-charter.de\/wp-content\/uploads\/2024\/03\/Charter-Mallorca-beneteau-oceanis-54-kueche.jpg\" data-elementor-open-lightbox=\"yes\" data-elementor-lightbox-slideshow=\"771bcf29\" data-elementor-lightbox-title=\"Charter-Mallorca--beneteau-oceanis-54-cocina\" data-elementor-lightbox-description=\"Mira el alquiler de yates desde otra perspectiva. Imag\u00ednate la cocina de un barco con unas vistas impresionantes al oc\u00e9ano. Desde preparar platos de alta cocina con vistas al mar infinito hasta disfrutar de una magn\u00edfica puesta de sol directamente desde el comedor de tu yate: esto es alquilar un yate a otro nivel. No se trata solo de navegar, sino de una experiencia completa que recordar\u00e1s toda la vida.   \" data-e-action-hash=\"#elementor-action%3Aaction%3Dlightbox%26settings%3DeyJpZCI6MjI3NCwidXJsIjoiaHR0cHM6XC9cL3d3dy55YXRlcy1tYWxsb3JjYS1jaGFydGVyLmRlXC93cC1jb250ZW50XC91cGxvYWRzXC8yMDI0XC8wM1wvQ2hhcnRlci1NYWxsb3JjYS1iZW5ldGVhdS1vY2VhbmlzLTU0LWt1ZWNoZS5qcGciLCJzbGlkZXNob3ciOiI3NzFiY2YyOSJ9\">\n\t\t\t\t\t<div class=\"e-gallery-image elementor-gallery-item__image\" data-thumbnail=\"https:\/\/www.yates-mallorca-charter.de\/wp-content\/uploads\/2024\/03\/Charter-Mallorca-beneteau-oceanis-54-kueche-768x576.jpg\" data-width=\"768\" data-height=\"576\" aria-label=\"Mira el alquiler de yates desde otra perspectiva. Imag\u00ednate la cocina de un barco con unas vistas impresionantes al oc\u00e9ano. Desde preparar platos de alta cocina con vistas al mar infinito hasta disfrutar de una magn\u00edfica puesta de sol directamente desde el comedor de tu yate: esto es alquilar un yate a otro nivel. No se trata solo de navegar, sino de una experiencia completa que recordar\u00e1s toda la vida.   \" role=\"img\" ><\/div>\n\t\t\t\t\t\t\t\t\t\t\t<div class=\"elementor-gallery-item__overlay\"><\/div>\n\t\t\t\t\t\t\t\t\t\t\t\t\t\t<\/a>\n\t\t\t\t\t\t\t<a class=\"e-gallery-item elementor-gallery-item elementor-animated-content\" href=\"https:\/\/www.yates-mallorca-charter.de\/wp-content\/uploads\/2024\/03\/Charter-Mallorca-beneteau-oceanis-54-niedergang-kueche.jpg\" data-elementor-open-lightbox=\"yes\" data-elementor-lightbox-slideshow=\"771bcf29\" data-elementor-lightbox-title=\"Alquiler en Mallorca -- Beneteau Oceanis 54 -- Escalera de acceso a la cocina\" data-elementor-lightbox-description=\"En lo que respecta al alquiler de yates, el interior de la embarcaci\u00f3n combina funcionalidad y lujo. Una escalera te lleva suavemente hasta la c\u00f3moda zona de estar. Aqu\u00ed hay un sof\u00e1 en el que puedes relajarte y disfrutar de las fascinantes vistas. Cada detalle a bordo se ha pensado minuciosamente para que tu estancia sea lo m\u00e1s agradable posible. Tanto si tienes pensado hacer una ruta en velero como si simplemente quieres pasar un d\u00eda de descanso en el agua, este yate te ofrece el escenario perfecto para vivir experiencias inolvidables.    \n\" data-e-action-hash=\"#elementor-action%3Aaction%3Dlightbox%26settings%3DeyJpZCI6MjI3NiwidXJsIjoiaHR0cHM6XC9cL3d3dy55YXRlcy1tYWxsb3JjYS1jaGFydGVyLmRlXC93cC1jb250ZW50XC91cGxvYWRzXC8yMDI0XC8wM1wvQ2hhcnRlci1NYWxsb3JjYS1iZW5ldGVhdS1vY2VhbmlzLTU0LW5pZWRlcmdhbmcta3VlY2hlLmpwZyIsInNsaWRlc2hvdyI6Ijc3MWJjZjI5In0%3D\">\n\t\t\t\t\t<div class=\"e-gallery-image elementor-gallery-item__image\" data-thumbnail=\"https:\/\/www.yates-mallorca-charter.de\/wp-content\/uploads\/2024\/03\/Charter-Mallorca-beneteau-oceanis-54-niedergang-kueche-768x576.jpg\" data-width=\"768\" data-height=\"576\" aria-label=\"En lo que respecta al alquiler de yates, el interior de la embarcaci\u00f3n combina funcionalidad y lujo. Una escalera te lleva suavemente hasta la c\u00f3moda zona de estar. Aqu\u00ed hay un sof\u00e1 en el que puedes relajarte y disfrutar de las fascinantes vistas. Cada detalle a bordo se ha pensado minuciosamente para que tu estancia sea lo m\u00e1s agradable posible. Tanto si tienes pensado hacer una ruta en velero como si simplemente quieres pasar un d\u00eda tranquilo en el agua, este yate te ofrece el escenario perfecto para vivir experiencias inolvidables.    \n\" role=\"img\" ><\/div>\n\t\t\t\t\t\t\t\t\t\t\t<div class=\"elementor-gallery-item__overlay\"><\/div>\n\t\t\t\t\t\t\t\t\t\t\t\t\t\t<\/a>\n\t\t\t\t\t\t\t<a class=\"e-gallery-item elementor-gallery-item elementor-animated-content\" href=\"https:\/\/www.yates-mallorca-charter.de\/wp-content\/uploads\/2024\/03\/Charter-Mallorca-beneteau-oceanis-54-salon.jpg\" data-elementor-open-lightbox=\"yes\" data-elementor-lightbox-slideshow=\"771bcf29\" data-elementor-lightbox-title=\"Alquiler en Mallorca -- Beneteau Oceanis 54 Salon\" data-elementor-lightbox-description=\"Echa un vistazo a los alquileres de yates, sobre todo al interior de un yate de lujo con claraboya. La decoraci\u00f3n interior de un yate de lujo es fascinante. Con una claraboya, el yate tiene un aspecto exterior mejorado y tambi\u00e9n da la sensaci\u00f3n de mayor amplitud en el interior. Esto garantiza una iluminaci\u00f3n natural suficiente durante el d\u00eda, lo que ilumina el ambiente en el interior del yate y lo mejora. La pr\u00f3xima vez que te plantees alquilar un yate, busca estas caracter\u00edsticas en el equipamiento para que tu experiencia en el mar sea a\u00fan m\u00e1s agradable.    \" data-e-action-hash=\"#elementor-action%3Aaction%3Dlightbox%26settings%3DeyJpZCI6MjI3OCwidXJsIjoiaHR0cHM6XC9cL3d3dy55YXRlcy1tYWxsb3JjYS1jaGFydGVyLmRlXC93cC1jb250ZW50XC91cGxvYWRzXC8yMDI0XC8wM1wvQ2hhcnRlci1NYWxsb3JjYS1iZW5ldGVhdS1vY2VhbmlzLTU0LXNhbG9uLmpwZyIsInNsaWRlc2hvdyI6Ijc3MWJjZjI5In0%3D\">\n\t\t\t\t\t<div class=\"e-gallery-image elementor-gallery-item__image\" data-thumbnail=\"https:\/\/www.yates-mallorca-charter.de\/wp-content\/uploads\/2024\/03\/Charter-Mallorca-beneteau-oceanis-54-salon-768x543.jpg\" data-width=\"768\" data-height=\"543\" aria-label=\"Echa un vistazo a los alquileres de yates, sobre todo al interior de un yate de lujo con claraboya. La decoraci\u00f3n interior de un yate de lujo es fascinante. Con una claraboya, el yate tiene un aspecto exterior mejorado y tambi\u00e9n da la sensaci\u00f3n de mayor amplitud en el interior. Esto garantiza una iluminaci\u00f3n natural suficiente durante el d\u00eda, lo que ilumina el ambiente en el interior del yate y lo mejora. La pr\u00f3xima vez que te plantees alquilar un yate, busca estas caracter\u00edsticas en el equipamiento para que tu experiencia en el mar sea a\u00fan m\u00e1s agradable.    \" role=\"img\" ><\/div>\n\t\t\t\t\t\t\t\t\t\t\t<div class=\"elementor-gallery-item__overlay\"><\/div>\n\t\t\t\t\t\t\t\t\t\t\t\t\t\t<\/a>\n\t\t\t\t\t\t\t<a class=\"e-gallery-item elementor-gallery-item elementor-animated-content\" href=\"https:\/\/www.yates-mallorca-charter.de\/wp-content\/uploads\/2024\/03\/Charter-Mallorca-beneteau-oceanis-54-salon-kueche.jpg\" data-elementor-open-lightbox=\"yes\" data-elementor-lightbox-slideshow=\"771bcf29\" data-elementor-lightbox-title=\"El interior de un velero con cocina y zona de comedor.\" data-elementor-lightbox-description=\"El interior de un velero con cocina y zona de comedor.\" data-e-action-hash=\"#elementor-action%3Aaction%3Dlightbox%26settings%3DeyJpZCI6MjI4MCwidXJsIjoiaHR0cHM6XC9cL3d3dy55YXRlcy1tYWxsb3JjYS1jaGFydGVyLmRlXC93cC1jb250ZW50XC91cGxvYWRzXC8yMDI0XC8wM1wvQ2hhcnRlci1NYWxsb3JjYS1iZW5ldGVhdS1vY2VhbmlzLTU0LXNhbG9uLWt1ZWNoZS5qcGciLCJzbGlkZXNob3ciOiI3NzFiY2YyOSJ9\">\n\t\t\t\t\t<div class=\"e-gallery-image elementor-gallery-item__image\" data-thumbnail=\"https:\/\/www.yates-mallorca-charter.de\/wp-content\/uploads\/2024\/03\/Charter-Mallorca-beneteau-oceanis-54-salon-kueche-768x576.jpg\" data-width=\"768\" data-height=\"576\" aria-label=\"Sal\u00f3n de yates de lujo\" role=\"img\" ><\/div>\n\t\t\t\t\t\t\t\t\t\t\t<div class=\"elementor-gallery-item__overlay\"><\/div>\n\t\t\t\t\t\t\t\t\t\t\t\t\t\t<\/a>\n\t\t\t\t\t<\/div>\n\t\t\t\t\t<\/div>\n\t\t\t\t<\/div>\n\t\t\t\t\t<\/div>\n\t\t<\/div>\n\t\t\t\t\t<\/div>\n\t\t<\/section>\n\t\t\t\t<section class=\"elementor-section elementor-top-section elementor-element elementor-element-51fe094c elementor-section-boxed elementor-section-height-default elementor-section-height-default\" data-id=\"51fe094c\" data-element_type=\"section\" data-e-type=\"section\">\n\t\t\t\t\t\t<div class=\"elementor-container elementor-column-gap-default\">\n\t\t\t\t\t<div class=\"elementor-column elementor-col-100 elementor-top-column elementor-element elementor-element-e9f10e1\" data-id=\"e9f10e1\" data-element_type=\"column\" data-e-type=\"column\">\n\t\t\t<div class=\"elementor-widget-wrap elementor-element-populated\">\n\t\t\t\t\t\t<div class=\"elementor-element elementor-element-7c6fefab elementor-widget elementor-widget-heading\" data-id=\"7c6fefab\" data-element_type=\"widget\" data-e-type=\"widget\" data-widget_type=\"heading.default\">\n\t\t\t\t<div class=\"elementor-widget-container\">\n\t\t\t\t\t<h3 class=\"elementor-heading-title elementor-size-default\">DESE\u00d1OS<\/h3>\t\t\t\t<\/div>\n\t\t\t\t<\/div>\n\t\t\t\t\t<\/div>\n\t\t<\/div>\n\t\t\t\t\t<\/div>\n\t\t<\/section>\n\t\t\t\t<section class=\"elementor-section elementor-top-section elementor-element elementor-element-42e7ec66 elementor-section-boxed elementor-section-height-default elementor-section-height-default\" data-id=\"42e7ec66\" data-element_type=\"section\" data-e-type=\"section\">\n\t\t\t\t\t\t<div class=\"elementor-container elementor-column-gap-default\">\n\t\t\t\t\t<div class=\"elementor-column elementor-col-100 elementor-top-column elementor-element elementor-element-78c0b2e2\" data-id=\"78c0b2e2\" data-element_type=\"column\" data-e-type=\"column\">\n\t\t\t<div class=\"elementor-widget-wrap elementor-element-populated\">\n\t\t\t\t\t\t<div class=\"elementor-element elementor-element-250e8fa3 elementor-widget elementor-widget-gallery\" data-id=\"250e8fa3\" data-element_type=\"widget\" data-e-type=\"widget\" data-settings=\"{&quot;lazyload&quot;:&quot;yes&quot;,&quot;gallery_layout&quot;:&quot;grid&quot;,&quot;columns&quot;:4,&quot;columns_tablet&quot;:2,&quot;columns_mobile&quot;:1,&quot;gap&quot;:{&quot;unit&quot;:&quot;px&quot;,&quot;size&quot;:10,&quot;sizes&quot;:[]},&quot;gap_tablet&quot;:{&quot;unit&quot;:&quot;px&quot;,&quot;size&quot;:10,&quot;sizes&quot;:[]},&quot;gap_mobile&quot;:{&quot;unit&quot;:&quot;px&quot;,&quot;size&quot;:10,&quot;sizes&quot;:[]},&quot;link_to&quot;:&quot;file&quot;,&quot;aspect_ratio&quot;:&quot;3:2&quot;,&quot;overlay_background&quot;:&quot;yes&quot;,&quot;content_hover_animation&quot;:&quot;fade-in&quot;}\" data-widget_type=\"gallery.default\">\n\t\t\t\t<div class=\"elementor-widget-container\">\n\t\t\t\t\t\t\t<div class=\"elementor-gallery__container\">\n\t\t\t\t\t\t\t<a class=\"e-gallery-item elementor-gallery-item elementor-animated-content\" href=\"https:\/\/www.yates-mallorca-charter.de\/wp-content\/uploads\/2024\/03\/Charter-Mallorca-beneteau-oceanis-54-layout-kabinen.jpg\" data-elementor-open-lightbox=\"yes\" data-elementor-lightbox-slideshow=\"250e8fa3\" data-elementor-lightbox-title=\"Un plano de un barco con cocina y zona de estar.\" data-elementor-lightbox-description=\"Un plano de un barco con cocina y zona de estar.\" data-e-action-hash=\"#elementor-action%3Aaction%3Dlightbox%26settings%3DeyJpZCI6MjI4MiwidXJsIjoiaHR0cHM6XC9cL3d3dy55YXRlcy1tYWxsb3JjYS1jaGFydGVyLmRlXC93cC1jb250ZW50XC91cGxvYWRzXC8yMDI0XC8wM1wvQ2hhcnRlci1NYWxsb3JjYS1iZW5ldGVhdS1vY2VhbmlzLTU0LWxheW91dC1rYWJpbmVuLmpwZyIsInNsaWRlc2hvdyI6IjI1MGU4ZmEzIn0%3D\">\n\t\t\t\t\t<div class=\"e-gallery-image elementor-gallery-item__image\" data-thumbnail=\"https:\/\/www.yates-mallorca-charter.de\/wp-content\/uploads\/2024\/03\/Charter-Mallorca-beneteau-oceanis-54-layout-kabinen-768x576.jpg\" data-width=\"768\" data-height=\"576\" aria-label=\"Plano del yate: zonas de descanso y zona de estar\" role=\"img\" ><\/div>\n\t\t\t\t\t\t\t\t\t\t\t<div class=\"elementor-gallery-item__overlay\"><\/div>\n\t\t\t\t\t\t\t\t\t\t\t\t\t\t<\/a>\n\t\t\t\t\t\t\t<a class=\"e-gallery-item elementor-gallery-item elementor-animated-content\" href=\"https:\/\/www.yates-mallorca-charter.de\/wp-content\/uploads\/2024\/03\/Charter-Mallorca-beneteau-oceanis-54-neu-beneteau-oceanis-54-decksplan.jpg\" data-elementor-open-lightbox=\"yes\" data-elementor-lightbox-slideshow=\"250e8fa3\" data-elementor-lightbox-title=\"Una vista desde arriba de un barco con una cubierta grande.\" data-elementor-lightbox-description=\"Una vista desde arriba de un barco con una cubierta grande.\" data-e-action-hash=\"#elementor-action%3Aaction%3Dlightbox%26settings%3DeyJpZCI6MjI4NCwidXJsIjoiaHR0cHM6XC9cL3d3dy55YXRlcy1tYWxsb3JjYS1jaGFydGVyLmRlXC93cC1jb250ZW50XC91cGxvYWRzXC8yMDI0XC8wM1wvQ2hhcnRlci1NYWxsb3JjYS1iZW5ldGVhdS1vY2VhbmlzLTU0LW5ldS1iZW5ldGVhdS1vY2VhbmlzLTU0LWRlY2tzcGxhbi5qcGciLCJzbGlkZXNob3ciOiIyNTBlOGZhMyJ9\">\n\t\t\t\t\t<div class=\"e-gallery-image elementor-gallery-item__image\" data-thumbnail=\"https:\/\/www.yates-mallorca-charter.de\/wp-content\/uploads\/2024\/03\/Charter-Mallorca-beneteau-oceanis-54-neu-beneteau-oceanis-54-decksplan-768x576.jpg\" data-width=\"768\" data-height=\"576\" aria-label=\"Yate de vela de lujo blanco visto desde arriba\" role=\"img\" ><\/div>\n\t\t\t\t\t\t\t\t\t\t\t<div class=\"elementor-gallery-item__overlay\"><\/div>\n\t\t\t\t\t\t\t\t\t\t\t\t\t\t<\/a>\n\t\t\t\t\t<\/div>\n\t\t\t\t\t<\/div>\n\t\t\t\t<\/div>\n\t\t\t\t\t<\/div>\n\t\t<\/div>\n\t\t\t\t\t<\/div>\n\t\t<\/section>\n\t\t\t\t<section class=\"elementor-section elementor-top-section elementor-element elementor-element-9f79d71 elementor-section-boxed elementor-section-height-default elementor-section-height-default\" data-id=\"9f79d71\" data-element_type=\"section\" data-e-type=\"section\" id=\"termine\">\n\t\t\t\t\t\t<div class=\"elementor-container elementor-column-gap-default\">\n\t\t\t\t\t<div class=\"elementor-column elementor-col-100 elementor-top-column elementor-element elementor-element-6045a60\" data-id=\"6045a60\" data-element_type=\"column\" data-e-type=\"column\">\n\t\t\t<div class=\"elementor-widget-wrap elementor-element-populated\">\n\t\t\t\t\t\t<div class=\"elementor-element elementor-element-df8d7bc elementor-widget elementor-widget-spacer\" data-id=\"df8d7bc\" data-element_type=\"widget\" data-e-type=\"widget\" data-widget_type=\"spacer.default\">\n\t\t\t\t<div class=\"elementor-widget-container\">\n\t\t\t\t\t\t\t<div class=\"elementor-spacer\">\n\t\t\t<div class=\"elementor-spacer-inner\"><\/div>\n\t\t<\/div>\n\t\t\t\t\t\t<\/div>\n\t\t\t\t<\/div>\n\t\t\t\t\t<\/div>\n\t\t<\/div>\n\t\t\t\t\t<\/div>\n\t\t<\/section>\n\t\t\t\t<section class=\"elementor-section elementor-top-section elementor-element elementor-element-c944db0 elementor-section-boxed elementor-section-height-default elementor-section-height-default\" data-id=\"c944db0\" data-element_type=\"section\" data-e-type=\"section\">\n\t\t\t\t\t\t<div class=\"elementor-container elementor-column-gap-default\">\n\t\t\t\t\t<div class=\"elementor-column elementor-col-100 elementor-top-column elementor-element elementor-element-c1e1265\" data-id=\"c1e1265\" data-element_type=\"column\" data-e-type=\"column\">\n\t\t\t<div class=\"elementor-widget-wrap elementor-element-populated\">\n\t\t\t\t\t\t<div class=\"elementor-element elementor-element-070113f elementor-widget elementor-widget-shortcode\" data-id=\"070113f\" data-element_type=\"widget\" data-e-type=\"widget\" data-widget_type=\"shortcode.default\">\n\t\t\t\t<div class=\"elementor-widget-container\">\n\t\t\t\t\t\t\t<div class=\"elementor-shortcode\"><div class=\"ycbb-shortcode-wrap\">\n\t\t\t\t\t\t\t\t\t\t\t<div class=\"ycbb-availability\"\n\t\t\t\t\tdata-ycbb-post-id=\"6799\"\n\t\t\t\t\tdata-ycbb-months=\"3\"\n\t\t\t\t\tdata-ycbb-lang=\"es\"\n\t\t\t\t\tdata-ycbb-open-modal=\"ycbb-modal-6799-1\"\n\t\t\t\t\tdata-ycbb-open-src=\"https:\/\/www.booking-manager.com\/wbm2\/page.html?view=YachtDetails&#038;yachtId=5587685940000106824&#038;companyid=6824&#038;setlang=es&#038;target=_blank\"\n\t\t\t\t\tdata-ycbb-label=\"Datos T\u00e9cnicos \u2013 Fechas Disponibles\">\n\t\t\t\t\t<div class=\"ycbb-availability__loading\">Cargando disponibilidad \u2026<\/div>\n\t\t\t\t<\/div>\n\t\t\t\n\t\t\t<div class=\"ycbb-modal\" id=\"ycbb-modal-6799-1\" aria-hidden=\"true\">\n\t\t\t\t<div class=\"ycbb-modal__overlay\" data-ycbb-close><\/div>\n\t\t\t\t<div class=\"ycbb-modal__box\" role=\"dialog\" aria-modal=\"true\" aria-labelledby=\"ycbb-modal-title-6799-1\">\n\t\t\t\t\t<span id=\"ycbb-modal-title-6799-1\" class=\"screen-reader-text\">Datos T\u00e9cnicos \u2013 Fechas Disponibles<\/span>\n\t\t\t\t\t<button type=\"button\" class=\"ycbb-modal__close\" data-ycbb-close aria-label=\"Cerrar\">&times;<\/button>\n\t\t\t\t\t<div class=\"ycbb-modal__loading\" aria-hidden=\"true\"><\/div>\n\t\t\t\t\t<iframe id=\"wbmResult\"\n\t\t\t\t\t\tclass=\"ycbb-modal__iframe\"\n\t\t\t\t\t\tsrc=\"\"\n\t\t\t\t\t\tscrolling=\"auto\"\n\t\t\t\t\t\tallowtransparency=\"true\"\n\t\t\t\t\t\tloading=\"lazy\"\n\t\t\t\t\t\ttitle=\"Datos T\u00e9cnicos \u2013 Fechas Disponibles\"><\/iframe>\n\t\t\t\t<\/div>\n\t\t\t<\/div>\n\t\t<\/div><\/div>\n\t\t\t\t\t\t<\/div>\n\t\t\t\t<\/div>\n\t\t\t\t\t<\/div>\n\t\t<\/div>\n\t\t\t\t\t<\/div>\n\t\t<\/section>\n\t\t\t\t<\/div>\n\t\t","protected":false},"excerpt":{"rendered":"<p>Destacados cabinas: 3, camas: 6+2, Ba\u00f1os: 2 cabina patr\u00f3n -versi\u00f3n del propietario de lujo vela mayor enrollable, g\u00e9nova enrollable H\u00e9lice de proa, electr. winches Generador, aire acondicionado el\u00e9ctricos aseos electricos y mucho m\u00e1s. Datos t\u00e9cnicos &#8211; Fechas disponibles Descripci\u00f3n Alquiler de yates de lujo con nosotros Descubra la belleza incomparable de Mallorca en nuestro lujoso [&hellip;]<\/p>\n","protected":false},"author":1,"featured_media":2242,"comment_status":"closed","ping_status":"closed","sticky":false,"template":"","format":"standard","meta":{"footnotes":""},"categories":[35],"tags":[],"class_list":["post-2596","post","type-post","status-publish","format-standard","has-post-thumbnail","hentry","category-barcos-a-vela"],"_links":{"self":[{"href":"https:\/\/www.yates-mallorca-charter.de\/es\/wp-json\/wp\/v2\/posts\/2596","targetHints":{"allow":["GET"]}}],"collection":[{"href":"https:\/\/www.yates-mallorca-charter.de\/es\/wp-json\/wp\/v2\/posts"}],"about":[{"href":"https:\/\/www.yates-mallorca-charter.de\/es\/wp-json\/wp\/v2\/types\/post"}],"author":[{"embeddable":true,"href":"https:\/\/www.yates-mallorca-charter.de\/es\/wp-json\/wp\/v2\/users\/1"}],"replies":[{"embeddable":true,"href":"https:\/\/www.yates-mallorca-charter.de\/es\/wp-json\/wp\/v2\/comments?post=2596"}],"version-history":[{"count":3,"href":"https:\/\/www.yates-mallorca-charter.de\/es\/wp-json\/wp\/v2\/posts\/2596\/revisions"}],"predecessor-version":[{"id":6918,"href":"https:\/\/www.yates-mallorca-charter.de\/es\/wp-json\/wp\/v2\/posts\/2596\/revisions\/6918"}],"wp:featuredmedia":[{"embeddable":true,"href":"https:\/\/www.yates-mallorca-charter.de\/es\/wp-json\/wp\/v2\/media\/2242"}],"wp:attachment":[{"href":"https:\/\/www.yates-mallorca-charter.de\/es\/wp-json\/wp\/v2\/media?parent=2596"}],"wp:term":[{"taxonomy":"category","embeddable":true,"href":"https:\/\/www.yates-mallorca-charter.de\/es\/wp-json\/wp\/v2\/categories?post=2596"},{"taxonomy":"post_tag","embeddable":true,"href":"https:\/\/www.yates-mallorca-charter.de\/es\/wp-json\/wp\/v2\/tags?post=2596"}],"curies":[{"name":"wp","href":"https:\/\/api.w.org\/{rel}","templated":true}]}}