{"id":2617,"date":"2024-03-09T08:07:26","date_gmt":"2024-03-09T07:07:26","guid":{"rendered":"https:\/\/www.yates-mallorca-charter.de\/sin-categorizar\/fountaine-pajot-elba-45-christina\/"},"modified":"2026-08-07T17:12:43","modified_gmt":"2026-08-07T15:12:43","slug":"fountaine-pajot-elba-45-christina","status":"publish","type":"post","link":"https:\/\/www.yates-mallorca-charter.de\/es\/charter-es\/catamaranes\/fountaine-pajot-elba-45-christina\/","title":{"rendered":"Fountaine Pajot Elba 45 &#8211; \u00abChristina\u00bb"},"content":{"rendered":"\t\t<div data-elementor-type=\"wp-post\" data-elementor-id=\"2617\" class=\"elementor elementor-2617 elementor-1437\" data-elementor-post-type=\"post\">\n\t\t\t\t\t\t<section class=\"elementor-section elementor-top-section elementor-element elementor-element-69202439 elementor-section-boxed elementor-section-height-default elementor-section-height-default\" data-id=\"69202439\" data-element_type=\"section\" data-e-type=\"section\" data-settings=\"{&quot;background_background&quot;:&quot;classic&quot;}\">\n\t\t\t\t\t\t<div class=\"elementor-container elementor-column-gap-default\">\n\t\t\t\t\t<div class=\"elementor-column elementor-col-100 elementor-top-column elementor-element elementor-element-23159d0e\" data-id=\"23159d0e\" data-element_type=\"column\" data-e-type=\"column\">\n\t\t\t<div class=\"elementor-widget-wrap elementor-element-populated\">\n\t\t\t\t\t\t<div class=\"elementor-element elementor-element-5ad4792d elementor-widget elementor-widget-heading\" data-id=\"5ad4792d\" data-element_type=\"widget\" data-e-type=\"widget\" data-widget_type=\"heading.default\">\n\t\t\t\t<div class=\"elementor-widget-container\">\n\t\t\t\t\t<h1 class=\"elementor-heading-title elementor-size-default\">Fountaine Pajot Elba 45 &#8211; \u00abChristina\u00bb<\/h1>\t\t\t\t<\/div>\n\t\t\t\t<\/div>\n\t\t\t\t\t<\/div>\n\t\t<\/div>\n\t\t\t\t\t<\/div>\n\t\t<\/section>\n\t\t\t\t<section class=\"elementor-section elementor-top-section elementor-element elementor-element-69dfd096 elementor-section-boxed elementor-section-height-default elementor-section-height-default\" data-id=\"69dfd096\" data-element_type=\"section\" data-e-type=\"section\">\n\t\t\t\t\t\t<div class=\"elementor-container elementor-column-gap-default\">\n\t\t\t\t\t<div class=\"elementor-column elementor-col-50 elementor-top-column elementor-element elementor-element-51e0cc2d\" data-id=\"51e0cc2d\" data-element_type=\"column\" data-e-type=\"column\">\n\t\t\t<div class=\"elementor-widget-wrap elementor-element-populated\">\n\t\t\t\t\t\t<div class=\"elementor-element elementor-element-2379a45a elementor-widget elementor-widget-image\" data-id=\"2379a45a\" data-element_type=\"widget\" data-e-type=\"widget\" data-widget_type=\"image.default\">\n\t\t\t\t<div class=\"elementor-widget-container\">\n\t\t\t\t\t\t\t\t\t\t\t\t\t\t\t<img loading=\"lazy\" decoding=\"async\" width=\"768\" height=\"479\" src=\"https:\/\/www.yates-mallorca-charter.de\/wp-content\/uploads\/2024\/03\/Charter-Mallorca-gmr19fp45-0871-2-768x479.jpg\" class=\"attachment-medium_large size-medium_large wp-image-2088\" alt=\"Catamar\u00e1n a vela en movimiento\" srcset=\"https:\/\/www.yates-mallorca-charter.de\/wp-content\/uploads\/2024\/03\/Charter-Mallorca-gmr19fp45-0871-2-768x479.jpg 768w, https:\/\/www.yates-mallorca-charter.de\/wp-content\/uploads\/2024\/03\/Charter-Mallorca-gmr19fp45-0871-2-300x187.jpg 300w, https:\/\/www.yates-mallorca-charter.de\/wp-content\/uploads\/2024\/03\/Charter-Mallorca-gmr19fp45-0871-2.jpg 800w\" sizes=\"auto, (max-width: 768px) 100vw, 768px\"  title=\"Fountaine Pajot Elba 45 - &quot;Christina&quot;\" \/>\t\t\t\t\t\t\t\t\t\t\t\t\t\t\t<\/div>\n\t\t\t\t<\/div>\n\t\t\t\t\t<\/div>\n\t\t<\/div>\n\t\t\t\t<div class=\"elementor-column elementor-col-50 elementor-top-column elementor-element elementor-element-7a6bfd04\" data-id=\"7a6bfd04\" data-element_type=\"column\" data-e-type=\"column\">\n\t\t\t<div class=\"elementor-widget-wrap elementor-element-populated\">\n\t\t\t\t\t\t<div class=\"elementor-element elementor-element-524c992e elementor-alert-info elementor-widget elementor-widget-alert\" data-id=\"524c992e\" data-element_type=\"widget\" data-e-type=\"widget\" data-widget_type=\"alert.default\">\n\t\t\t\t<div class=\"elementor-widget-container\">\n\t\t\t\t\t\t\t<div class=\"elementor-alert\" role=\"alert\">\n\n\t\t\t\t\t\t<span class=\"elementor-alert-title\">Destacados<\/span>\n\t\t\t\n\t\t\t\n\t\t\t\n\t\t<\/div>\n\t\t\t\t\t\t<\/div>\n\t\t\t\t<\/div>\n\t\t\t\t<div class=\"elementor-element elementor-element-4015796 elementor-icon-list--layout-traditional elementor-list-item-link-full_width elementor-widget elementor-widget-icon-list\" data-id=\"4015796\" data-element_type=\"widget\" data-e-type=\"widget\" data-widget_type=\"icon-list.default\">\n\t\t\t\t<div class=\"elementor-widget-container\">\n\t\t\t\t\t\t\t<ul class=\"elementor-icon-list-items\">\n\t\t\t\t\t\t\t<li class=\"elementor-icon-list-item\">\n\t\t\t\t\t\t\t\t\t\t\t<span class=\"elementor-icon-list-icon\">\n\t\t\t\t\t\t\t<i aria-hidden=\"true\" class=\"xlio ion-md-checkbox-outline\"><\/i>\t\t\t\t\t\t<\/span>\n\t\t\t\t\t\t\t\t\t\t<span class=\"elementor-icon-list-text\">cabinas: 4 camas: 8<\/span>\n\t\t\t\t\t\t\t\t\t<\/li>\n\t\t\t\t\t\t\t\t<li class=\"elementor-icon-list-item\">\n\t\t\t\t\t\t\t\t\t\t\t<span class=\"elementor-icon-list-icon\">\n\t\t\t\t\t\t\t<i aria-hidden=\"true\" class=\"xlio ion-md-checkbox-outline\"><\/i>\t\t\t\t\t\t<\/span>\n\t\t\t\t\t\t\t\t\t\t<span class=\"elementor-icon-list-text\">4 ba\u00f1os<\/span>\n\t\t\t\t\t\t\t\t\t<\/li>\n\t\t\t\t\t\t\t\t<li class=\"elementor-icon-list-item\">\n\t\t\t\t\t\t\t\t\t\t\t<span class=\"elementor-icon-list-icon\">\n\t\t\t\t\t\t\t<i aria-hidden=\"true\" class=\"xlio ion-md-checkbox-outline\"><\/i>\t\t\t\t\t\t<\/span>\n\t\t\t\t\t\t\t\t\t\t<span class=\"elementor-icon-list-text\">Mayor de sables, g\u00e9nova enrollable<\/span>\n\t\t\t\t\t\t\t\t\t<\/li>\n\t\t\t\t\t\t\t\t<li class=\"elementor-icon-list-item\">\n\t\t\t\t\t\t\t\t\t\t\t<span class=\"elementor-icon-list-icon\">\n\t\t\t\t\t\t\t<i aria-hidden=\"true\" class=\"xlio ion-md-checkbox-outline\"><\/i>\t\t\t\t\t\t<\/span>\n\t\t\t\t\t\t\t\t\t\t<span class=\"elementor-icon-list-text\">grandes motores 2 x Nanni Diesel 60 hp<\/span>\n\t\t\t\t\t\t\t\t\t<\/li>\n\t\t\t\t\t\t\t\t<li class=\"elementor-icon-list-item\">\n\t\t\t\t\t\t\t\t\t\t\t<span class=\"elementor-icon-list-icon\">\n\t\t\t\t\t\t\t<i aria-hidden=\"true\" class=\"xlio ion-md-checkbox-outline\"><\/i>\t\t\t\t\t\t<\/span>\n\t\t\t\t\t\t\t\t\t\t<span class=\"elementor-icon-list-text\">Paneles solares<\/span>\n\t\t\t\t\t\t\t\t\t<\/li>\n\t\t\t\t\t\t\t\t<li class=\"elementor-icon-list-item\">\n\t\t\t\t\t\t\t\t\t\t\t<span class=\"elementor-icon-list-icon\">\n\t\t\t\t\t\t\t<i aria-hidden=\"true\" class=\"xlio ion-md-checkbox-outline\"><\/i>\t\t\t\t\t\t<\/span>\n\t\t\t\t\t\t\t\t\t\t<span class=\"elementor-icon-list-text\">M\u00e1quina de agua, plancha de gas<\/span>\n\t\t\t\t\t\t\t\t\t<\/li>\n\t\t\t\t\t\t\t\t<li class=\"elementor-icon-list-item\">\n\t\t\t\t\t\t\t\t\t\t\t<span class=\"elementor-icon-list-icon\">\n\t\t\t\t\t\t\t<i aria-hidden=\"true\" class=\"xlio ion-md-checkbox-outline\"><\/i>\t\t\t\t\t\t<\/span>\n\t\t\t\t\t\t\t\t\t\t<span class=\"elementor-icon-list-text\">Plataforma de ba\u00f1o hidr\u00e1ulica, embarcaci\u00f3n auxiliar con fueraborda y mucho m\u00e1s<\/span>\n\t\t\t\t\t\t\t\t\t<\/li>\n\t\t\t\t\t\t<\/ul>\n\t\t\t\t\t\t<\/div>\n\t\t\t\t<\/div>\n\t\t\t\t<div class=\"elementor-element elementor-element-2d75cc3c elementor-align-center elementor-widget elementor-widget-button\" data-id=\"2d75cc3c\" data-element_type=\"widget\" data-e-type=\"widget\" data-widget_type=\"button.default\">\n\t\t\t\t<div class=\"elementor-widget-container\">\n\t\t\t\t\t\t\t\t\t<div class=\"elementor-button-wrapper\">\n\t\t\t\t\t<a class=\"elementor-button elementor-button-link elementor-size-sm\" href=\"#termine\">\n\t\t\t\t\t\t<span class=\"elementor-button-content-wrapper\">\n\t\t\t\t\t\t\t\t\t<span class=\"elementor-button-text\">Datos t\u00e9cnicos - Fechas disponibles<\/span>\n\t\t\t\t\t<\/span>\n\t\t\t\t\t<\/a>\n\t\t\t\t<\/div>\n\t\t\t\t\t\t\t\t<\/div>\n\t\t\t\t<\/div>\n\t\t\t\t\t<\/div>\n\t\t<\/div>\n\t\t\t\t\t<\/div>\n\t\t<\/section>\n\t\t\t\t<section class=\"elementor-section elementor-top-section elementor-element elementor-element-b575ab1 elementor-section-boxed elementor-section-height-default elementor-section-height-default\" data-id=\"b575ab1\" data-element_type=\"section\" data-e-type=\"section\">\n\t\t\t\t\t\t<div class=\"elementor-container elementor-column-gap-default\">\n\t\t\t\t\t<div class=\"elementor-column elementor-col-100 elementor-top-column elementor-element elementor-element-5216ad95\" data-id=\"5216ad95\" data-element_type=\"column\" data-e-type=\"column\">\n\t\t\t<div class=\"elementor-widget-wrap elementor-element-populated\">\n\t\t\t\t\t\t<div class=\"elementor-element elementor-element-6c3ab002 elementor-widget elementor-widget-heading\" data-id=\"6c3ab002\" data-element_type=\"widget\" data-e-type=\"widget\" data-widget_type=\"heading.default\">\n\t\t\t\t<div class=\"elementor-widget-container\">\n\t\t\t\t\t<h2 class=\"elementor-heading-title elementor-size-default\">Descripci\u00f3n<\/h2>\t\t\t\t<\/div>\n\t\t\t\t<\/div>\n\t\t\t\t\t<\/div>\n\t\t<\/div>\n\t\t\t\t\t<\/div>\n\t\t<\/section>\n\t\t\t\t<section class=\"elementor-section elementor-top-section elementor-element elementor-element-7d7eae92 elementor-section-boxed elementor-section-height-default elementor-section-height-default\" data-id=\"7d7eae92\" data-element_type=\"section\" data-e-type=\"section\">\n\t\t\t\t\t\t<div class=\"elementor-container elementor-column-gap-default\">\n\t\t\t\t\t<div class=\"elementor-column elementor-col-100 elementor-top-column elementor-element elementor-element-2a8d7cbf\" data-id=\"2a8d7cbf\" data-element_type=\"column\" data-e-type=\"column\">\n\t\t\t<div class=\"elementor-widget-wrap elementor-element-populated\">\n\t\t\t\t\t\t<div class=\"elementor-element elementor-element-71dc9ae3 elementor-widget elementor-widget-text-editor\" data-id=\"71dc9ae3\" data-element_type=\"widget\" data-e-type=\"widget\" data-widget_type=\"text-editor.default\">\n\t\t\t\t<div class=\"elementor-widget-container\">\n\t\t\t\t\t\t\t\t\t<p>Nueva incorporaci\u00f3n a nuestra flota de ch\u00e1rter debido a su gran popularidad.<\/p><p>El Elba 45 es muy popular entre los navegantes y los hu\u00e9spedes de alquiler y fue nombrado el mejor barco de alquiler del a\u00f1o por Cruising World en 2019 por una buena raz\u00f3n.<\/p><p>Descubra la belleza de las Islas Baleares con el catamar\u00e1n de alquiler Elba 45, un impresionante barco que le ofrece el refugio perfecto para vivir inolvidables aventuras a vela por Mallorca, Menorca, Ibiza y Formentera. La cantidad de espacio por encima y por debajo de la cubierta es enorme. El moderno interior ofrece el lujo que desean las tripulaciones de ch\u00e1rter. Las amplias zonas de estar y de ocio en la ba\u00f1era, el sal\u00f3n, el flybridge y la proa son perfectas para veladas sociables y horas de relax al sol y a la sombra. La cocina bien equipada y la plancha de gas en la ba\u00f1era le permiten preparar deliciosas comidas. La extensi\u00f3n de la mesa de ba\u00f1era permite a las tripulaciones m\u00e1s numerosas socializar en la cabina.     <\/p><p>Las caracter\u00edsticas de navegaci\u00f3n no dejan nada que desear. El puesto de gobierno de nuevo dise\u00f1o, equipado con plotter, VHF y AIS, facilita notablemente el manejo. Con su potente vela mayor de sables con cremallera y lazyjacks, g\u00e9nova enrollable y cascos estables, el Elba 45 ofrece una experiencia de navegaci\u00f3n suave y confortable.  <\/p><p>Este Elba 45 en versi\u00f3n Oceanis est\u00e1 idealmente equipado para ofrecerle un alto nivel de confort y comodidad y disfrutar al m\u00e1ximo de su viaje. Gracias a los paneles solares y las desalinizadoras, podr\u00e1 explorar las impresionantes costas y las rec\u00f3nditas bah\u00edas de las Islas Baleares sin tener que depender de una plaza en el puerto. La plataforma de ba\u00f1o hidr\u00e1ulica facilita la entrada y salida del agua cristalina.  <\/p><p>Equipamiento extra: versi\u00f3n Oceanis, motores grandes 2x Nanni Diesel de 60 CV, segunda VHF con AIS y segundo plotter en el tim\u00f3n, paneles solares 4x 90\/100 W, potabilizadora (60 l\/h), plancha de gas, extensi\u00f3n de la mesa de ba\u00f1era, segunda nevera en la cocina + nevera de ba\u00f1era, mesa de sal\u00f3n convertible en litera, somieres bajo los colchones, ventiladores de 12 V, plataforma de ba\u00f1o hidr\u00e1ulica, embarcaci\u00f3n auxiliar con motor fueraborda y mucho m\u00e1s.<\/p>\t\t\t\t\t\t\t\t<\/div>\n\t\t\t\t<\/div>\n\t\t\t\t\t<\/div>\n\t\t<\/div>\n\t\t\t\t\t<\/div>\n\t\t<\/section>\n\t\t\t\t<section class=\"elementor-section elementor-top-section elementor-element elementor-element-6d0ac7f9 elementor-section-boxed elementor-section-height-default elementor-section-height-default\" data-id=\"6d0ac7f9\" data-element_type=\"section\" data-e-type=\"section\">\n\t\t\t\t\t\t<div class=\"elementor-container elementor-column-gap-default\">\n\t\t\t\t\t<div class=\"elementor-column elementor-col-100 elementor-top-column elementor-element elementor-element-5eec0089\" data-id=\"5eec0089\" data-element_type=\"column\" data-e-type=\"column\">\n\t\t\t<div class=\"elementor-widget-wrap elementor-element-populated\">\n\t\t\t\t\t\t<div class=\"elementor-element elementor-element-74baf40f elementor-widget elementor-widget-heading\" data-id=\"74baf40f\" data-element_type=\"widget\" data-e-type=\"widget\" data-widget_type=\"heading.default\">\n\t\t\t\t<div class=\"elementor-widget-container\">\n\t\t\t\t\t<h3 class=\"elementor-heading-title elementor-size-default\">EXTERIOR<\/h3>\t\t\t\t<\/div>\n\t\t\t\t<\/div>\n\t\t\t\t\t<\/div>\n\t\t<\/div>\n\t\t\t\t\t<\/div>\n\t\t<\/section>\n\t\t\t\t<section class=\"elementor-section elementor-top-section elementor-element elementor-element-7bbaa99a elementor-section-boxed elementor-section-height-default elementor-section-height-default\" data-id=\"7bbaa99a\" data-element_type=\"section\" data-e-type=\"section\">\n\t\t\t\t\t\t<div class=\"elementor-container elementor-column-gap-default\">\n\t\t\t\t\t<div class=\"elementor-column elementor-col-100 elementor-top-column elementor-element elementor-element-43053827\" data-id=\"43053827\" data-element_type=\"column\" data-e-type=\"column\">\n\t\t\t<div class=\"elementor-widget-wrap elementor-element-populated\">\n\t\t\t\t\t\t<div class=\"elementor-element elementor-element-7328de6d elementor-widget elementor-widget-gallery\" data-id=\"7328de6d\" data-element_type=\"widget\" data-e-type=\"widget\" data-settings=\"{&quot;lazyload&quot;:&quot;yes&quot;,&quot;gallery_layout&quot;:&quot;grid&quot;,&quot;columns&quot;:4,&quot;columns_tablet&quot;:2,&quot;columns_mobile&quot;:1,&quot;gap&quot;:{&quot;unit&quot;:&quot;px&quot;,&quot;size&quot;:10,&quot;sizes&quot;:[]},&quot;gap_tablet&quot;:{&quot;unit&quot;:&quot;px&quot;,&quot;size&quot;:10,&quot;sizes&quot;:[]},&quot;gap_mobile&quot;:{&quot;unit&quot;:&quot;px&quot;,&quot;size&quot;:10,&quot;sizes&quot;:[]},&quot;link_to&quot;:&quot;file&quot;,&quot;aspect_ratio&quot;:&quot;3:2&quot;,&quot;overlay_background&quot;:&quot;yes&quot;,&quot;content_hover_animation&quot;:&quot;fade-in&quot;}\" data-widget_type=\"gallery.default\">\n\t\t\t\t<div class=\"elementor-widget-container\">\n\t\t\t\t\t\t\t<div class=\"elementor-gallery__container\">\n\t\t\t\t\t\t\t<a class=\"e-gallery-item elementor-gallery-item elementor-animated-content\" href=\"https:\/\/www.yates-mallorca-charter.de\/wp-content\/uploads\/2024\/04\/Charter-Mallorca-gmr19fp45-0210.jpg\" data-elementor-open-lightbox=\"yes\" data-elementor-lightbox-slideshow=\"7328de6d\" data-elementor-lightbox-title=\"Una mujer est\u00e1 leyendo un libro junto a un hombre que est\u00e1 tumbado en un barco descansando, rodeado de formaciones rocosas en la costa. Los dos se relajan en unos asientos acolchados bajo un cielo despejado.\" data-elementor-lightbox-description=\"Una mujer est\u00e1 leyendo un libro junto a un hombre que est\u00e1 tumbado en un barco descansando, rodeado de formaciones rocosas en la costa. Los dos se relajan en unos asientos acolchados bajo un cielo despejado. \" data-e-action-hash=\"#elementor-action%3Aaction%3Dlightbox%26settings%3DeyJpZCI6Mzg3NCwidXJsIjoiaHR0cHM6XC9cL3d3dy55YXRlcy1tYWxsb3JjYS1jaGFydGVyLmRlXC93cC1jb250ZW50XC91cGxvYWRzXC8yMDI0XC8wNFwvQ2hhcnRlci1NYWxsb3JjYS1nbXIxOWZwNDUtMDIxMC5qcGciLCJzbGlkZXNob3ciOiI3MzI4ZGU2ZCJ9\">\n\t\t\t\t\t<div class=\"e-gallery-image elementor-gallery-item__image\" data-thumbnail=\"https:\/\/www.yates-mallorca-charter.de\/wp-content\/uploads\/2024\/04\/Charter-Mallorca-gmr19fp45-0210-768x512.jpg\" data-width=\"768\" data-height=\"512\" aria-label=\"Una pareja se relaja en un yate de lujo\" role=\"img\" ><\/div>\n\t\t\t\t\t\t\t\t\t\t\t<div class=\"elementor-gallery-item__overlay\"><\/div>\n\t\t\t\t\t\t\t\t\t\t\t\t\t\t<\/a>\n\t\t\t\t\t\t\t<a class=\"e-gallery-item elementor-gallery-item elementor-animated-content\" href=\"https:\/\/www.yates-mallorca-charter.de\/wp-content\/uploads\/2024\/04\/Charter-Mallorca-gmr19fp45-0305.jpg\" data-elementor-open-lightbox=\"yes\" data-elementor-lightbox-slideshow=\"7328de6d\" data-elementor-lightbox-title=\"La zona de descanso de un yate de lujo, con grandes tumbonas acolchadas y hamacas de red, ofrece unas amplias vistas de los acantilados de un mar tranquilo bajo un cielo despejado.\" data-elementor-lightbox-description=\"La zona de descanso de un yate de lujo, con grandes tumbonas acolchadas y hamacas de red, ofrece unas amplias vistas de los acantilados de un mar tranquilo bajo un cielo despejado.\" data-e-action-hash=\"#elementor-action%3Aaction%3Dlightbox%26settings%3DeyJpZCI6Mzg3NywidXJsIjoiaHR0cHM6XC9cL3d3dy55YXRlcy1tYWxsb3JjYS1jaGFydGVyLmRlXC93cC1jb250ZW50XC91cGxvYWRzXC8yMDI0XC8wNFwvQ2hhcnRlci1NYWxsb3JjYS1nbXIxOWZwNDUtMDMwNS5qcGciLCJzbGlkZXNob3ciOiI3MzI4ZGU2ZCJ9\">\n\t\t\t\t\t<div class=\"e-gallery-image elementor-gallery-item__image\" data-thumbnail=\"https:\/\/www.yates-mallorca-charter.de\/wp-content\/uploads\/2024\/04\/Charter-Mallorca-gmr19fp45-0305-768x512.jpg\" data-width=\"768\" data-height=\"512\" aria-label=\"Cubierta de sol de un catamar\u00e1n de lujo\" role=\"img\" ><\/div>\n\t\t\t\t\t\t\t\t\t\t\t<div class=\"elementor-gallery-item__overlay\"><\/div>\n\t\t\t\t\t\t\t\t\t\t\t\t\t\t<\/a>\n\t\t\t\t\t\t\t<a class=\"e-gallery-item elementor-gallery-item elementor-animated-content\" href=\"https:\/\/www.yates-mallorca-charter.de\/wp-content\/uploads\/2024\/04\/Charter-Mallorca-gmr19fp45-1134-1.jpg\" data-elementor-open-lightbox=\"yes\" data-elementor-lightbox-slideshow=\"7328de6d\" data-elementor-lightbox-title=\"Un moderno catamar\u00e1n blanco, con las velas completamente desplegadas, navega cerca de los acantilados de la costa. En la cubierta se ve a dos personas que disfrutan del paseo bajo un cielo despejado.\" data-elementor-lightbox-description=\"Un moderno catamar\u00e1n blanco, con las velas completamente desplegadas, navega cerca de los acantilados de la costa. En la cubierta se ve a dos personas que disfrutan del paseo bajo un cielo despejado. \" data-e-action-hash=\"#elementor-action%3Aaction%3Dlightbox%26settings%3DeyJpZCI6Mzg4MCwidXJsIjoiaHR0cHM6XC9cL3d3dy55YXRlcy1tYWxsb3JjYS1jaGFydGVyLmRlXC93cC1jb250ZW50XC91cGxvYWRzXC8yMDI0XC8wNFwvQ2hhcnRlci1NYWxsb3JjYS1nbXIxOWZwNDUtMTEzNC0xLmpwZyIsInNsaWRlc2hvdyI6IjczMjhkZTZkIn0%3D\">\n\t\t\t\t\t<div class=\"e-gallery-image elementor-gallery-item__image\" data-thumbnail=\"https:\/\/www.yates-mallorca-charter.de\/wp-content\/uploads\/2024\/04\/Charter-Mallorca-gmr19fp45-1134-1-768x512.jpg\" data-width=\"768\" data-height=\"512\" aria-label=\"Catamar\u00e1n de vela frente a las rocas\" role=\"img\" ><\/div>\n\t\t\t\t\t\t\t\t\t\t\t<div class=\"elementor-gallery-item__overlay\"><\/div>\n\t\t\t\t\t\t\t\t\t\t\t\t\t\t<\/a>\n\t\t\t\t\t\t\t<a class=\"e-gallery-item elementor-gallery-item elementor-animated-content\" href=\"https:\/\/www.yates-mallorca-charter.de\/wp-content\/uploads\/2024\/04\/Charter-Mallorca-gmr19fp45-1282h.jpg\" data-elementor-open-lightbox=\"yes\" data-elementor-lightbox-slideshow=\"7328de6d\" data-elementor-lightbox-title=\"Un hombre con camisa azul est\u00e1 al tim\u00f3n de un velero; al fondo, una mujer con camisa roja est\u00e1 sentada bajo un cielo azul y despejado.\" data-elementor-lightbox-description=\"Un hombre con camisa azul est\u00e1 al tim\u00f3n de un velero; al fondo, una mujer con camisa roja est\u00e1 sentada bajo un cielo azul y despejado.\" data-e-action-hash=\"#elementor-action%3Aaction%3Dlightbox%26settings%3DeyJpZCI6Mzg4NCwidXJsIjoiaHR0cHM6XC9cL3d3dy55YXRlcy1tYWxsb3JjYS1jaGFydGVyLmRlXC93cC1jb250ZW50XC91cGxvYWRzXC8yMDI0XC8wNFwvQ2hhcnRlci1NYWxsb3JjYS1nbXIxOWZwNDUtMTI4MmguanBnIiwic2xpZGVzaG93IjoiNzMyOGRlNmQifQ%3D%3D\">\n\t\t\t\t\t<div class=\"e-gallery-image elementor-gallery-item__image\" data-thumbnail=\"https:\/\/www.yates-mallorca-charter.de\/wp-content\/uploads\/2024\/04\/Charter-Mallorca-gmr19fp45-1282h.jpg\" data-width=\"398\" data-height=\"288\" aria-label=\"Un hombre navega en un velero\" role=\"img\" ><\/div>\n\t\t\t\t\t\t\t\t\t\t\t<div class=\"elementor-gallery-item__overlay\"><\/div>\n\t\t\t\t\t\t\t\t\t\t\t\t\t\t<\/a>\n\t\t\t\t\t\t\t<a class=\"e-gallery-item elementor-gallery-item elementor-animated-content\" href=\"https:\/\/www.yates-mallorca-charter.de\/wp-content\/uploads\/2024\/04\/Charter-Mallorca-gmr19fp45-1312.jpg\" data-elementor-open-lightbox=\"yes\" data-elementor-lightbox-slideshow=\"7328de6d\" data-elementor-lightbox-title=\"Hay dos personas en un velero: una mujer est\u00e1 sentada leyendo un libro y un hombre lleva el tim\u00f3n. El velero tiene asientos c\u00f3modos, bajo un cielo despejado y con el mar en calma.\" data-elementor-lightbox-description=\"Hay dos personas en un velero: una mujer est\u00e1 sentada leyendo un libro y un hombre lleva el tim\u00f3n. El velero tiene asientos c\u00f3modos, bajo un cielo despejado y con el mar en calma. \" data-e-action-hash=\"#elementor-action%3Aaction%3Dlightbox%26settings%3DeyJpZCI6Mzg4NywidXJsIjoiaHR0cHM6XC9cL3d3dy55YXRlcy1tYWxsb3JjYS1jaGFydGVyLmRlXC93cC1jb250ZW50XC91cGxvYWRzXC8yMDI0XC8wNFwvQ2hhcnRlci1NYWxsb3JjYS1nbXIxOWZwNDUtMTMxMi5qcGciLCJzbGlkZXNob3ciOiI3MzI4ZGU2ZCJ9\">\n\t\t\t\t\t<div class=\"e-gallery-image elementor-gallery-item__image\" data-thumbnail=\"https:\/\/www.yates-mallorca-charter.de\/wp-content\/uploads\/2024\/04\/Charter-Mallorca-gmr19fp45-1312-768x512.jpg\" data-width=\"768\" data-height=\"512\" aria-label=\"Un velero con gente tranquila\" role=\"img\" ><\/div>\n\t\t\t\t\t\t\t\t\t\t\t<div class=\"elementor-gallery-item__overlay\"><\/div>\n\t\t\t\t\t\t\t\t\t\t\t\t\t\t<\/a>\n\t\t\t\t\t\t\t<a class=\"e-gallery-item elementor-gallery-item elementor-animated-content\" href=\"https:\/\/www.yates-mallorca-charter.de\/wp-content\/uploads\/2024\/04\/Charter-Mallorca-gmr19fp45-1694-1.jpg\" data-elementor-open-lightbox=\"yes\" data-elementor-lightbox-slideshow=\"7328de6d\" data-elementor-lightbox-title=\"Un hombre est\u00e1 haciendo una barbacoa en un yate, mientras una mujer est\u00e1 sentada en una mesa junto al mar con los platos ya servidos. Los dos van vestidos de forma informal y disfrutan de un d\u00eda soleado junto al mar.\" data-elementor-lightbox-description=\"Un hombre est\u00e1 haciendo una barbacoa en un yate, mientras una mujer est\u00e1 sentada en una mesa junto al mar con los platos ya servidos. Los dos van vestidos de forma informal y disfrutan de un d\u00eda soleado junto al mar. \" data-e-action-hash=\"#elementor-action%3Aaction%3Dlightbox%26settings%3DeyJpZCI6Mzg5MCwidXJsIjoiaHR0cHM6XC9cL3d3dy55YXRlcy1tYWxsb3JjYS1jaGFydGVyLmRlXC93cC1jb250ZW50XC91cGxvYWRzXC8yMDI0XC8wNFwvQ2hhcnRlci1NYWxsb3JjYS1nbXIxOWZwNDUtMTY5NC0xLmpwZyIsInNsaWRlc2hvdyI6IjczMjhkZTZkIn0%3D\">\n\t\t\t\t\t<div class=\"e-gallery-image elementor-gallery-item__image\" data-thumbnail=\"https:\/\/www.yates-mallorca-charter.de\/wp-content\/uploads\/2024\/04\/Charter-Mallorca-gmr19fp45-1694-1-768x512.jpg\" data-width=\"768\" data-height=\"512\" aria-label=\"Una pareja en un yate cenando\" role=\"img\" ><\/div>\n\t\t\t\t\t\t\t\t\t\t\t<div class=\"elementor-gallery-item__overlay\"><\/div>\n\t\t\t\t\t\t\t\t\t\t\t\t\t\t<\/a>\n\t\t\t\t\t\t\t<a class=\"e-gallery-item elementor-gallery-item elementor-animated-content\" href=\"https:\/\/www.yates-mallorca-charter.de\/wp-content\/uploads\/2024\/04\/Charter-Mallorca-gmr19fp45-2584.jpg\" data-elementor-open-lightbox=\"yes\" data-elementor-lightbox-slideshow=\"7328de6d\" data-elementor-lightbox-title=\"Foto a\u00e9rea de un gran catamar\u00e1n navegando por aguas cristalinas y azules. Hay una persona tumbada en la red de proa, relaj\u00e1ndose al sol.\" data-elementor-lightbox-description=\"Foto a\u00e9rea de un gran catamar\u00e1n navegando por aguas cristalinas y azules. Hay una persona tumbada en la red de proa, relaj\u00e1ndose al sol. \" data-e-action-hash=\"#elementor-action%3Aaction%3Dlightbox%26settings%3DeyJpZCI6Mzg5MywidXJsIjoiaHR0cHM6XC9cL3d3dy55YXRlcy1tYWxsb3JjYS1jaGFydGVyLmRlXC93cC1jb250ZW50XC91cGxvYWRzXC8yMDI0XC8wNFwvQ2hhcnRlci1NYWxsb3JjYS1nbXIxOWZwNDUtMjU4NC5qcGciLCJzbGlkZXNob3ciOiI3MzI4ZGU2ZCJ9\">\n\t\t\t\t\t<div class=\"e-gallery-image elementor-gallery-item__image\" data-thumbnail=\"https:\/\/www.yates-mallorca-charter.de\/wp-content\/uploads\/2024\/04\/Charter-Mallorca-gmr19fp45-2584-768x576.jpg\" data-width=\"768\" data-height=\"576\" aria-label=\"Catamar\u00e1n de lujo en aguas turquesas\" role=\"img\" ><\/div>\n\t\t\t\t\t\t\t\t\t\t\t<div class=\"elementor-gallery-item__overlay\"><\/div>\n\t\t\t\t\t\t\t\t\t\t\t\t\t\t<\/a>\n\t\t\t\t\t<\/div>\n\t\t\t\t\t<\/div>\n\t\t\t\t<\/div>\n\t\t\t\t\t<\/div>\n\t\t<\/div>\n\t\t\t\t\t<\/div>\n\t\t<\/section>\n\t\t\t\t<section class=\"elementor-section elementor-top-section elementor-element elementor-element-1ea96a8d elementor-section-boxed elementor-section-height-default elementor-section-height-default\" data-id=\"1ea96a8d\" data-element_type=\"section\" data-e-type=\"section\">\n\t\t\t\t\t\t<div class=\"elementor-container elementor-column-gap-default\">\n\t\t\t\t\t<div class=\"elementor-column elementor-col-100 elementor-top-column elementor-element elementor-element-7d196018\" data-id=\"7d196018\" data-element_type=\"column\" data-e-type=\"column\">\n\t\t\t<div class=\"elementor-widget-wrap elementor-element-populated\">\n\t\t\t\t\t\t<div class=\"elementor-element elementor-element-45a272c4 elementor-widget elementor-widget-heading\" data-id=\"45a272c4\" data-element_type=\"widget\" data-e-type=\"widget\" data-widget_type=\"heading.default\">\n\t\t\t\t<div class=\"elementor-widget-container\">\n\t\t\t\t\t<h3 class=\"elementor-heading-title elementor-size-default\">INTERIOR<\/h3>\t\t\t\t<\/div>\n\t\t\t\t<\/div>\n\t\t\t\t\t<\/div>\n\t\t<\/div>\n\t\t\t\t\t<\/div>\n\t\t<\/section>\n\t\t\t\t<section class=\"elementor-section elementor-top-section elementor-element elementor-element-14a407a6 elementor-section-boxed elementor-section-height-default elementor-section-height-default\" data-id=\"14a407a6\" data-element_type=\"section\" data-e-type=\"section\">\n\t\t\t\t\t\t<div class=\"elementor-container elementor-column-gap-default\">\n\t\t\t\t\t<div class=\"elementor-column elementor-col-100 elementor-top-column elementor-element elementor-element-6d59dc62\" data-id=\"6d59dc62\" data-element_type=\"column\" data-e-type=\"column\">\n\t\t\t<div class=\"elementor-widget-wrap elementor-element-populated\">\n\t\t\t\t\t\t<div class=\"elementor-element elementor-element-02d3606 elementor-widget elementor-widget-gallery\" data-id=\"02d3606\" data-element_type=\"widget\" data-e-type=\"widget\" data-settings=\"{&quot;lazyload&quot;:&quot;yes&quot;,&quot;gallery_layout&quot;:&quot;grid&quot;,&quot;columns&quot;:4,&quot;columns_tablet&quot;:2,&quot;columns_mobile&quot;:1,&quot;gap&quot;:{&quot;unit&quot;:&quot;px&quot;,&quot;size&quot;:10,&quot;sizes&quot;:[]},&quot;gap_tablet&quot;:{&quot;unit&quot;:&quot;px&quot;,&quot;size&quot;:10,&quot;sizes&quot;:[]},&quot;gap_mobile&quot;:{&quot;unit&quot;:&quot;px&quot;,&quot;size&quot;:10,&quot;sizes&quot;:[]},&quot;link_to&quot;:&quot;file&quot;,&quot;aspect_ratio&quot;:&quot;3:2&quot;,&quot;overlay_background&quot;:&quot;yes&quot;,&quot;content_hover_animation&quot;:&quot;fade-in&quot;}\" data-widget_type=\"gallery.default\">\n\t\t\t\t<div class=\"elementor-widget-container\">\n\t\t\t\t\t\t\t<div class=\"elementor-gallery__container\">\n\t\t\t\t\t\t\t<a class=\"e-gallery-item elementor-gallery-item elementor-animated-content\" href=\"https:\/\/www.yates-mallorca-charter.de\/wp-content\/uploads\/2024\/03\/Charter-Mallorca-gmr19fp45-1582-1-1.jpg\" data-elementor-open-lightbox=\"yes\" data-elementor-lightbox-slideshow=\"02d3606\" data-elementor-lightbox-title=\"Una mujer est\u00e1 en la cocina de un catamar\u00e1n.\" data-elementor-lightbox-description=\"Una mujer est\u00e1 en la cocina de un catamar\u00e1n.\" data-e-action-hash=\"#elementor-action%3Aaction%3Dlightbox%26settings%3DeyJpZCI6MjEyNiwidXJsIjoiaHR0cHM6XC9cL3d3dy55YXRlcy1tYWxsb3JjYS1jaGFydGVyLmRlXC93cC1jb250ZW50XC91cGxvYWRzXC8yMDI0XC8wM1wvQ2hhcnRlci1NYWxsb3JjYS1nbXIxOWZwNDUtMTU4Mi0xLTEuanBnIiwic2xpZGVzaG93IjoiMDJkMzYwNiJ9\">\n\t\t\t\t\t<div class=\"e-gallery-image elementor-gallery-item__image\" data-thumbnail=\"https:\/\/www.yates-mallorca-charter.de\/wp-content\/uploads\/2024\/03\/Charter-Mallorca-gmr19fp45-1582-1-1-768x512.jpg\" data-width=\"768\" data-height=\"512\" aria-label=\"Una mujer cocina en un yate\" role=\"img\" ><\/div>\n\t\t\t\t\t\t\t\t\t\t\t<div class=\"elementor-gallery-item__overlay\"><\/div>\n\t\t\t\t\t\t\t\t\t\t\t\t\t\t<\/a>\n\t\t\t\t\t\t\t<a class=\"e-gallery-item elementor-gallery-item elementor-animated-content\" href=\"https:\/\/www.yates-mallorca-charter.de\/wp-content\/uploads\/2024\/03\/Charter-Mallorca-gmr19fp45-1904-3-1.jpg\" data-elementor-open-lightbox=\"yes\" data-elementor-lightbox-slideshow=\"02d3606\" data-elementor-lightbox-title=\"Charter-Mallorca-gmr19fp45-1904-3.jpg\" data-elementor-lightbox-description=\"Mira el alquiler de yates desde otra perspectiva. Imag\u00ednate un yate con una cama en medio de la habitaci\u00f3n. Esta comodidad poco convencional puede mejorar mucho tu experiencia a bordo y convertir tus vacaciones en el mar en algo realmente especial. La comodidad y la tranquilidad que disfrutar\u00e1s en esta zona de descanso \u00fanica multiplicar\u00e1n la belleza de tu viaje por el mar. Menos mal que el alquiler de yates tambi\u00e9n ofrece opciones tan innovadoras, especialmente para clientes como t\u00fa, que buscan algo diferente y no se conforman con lo de siempre.    \n\" data-e-action-hash=\"#elementor-action%3Aaction%3Dlightbox%26settings%3DeyJpZCI6MjEyOCwidXJsIjoiaHR0cHM6XC9cL3d3dy55YXRlcy1tYWxsb3JjYS1jaGFydGVyLmRlXC93cC1jb250ZW50XC91cGxvYWRzXC8yMDI0XC8wM1wvQ2hhcnRlci1NYWxsb3JjYS1nbXIxOWZwNDUtMTkwNC0zLTEuanBnIiwic2xpZGVzaG93IjoiMDJkMzYwNiJ9\">\n\t\t\t\t\t<div class=\"e-gallery-image elementor-gallery-item__image\" data-thumbnail=\"https:\/\/www.yates-mallorca-charter.de\/wp-content\/uploads\/2024\/03\/Charter-Mallorca-gmr19fp45-1904-3-1-768x512.jpg\" data-width=\"768\" data-height=\"512\" aria-label=\"Mira el alquiler de yates desde otra perspectiva. Imag\u00ednate un yate con una cama en medio de la habitaci\u00f3n. Esta comodidad poco convencional puede mejorar mucho tu experiencia a bordo y convertir tus vacaciones en el mar en algo realmente especial. La comodidad y la tranquilidad que disfrutar\u00e1s en esta zona de descanso \u00fanica multiplicar\u00e1n la belleza de tu viaje por el mar. Menos mal que el alquiler de yates tambi\u00e9n ofrece opciones tan innovadoras, especialmente para clientes como t\u00fa, que buscan algo diferente y no se conforman con lo de siempre.    \n\" role=\"img\" ><\/div>\n\t\t\t\t\t\t\t\t\t\t\t<div class=\"elementor-gallery-item__overlay\"><\/div>\n\t\t\t\t\t\t\t\t\t\t\t\t\t\t<\/a>\n\t\t\t\t\t\t\t<a class=\"e-gallery-item elementor-gallery-item elementor-animated-content\" href=\"https:\/\/www.yates-mallorca-charter.de\/wp-content\/uploads\/2024\/03\/Charter-Mallorca-gmr19fp45-1928-1-1.jpg\" data-elementor-open-lightbox=\"yes\" data-elementor-lightbox-slideshow=\"02d3606\" data-elementor-lightbox-title=\"Un ba\u00f1o en un barco con lavabo y espejo.\" data-elementor-lightbox-description=\"Un ba\u00f1o en un barco con lavabo y espejo.\" data-e-action-hash=\"#elementor-action%3Aaction%3Dlightbox%26settings%3DeyJpZCI6MjEzMCwidXJsIjoiaHR0cHM6XC9cL3d3dy55YXRlcy1tYWxsb3JjYS1jaGFydGVyLmRlXC93cC1jb250ZW50XC91cGxvYWRzXC8yMDI0XC8wM1wvQ2hhcnRlci1NYWxsb3JjYS1nbXIxOWZwNDUtMTkyOC0xLTEuanBnIiwic2xpZGVzaG93IjoiMDJkMzYwNiJ9\">\n\t\t\t\t\t<div class=\"e-gallery-image elementor-gallery-item__image\" data-thumbnail=\"https:\/\/www.yates-mallorca-charter.de\/wp-content\/uploads\/2024\/03\/Charter-Mallorca-gmr19fp45-1928-1-1.jpg\" data-width=\"400\" data-height=\"600\" aria-label=\"Un ba\u00f1o peque\u00f1o y moderno con ducha\" role=\"img\" ><\/div>\n\t\t\t\t\t\t\t\t\t\t\t<div class=\"elementor-gallery-item__overlay\"><\/div>\n\t\t\t\t\t\t\t\t\t\t\t\t\t\t<\/a>\n\t\t\t\t\t\t\t<a class=\"e-gallery-item elementor-gallery-item elementor-animated-content\" href=\"https:\/\/www.yates-mallorca-charter.de\/wp-content\/uploads\/2024\/03\/Charter-Mallorca-gmr19fp45-2408-3-1.jpg\" data-elementor-open-lightbox=\"yes\" data-elementor-lightbox-slideshow=\"02d3606\" data-elementor-lightbox-title=\"El interior de un catamar\u00e1n con vistas al mar.\" data-elementor-lightbox-description=\"El interior de un catamar\u00e1n con vistas al mar.\" data-e-action-hash=\"#elementor-action%3Aaction%3Dlightbox%26settings%3DeyJpZCI6MjEzMiwidXJsIjoiaHR0cHM6XC9cL3d3dy55YXRlcy1tYWxsb3JjYS1jaGFydGVyLmRlXC93cC1jb250ZW50XC91cGxvYWRzXC8yMDI0XC8wM1wvQ2hhcnRlci1NYWxsb3JjYS1nbXIxOWZwNDUtMjQwOC0zLTEuanBnIiwic2xpZGVzaG93IjoiMDJkMzYwNiJ9\">\n\t\t\t\t\t<div class=\"e-gallery-image elementor-gallery-item__image\" data-thumbnail=\"https:\/\/www.yates-mallorca-charter.de\/wp-content\/uploads\/2024\/03\/Charter-Mallorca-gmr19fp45-2408-3-1-768x512.jpg\" data-width=\"768\" data-height=\"512\" aria-label=\"Una lujosa cocina de yate a bordo\" role=\"img\" ><\/div>\n\t\t\t\t\t\t\t\t\t\t\t<div class=\"elementor-gallery-item__overlay\"><\/div>\n\t\t\t\t\t\t\t\t\t\t\t\t\t\t<\/a>\n\t\t\t\t\t\t\t<a class=\"e-gallery-item elementor-gallery-item elementor-animated-content\" href=\"https:\/\/www.yates-mallorca-charter.de\/wp-content\/uploads\/2024\/03\/Charter-Mallorca-gmr19fp45-2432-1-1.jpg\" data-elementor-open-lightbox=\"yes\" data-elementor-lightbox-slideshow=\"02d3606\" data-elementor-lightbox-title=\"Charter-Mallorca-gmr19fp45-2432-1.jpg\" data-elementor-lightbox-description=\"En el alquiler de yates tienes a tu disposici\u00f3n una amplia gama de opciones, entre las que se incluyen los impresionantes catamaranes. El interior de un catamar\u00e1n destaca por su atractivo dise\u00f1o y ofrece un gran confort para tus salidas en barco. Un factor clave para ello es la presencia de c\u00f3modos sof\u00e1s y una mesa de comedor. Este equipamiento crea un ambiente relajado en el que puedes comer mientras disfrutas de las maravillosas vistas al mar. Tanto si quieres quedar con amigos como pasar una velada tranquila con tu familia, un catamar\u00e1n es el lugar ideal para ambas cosas. Con el alquiler de yates, no hay deseo que no se cumpla.     \n\" data-e-action-hash=\"#elementor-action%3Aaction%3Dlightbox%26settings%3DeyJpZCI6MjEzNCwidXJsIjoiaHR0cHM6XC9cL3d3dy55YXRlcy1tYWxsb3JjYS1jaGFydGVyLmRlXC93cC1jb250ZW50XC91cGxvYWRzXC8yMDI0XC8wM1wvQ2hhcnRlci1NYWxsb3JjYS1nbXIxOWZwNDUtMjQzMi0xLTEuanBnIiwic2xpZGVzaG93IjoiMDJkMzYwNiJ9\">\n\t\t\t\t\t<div class=\"e-gallery-image elementor-gallery-item__image\" data-thumbnail=\"https:\/\/www.yates-mallorca-charter.de\/wp-content\/uploads\/2024\/03\/Charter-Mallorca-gmr19fp45-2432-1-1-768x512.jpg\" data-width=\"768\" data-height=\"512\" aria-label=\"En el alquiler de yates tienes a tu disposici\u00f3n una amplia gama de opciones, entre las que se incluyen los impresionantes catamaranes. El interior de un catamar\u00e1n destaca por su atractivo dise\u00f1o y ofrece un gran confort para tus salidas en barco. Un factor clave para ello es la presencia de c\u00f3modos sof\u00e1s y una mesa de comedor. Este equipamiento crea un ambiente relajado en el que puedes comer mientras disfrutas de las maravillosas vistas al mar. Tanto si quieres quedar con amigos como pasar una velada tranquila con tu familia, un catamar\u00e1n es el lugar ideal para ambas cosas. Con el alquiler de yates, no hay deseo que no se cumpla.     \n\" role=\"img\" ><\/div>\n\t\t\t\t\t\t\t\t\t\t\t<div class=\"elementor-gallery-item__overlay\"><\/div>\n\t\t\t\t\t\t\t\t\t\t\t\t\t\t<\/a>\n\t\t\t\t\t\t\t<a class=\"e-gallery-item elementor-gallery-item elementor-animated-content\" href=\"https:\/\/www.yates-mallorca-charter.de\/wp-content\/uploads\/2024\/03\/Charter-Mallorca-gmr19fp45-2480-3-1.jpg\" data-elementor-open-lightbox=\"yes\" data-elementor-lightbox-slideshow=\"02d3606\" data-elementor-lightbox-title=\"Charter-Mallorca-gmr19fp45-2480-3.jpg\" data-elementor-lightbox-description=\"En lo que respecta al alquiler de yates, el interior de un catamar\u00e1n es especialmente impresionante. Este hogar flotante est\u00e1 equipado con c\u00f3modos sof\u00e1s y una mesa de comedor para garantizar una estancia c\u00f3moda a bordo. Ofrece el espacio perfecto para pasar tardes relajadas tras un d\u00eda lleno de aventuras n\u00e1uticas. El alquiler de yates te permite disfrutar de esta lujosa forma de viajar y, al mismo tiempo, admirar la belleza del oc\u00e9ano desde la comodidad de tu propio catamar\u00e1n.   \" data-e-action-hash=\"#elementor-action%3Aaction%3Dlightbox%26settings%3DeyJpZCI6MjEzNiwidXJsIjoiaHR0cHM6XC9cL3d3dy55YXRlcy1tYWxsb3JjYS1jaGFydGVyLmRlXC93cC1jb250ZW50XC91cGxvYWRzXC8yMDI0XC8wM1wvQ2hhcnRlci1NYWxsb3JjYS1nbXIxOWZwNDUtMjQ4MC0zLTEuanBnIiwic2xpZGVzaG93IjoiMDJkMzYwNiJ9\">\n\t\t\t\t\t<div class=\"e-gallery-image elementor-gallery-item__image\" data-thumbnail=\"https:\/\/www.yates-mallorca-charter.de\/wp-content\/uploads\/2024\/03\/Charter-Mallorca-gmr19fp45-2480-3-1-768x512.jpg\" data-width=\"768\" data-height=\"512\" aria-label=\"En lo que respecta al alquiler de yates, el interior de un catamar\u00e1n es especialmente impresionante. Este hogar flotante est\u00e1 equipado con c\u00f3modos sof\u00e1s y una mesa de comedor para garantizar una estancia c\u00f3moda a bordo. Ofrece el espacio perfecto para pasar tardes relajadas tras un d\u00eda lleno de aventuras n\u00e1uticas. El alquiler de yates te permite disfrutar de esta lujosa forma de viajar y, al mismo tiempo, admirar la belleza del oc\u00e9ano desde la comodidad de tu propio catamar\u00e1n.   \" role=\"img\" ><\/div>\n\t\t\t\t\t\t\t\t\t\t\t<div class=\"elementor-gallery-item__overlay\"><\/div>\n\t\t\t\t\t\t\t\t\t\t\t\t\t\t<\/a>\n\t\t\t\t\t<\/div>\n\t\t\t\t\t<\/div>\n\t\t\t\t<\/div>\n\t\t\t\t\t<\/div>\n\t\t<\/div>\n\t\t\t\t\t<\/div>\n\t\t<\/section>\n\t\t\t\t<section class=\"elementor-section elementor-top-section elementor-element elementor-element-58d53ca6 elementor-section-boxed elementor-section-height-default elementor-section-height-default\" data-id=\"58d53ca6\" data-element_type=\"section\" data-e-type=\"section\">\n\t\t\t\t\t\t<div class=\"elementor-container elementor-column-gap-default\">\n\t\t\t\t\t<div class=\"elementor-column elementor-col-100 elementor-top-column elementor-element elementor-element-28fb0444\" data-id=\"28fb0444\" data-element_type=\"column\" data-e-type=\"column\">\n\t\t\t<div class=\"elementor-widget-wrap elementor-element-populated\">\n\t\t\t\t\t\t<div class=\"elementor-element elementor-element-b76b871 elementor-widget elementor-widget-heading\" data-id=\"b76b871\" data-element_type=\"widget\" data-e-type=\"widget\" data-widget_type=\"heading.default\">\n\t\t\t\t<div class=\"elementor-widget-container\">\n\t\t\t\t\t<h3 class=\"elementor-heading-title elementor-size-default\">DESE\u00d1OS<\/h3>\t\t\t\t<\/div>\n\t\t\t\t<\/div>\n\t\t\t\t\t<\/div>\n\t\t<\/div>\n\t\t\t\t\t<\/div>\n\t\t<\/section>\n\t\t\t\t<section class=\"elementor-section elementor-top-section elementor-element elementor-element-43006ed8 elementor-section-boxed elementor-section-height-default elementor-section-height-default\" data-id=\"43006ed8\" data-element_type=\"section\" data-e-type=\"section\">\n\t\t\t\t\t\t<div class=\"elementor-container elementor-column-gap-default\">\n\t\t\t\t\t<div class=\"elementor-column elementor-col-100 elementor-top-column elementor-element elementor-element-7ac70433\" data-id=\"7ac70433\" data-element_type=\"column\" data-e-type=\"column\">\n\t\t\t<div class=\"elementor-widget-wrap elementor-element-populated\">\n\t\t\t\t\t\t<div class=\"elementor-element elementor-element-0209eda elementor-widget elementor-widget-gallery\" data-id=\"0209eda\" data-element_type=\"widget\" data-e-type=\"widget\" data-settings=\"{&quot;lazyload&quot;:&quot;yes&quot;,&quot;gallery_layout&quot;:&quot;grid&quot;,&quot;columns&quot;:4,&quot;columns_tablet&quot;:2,&quot;columns_mobile&quot;:1,&quot;gap&quot;:{&quot;unit&quot;:&quot;px&quot;,&quot;size&quot;:10,&quot;sizes&quot;:[]},&quot;gap_tablet&quot;:{&quot;unit&quot;:&quot;px&quot;,&quot;size&quot;:10,&quot;sizes&quot;:[]},&quot;gap_mobile&quot;:{&quot;unit&quot;:&quot;px&quot;,&quot;size&quot;:10,&quot;sizes&quot;:[]},&quot;link_to&quot;:&quot;file&quot;,&quot;aspect_ratio&quot;:&quot;3:2&quot;,&quot;overlay_background&quot;:&quot;yes&quot;,&quot;content_hover_animation&quot;:&quot;fade-in&quot;}\" data-widget_type=\"gallery.default\">\n\t\t\t\t<div class=\"elementor-widget-container\">\n\t\t\t\t\t\t\t<div class=\"elementor-gallery__container\">\n\t\t\t\t\t\t\t<a class=\"e-gallery-item elementor-gallery-item elementor-animated-content\" href=\"https:\/\/www.yates-mallorca-charter.de\/wp-content\/uploads\/2024\/03\/Charter-Mallorca-elba-45-deck-plan-1.jpg\" data-elementor-open-lightbox=\"yes\" data-elementor-lightbox-slideshow=\"0209eda\" data-elementor-lightbox-title=\"Un plano que muestra la planta de un catamar\u00e1n.\" data-elementor-lightbox-description=\"Un plano que muestra la planta de un catamar\u00e1n.\" data-e-action-hash=\"#elementor-action%3Aaction%3Dlightbox%26settings%3DeyJpZCI6MjEzOCwidXJsIjoiaHR0cHM6XC9cL3d3dy55YXRlcy1tYWxsb3JjYS1jaGFydGVyLmRlXC93cC1jb250ZW50XC91cGxvYWRzXC8yMDI0XC8wM1wvQ2hhcnRlci1NYWxsb3JjYS1lbGJhLTQ1LWRlY2stcGxhbi0xLmpwZyIsInNsaWRlc2hvdyI6IjAyMDllZGEifQ%3D%3D\">\n\t\t\t\t\t<div class=\"e-gallery-image elementor-gallery-item__image\" data-thumbnail=\"https:\/\/www.yates-mallorca-charter.de\/wp-content\/uploads\/2024\/03\/Charter-Mallorca-elba-45-deck-plan-1-768x542.jpg\" data-width=\"768\" data-height=\"542\" aria-label=\"Plano del catamar\u00e1n: vista desde arriba\" role=\"img\" ><\/div>\n\t\t\t\t\t\t\t\t\t\t\t<div class=\"elementor-gallery-item__overlay\"><\/div>\n\t\t\t\t\t\t\t\t\t\t\t\t\t\t<\/a>\n\t\t\t\t\t\t\t<a class=\"e-gallery-item elementor-gallery-item elementor-animated-content\" href=\"https:\/\/www.yates-mallorca-charter.de\/wp-content\/uploads\/2024\/03\/Charter-Mallorca-elba-45-fly-plan-1-1.jpg\" data-elementor-open-lightbox=\"yes\" data-elementor-lightbox-slideshow=\"0209eda\" data-elementor-lightbox-title=\"Un diagrama que muestra la estructura de un catamar\u00e1n.\" data-elementor-lightbox-description=\"Un diagrama que muestra la estructura de un catamar\u00e1n.\" data-e-action-hash=\"#elementor-action%3Aaction%3Dlightbox%26settings%3DeyJpZCI6MjE0MCwidXJsIjoiaHR0cHM6XC9cL3d3dy55YXRlcy1tYWxsb3JjYS1jaGFydGVyLmRlXC93cC1jb250ZW50XC91cGxvYWRzXC8yMDI0XC8wM1wvQ2hhcnRlci1NYWxsb3JjYS1lbGJhLTQ1LWZseS1wbGFuLTEtMS5qcGciLCJzbGlkZXNob3ciOiIwMjA5ZWRhIn0%3D\">\n\t\t\t\t\t<div class=\"e-gallery-image elementor-gallery-item__image\" data-thumbnail=\"https:\/\/www.yates-mallorca-charter.de\/wp-content\/uploads\/2024\/03\/Charter-Mallorca-elba-45-fly-plan-1-1-768x542.jpg\" data-width=\"768\" data-height=\"542\" aria-label=\"Plano interior del catamar\u00e1n\" role=\"img\" ><\/div>\n\t\t\t\t\t\t\t\t\t\t\t<div class=\"elementor-gallery-item__overlay\"><\/div>\n\t\t\t\t\t\t\t\t\t\t\t\t\t\t<\/a>\n\t\t\t\t\t\t\t<a class=\"e-gallery-item elementor-gallery-item elementor-animated-content\" href=\"https:\/\/www.yates-mallorca-charter.de\/wp-content\/uploads\/2024\/03\/Charter-Mallorca-elba-45-layout-quatuor-version-ohnewcvorn-1.jpg\" data-elementor-open-lightbox=\"yes\" data-elementor-lightbox-slideshow=\"0209eda\" data-elementor-lightbox-title=\"La disposici\u00f3n de un catamar\u00e1n.\" data-elementor-lightbox-description=\"La disposici\u00f3n de un catamar\u00e1n.\" data-e-action-hash=\"#elementor-action%3Aaction%3Dlightbox%26settings%3DeyJpZCI6MjE0MiwidXJsIjoiaHR0cHM6XC9cL3d3dy55YXRlcy1tYWxsb3JjYS1jaGFydGVyLmRlXC93cC1jb250ZW50XC91cGxvYWRzXC8yMDI0XC8wM1wvQ2hhcnRlci1NYWxsb3JjYS1lbGJhLTQ1LWxheW91dC1xdWF0dW9yLXZlcnNpb24tb2huZXdjdm9ybi0xLmpwZyIsInNsaWRlc2hvdyI6IjAyMDllZGEifQ%3D%3D\">\n\t\t\t\t\t<div class=\"e-gallery-image elementor-gallery-item__image\" data-thumbnail=\"https:\/\/www.yates-mallorca-charter.de\/wp-content\/uploads\/2024\/03\/Charter-Mallorca-elba-45-layout-quatuor-version-ohnewcvorn-1-768x576.jpg\" data-width=\"768\" data-height=\"576\" aria-label=\"Plano interior del catamar\u00e1n\" role=\"img\" ><\/div>\n\t\t\t\t\t\t\t\t\t\t\t<div class=\"elementor-gallery-item__overlay\"><\/div>\n\t\t\t\t\t\t\t\t\t\t\t\t\t\t<\/a>\n\t\t\t\t\t<\/div>\n\t\t\t\t\t<\/div>\n\t\t\t\t<\/div>\n\t\t\t\t\t<\/div>\n\t\t<\/div>\n\t\t\t\t\t<\/div>\n\t\t<\/section>\n\t\t\t\t<section class=\"elementor-section elementor-top-section elementor-element elementor-element-f7bbcca elementor-section-boxed elementor-section-height-default elementor-section-height-default\" data-id=\"f7bbcca\" data-element_type=\"section\" data-e-type=\"section\" id=\"termine\">\n\t\t\t\t\t\t<div class=\"elementor-container elementor-column-gap-default\">\n\t\t\t\t\t<div class=\"elementor-column elementor-col-100 elementor-top-column elementor-element elementor-element-0b5d235\" data-id=\"0b5d235\" data-element_type=\"column\" data-e-type=\"column\">\n\t\t\t<div class=\"elementor-widget-wrap elementor-element-populated\">\n\t\t\t\t\t\t<div class=\"elementor-element elementor-element-f6142e3 elementor-widget elementor-widget-spacer\" data-id=\"f6142e3\" data-element_type=\"widget\" data-e-type=\"widget\" data-widget_type=\"spacer.default\">\n\t\t\t\t<div class=\"elementor-widget-container\">\n\t\t\t\t\t\t\t<div class=\"elementor-spacer\">\n\t\t\t<div class=\"elementor-spacer-inner\"><\/div>\n\t\t<\/div>\n\t\t\t\t\t\t<\/div>\n\t\t\t\t<\/div>\n\t\t\t\t\t<\/div>\n\t\t<\/div>\n\t\t\t\t\t<\/div>\n\t\t<\/section>\n\t\t\t\t<section class=\"elementor-section elementor-top-section elementor-element elementor-element-6f056bc elementor-section-boxed elementor-section-height-default elementor-section-height-default\" data-id=\"6f056bc\" data-element_type=\"section\" data-e-type=\"section\">\n\t\t\t\t\t\t<div class=\"elementor-container elementor-column-gap-default\">\n\t\t\t\t\t<div class=\"elementor-column elementor-col-100 elementor-top-column elementor-element elementor-element-b54b3ef\" data-id=\"b54b3ef\" data-element_type=\"column\" data-e-type=\"column\">\n\t\t\t<div class=\"elementor-widget-wrap elementor-element-populated\">\n\t\t\t\t\t\t<div class=\"elementor-element elementor-element-68ad252 elementor-widget elementor-widget-shortcode\" data-id=\"68ad252\" data-element_type=\"widget\" data-e-type=\"widget\" data-widget_type=\"shortcode.default\">\n\t\t\t\t<div class=\"elementor-widget-container\">\n\t\t\t\t\t\t\t<div class=\"elementor-shortcode\"><div class=\"ycbb-shortcode-wrap\">\n\t\t\t\t\t\t\t\t\t\t\t<div class=\"ycbb-availability\"\n\t\t\t\t\tdata-ycbb-post-id=\"6805\"\n\t\t\t\t\tdata-ycbb-months=\"3\"\n\t\t\t\t\tdata-ycbb-lang=\"es\"\n\t\t\t\t\tdata-ycbb-open-modal=\"ycbb-modal-6805-1\"\n\t\t\t\t\tdata-ycbb-open-src=\"https:\/\/www.booking-manager.com\/wbm2\/page.html?view=YachtDetails&#038;yachtId=5588429050000106824&#038;companyid=6824&#038;setlang=es&#038;target=_blank\"\n\t\t\t\t\tdata-ycbb-label=\"Datos T\u00e9cnicos \u2013 Fechas Disponibles\">\n\t\t\t\t\t<div class=\"ycbb-availability__loading\">Cargando disponibilidad \u2026<\/div>\n\t\t\t\t<\/div>\n\t\t\t\n\t\t\t<div class=\"ycbb-modal\" id=\"ycbb-modal-6805-1\" aria-hidden=\"true\">\n\t\t\t\t<div class=\"ycbb-modal__overlay\" data-ycbb-close><\/div>\n\t\t\t\t<div class=\"ycbb-modal__box\" role=\"dialog\" aria-modal=\"true\" aria-labelledby=\"ycbb-modal-title-6805-1\">\n\t\t\t\t\t<span id=\"ycbb-modal-title-6805-1\" class=\"screen-reader-text\">Datos T\u00e9cnicos \u2013 Fechas Disponibles<\/span>\n\t\t\t\t\t<button type=\"button\" class=\"ycbb-modal__close\" data-ycbb-close aria-label=\"Cerrar\">&times;<\/button>\n\t\t\t\t\t<div class=\"ycbb-modal__loading\" aria-hidden=\"true\"><\/div>\n\t\t\t\t\t<iframe id=\"wbmResult\"\n\t\t\t\t\t\tclass=\"ycbb-modal__iframe\"\n\t\t\t\t\t\tsrc=\"\"\n\t\t\t\t\t\tscrolling=\"auto\"\n\t\t\t\t\t\tallowtransparency=\"true\"\n\t\t\t\t\t\tloading=\"lazy\"\n\t\t\t\t\t\ttitle=\"Datos T\u00e9cnicos \u2013 Fechas Disponibles\"><\/iframe>\n\t\t\t\t<\/div>\n\t\t\t<\/div>\n\t\t<\/div><\/div>\n\t\t\t\t\t\t<\/div>\n\t\t\t\t<\/div>\n\t\t\t\t\t<\/div>\n\t\t<\/div>\n\t\t\t\t\t<\/div>\n\t\t<\/section>\n\t\t\t\t<\/div>\n\t\t","protected":false},"excerpt":{"rendered":"<p>Destacados cabinas: 4 camas: 8 4 ba\u00f1os Mayor de sables, g\u00e9nova enrollable grandes motores 2 x Nanni Diesel 60 hp Paneles solares M\u00e1quina de agua, plancha de gas Plataforma de ba\u00f1o hidr\u00e1ulica, embarcaci\u00f3n auxiliar con fueraborda y mucho m\u00e1s Datos t\u00e9cnicos &#8211; Fechas disponibles Descripci\u00f3n Nueva incorporaci\u00f3n a nuestra flota de ch\u00e1rter debido a su [&hellip;]<\/p>\n","protected":false},"author":1,"featured_media":2088,"comment_status":"closed","ping_status":"closed","sticky":false,"template":"","format":"standard","meta":{"footnotes":""},"categories":[37],"tags":[],"class_list":["post-2617","post","type-post","status-publish","format-standard","has-post-thumbnail","hentry","category-catamaranes"],"_links":{"self":[{"href":"https:\/\/www.yates-mallorca-charter.de\/es\/wp-json\/wp\/v2\/posts\/2617","targetHints":{"allow":["GET"]}}],"collection":[{"href":"https:\/\/www.yates-mallorca-charter.de\/es\/wp-json\/wp\/v2\/posts"}],"about":[{"href":"https:\/\/www.yates-mallorca-charter.de\/es\/wp-json\/wp\/v2\/types\/post"}],"author":[{"embeddable":true,"href":"https:\/\/www.yates-mallorca-charter.de\/es\/wp-json\/wp\/v2\/users\/1"}],"replies":[{"embeddable":true,"href":"https:\/\/www.yates-mallorca-charter.de\/es\/wp-json\/wp\/v2\/comments?post=2617"}],"version-history":[{"count":4,"href":"https:\/\/www.yates-mallorca-charter.de\/es\/wp-json\/wp\/v2\/posts\/2617\/revisions"}],"predecessor-version":[{"id":6962,"href":"https:\/\/www.yates-mallorca-charter.de\/es\/wp-json\/wp\/v2\/posts\/2617\/revisions\/6962"}],"wp:featuredmedia":[{"embeddable":true,"href":"https:\/\/www.yates-mallorca-charter.de\/es\/wp-json\/wp\/v2\/media\/2088"}],"wp:attachment":[{"href":"https:\/\/www.yates-mallorca-charter.de\/es\/wp-json\/wp\/v2\/media?parent=2617"}],"wp:term":[{"taxonomy":"category","embeddable":true,"href":"https:\/\/www.yates-mallorca-charter.de\/es\/wp-json\/wp\/v2\/categories?post=2617"},{"taxonomy":"post_tag","embeddable":true,"href":"https:\/\/www.yates-mallorca-charter.de\/es\/wp-json\/wp\/v2\/tags?post=2617"}],"curies":[{"name":"wp","href":"https:\/\/api.w.org\/{rel}","templated":true}]}}