{"id":2633,"date":"2024-03-08T16:18:06","date_gmt":"2024-03-08T15:18:06","guid":{"rendered":"https:\/\/www.yates-mallorca-charter.de\/sin-categorizar\/fountaine-pajot-isla-40-maloja\/"},"modified":"2026-08-07T17:48:11","modified_gmt":"2026-08-07T15:48:11","slug":"fountaine-pajot-isla-40-maloja","status":"publish","type":"post","link":"https:\/\/www.yates-mallorca-charter.de\/es\/charter-es\/catamaranes\/fountaine-pajot-isla-40-maloja\/","title":{"rendered":"Fountaine Pajot Isla 40 &#8211; \u00abMaloja\u00bb"},"content":{"rendered":"\t\t<div data-elementor-type=\"wp-post\" data-elementor-id=\"2633\" class=\"elementor elementor-2633 elementor-1315\" data-elementor-post-type=\"post\">\n\t\t\t\t\t\t<section class=\"elementor-section elementor-top-section elementor-element elementor-element-3d580d65 elementor-section-boxed elementor-section-height-default elementor-section-height-default\" data-id=\"3d580d65\" data-element_type=\"section\" data-e-type=\"section\" data-settings=\"{&quot;background_background&quot;:&quot;classic&quot;}\">\n\t\t\t\t\t\t<div class=\"elementor-container elementor-column-gap-default\">\n\t\t\t\t\t<div class=\"elementor-column elementor-col-100 elementor-top-column elementor-element elementor-element-19d25c3f\" data-id=\"19d25c3f\" data-element_type=\"column\" data-e-type=\"column\">\n\t\t\t<div class=\"elementor-widget-wrap elementor-element-populated\">\n\t\t\t\t\t\t<div class=\"elementor-element elementor-element-157de8e1 elementor-widget elementor-widget-heading\" data-id=\"157de8e1\" data-element_type=\"widget\" data-e-type=\"widget\" data-widget_type=\"heading.default\">\n\t\t\t\t<div class=\"elementor-widget-container\">\n\t\t\t\t\t<h1 class=\"elementor-heading-title elementor-size-default\">Fountaine Pajot Isla 40 &#8211; \u00abMaloja\u00bb<\/h1>\t\t\t\t<\/div>\n\t\t\t\t<\/div>\n\t\t\t\t\t<\/div>\n\t\t<\/div>\n\t\t\t\t\t<\/div>\n\t\t<\/section>\n\t\t\t\t<section class=\"elementor-section elementor-top-section elementor-element elementor-element-7de8d754 elementor-section-boxed elementor-section-height-default elementor-section-height-default\" data-id=\"7de8d754\" data-element_type=\"section\" data-e-type=\"section\">\n\t\t\t\t\t\t<div class=\"elementor-container elementor-column-gap-default\">\n\t\t\t\t\t<div class=\"elementor-column elementor-col-50 elementor-top-column elementor-element elementor-element-4b963e81\" data-id=\"4b963e81\" data-element_type=\"column\" data-e-type=\"column\">\n\t\t\t<div class=\"elementor-widget-wrap elementor-element-populated\">\n\t\t\t\t\t\t<div class=\"elementor-element elementor-element-3f52aff8 elementor-widget elementor-widget-image\" data-id=\"3f52aff8\" data-element_type=\"widget\" data-e-type=\"widget\" data-widget_type=\"image.default\">\n\t\t\t\t<div class=\"elementor-widget-container\">\n\t\t\t\t\t\t\t\t\t\t\t\t\t\t\t<img loading=\"lazy\" decoding=\"async\" width=\"768\" height=\"461\" src=\"https:\/\/www.yates-mallorca-charter.de\/wp-content\/uploads\/2024\/03\/Charter-Mallorca-fountaine-pajot-isla-40-sailing-mallorca-768x461.jpg\" class=\"attachment-medium_large size-medium_large wp-image-2010\" alt=\"Catamar\u00e1n de lujo a vela\" srcset=\"https:\/\/www.yates-mallorca-charter.de\/wp-content\/uploads\/2024\/03\/Charter-Mallorca-fountaine-pajot-isla-40-sailing-mallorca-768x461.jpg 768w, https:\/\/www.yates-mallorca-charter.de\/wp-content\/uploads\/2024\/03\/Charter-Mallorca-fountaine-pajot-isla-40-sailing-mallorca-300x180.jpg 300w, https:\/\/www.yates-mallorca-charter.de\/wp-content\/uploads\/2024\/03\/Charter-Mallorca-fountaine-pajot-isla-40-sailing-mallorca.jpg 950w\" sizes=\"auto, (max-width: 768px) 100vw, 768px\"  title=\"Fountaine Pajot Isla 40 - &quot;Maloja&quot;\" \/>\t\t\t\t\t\t\t\t\t\t\t\t\t\t\t<\/div>\n\t\t\t\t<\/div>\n\t\t\t\t\t<\/div>\n\t\t<\/div>\n\t\t\t\t<div class=\"elementor-column elementor-col-50 elementor-top-column elementor-element elementor-element-76668fe5\" data-id=\"76668fe5\" data-element_type=\"column\" data-e-type=\"column\">\n\t\t\t<div class=\"elementor-widget-wrap elementor-element-populated\">\n\t\t\t\t\t\t<div class=\"elementor-element elementor-element-634e257c elementor-alert-info elementor-widget elementor-widget-alert\" data-id=\"634e257c\" data-element_type=\"widget\" data-e-type=\"widget\" data-widget_type=\"alert.default\">\n\t\t\t\t<div class=\"elementor-widget-container\">\n\t\t\t\t\t\t\t<div class=\"elementor-alert\" role=\"alert\">\n\n\t\t\t\t\t\t<span class=\"elementor-alert-title\">Destacados<\/span>\n\t\t\t\n\t\t\t\n\t\t\t\n\t\t<\/div>\n\t\t\t\t\t\t<\/div>\n\t\t\t\t<\/div>\n\t\t\t\t<div class=\"elementor-element elementor-element-1c47640a elementor-icon-list--layout-traditional elementor-list-item-link-full_width elementor-widget elementor-widget-icon-list\" data-id=\"1c47640a\" data-element_type=\"widget\" data-e-type=\"widget\" data-widget_type=\"icon-list.default\">\n\t\t\t\t<div class=\"elementor-widget-container\">\n\t\t\t\t\t\t\t<ul class=\"elementor-icon-list-items\">\n\t\t\t\t\t\t\t<li class=\"elementor-icon-list-item\">\n\t\t\t\t\t\t\t\t\t\t\t<span class=\"elementor-icon-list-icon\">\n\t\t\t\t\t\t\t<i aria-hidden=\"true\" class=\"xlio ion-md-checkbox-outline\"><\/i>\t\t\t\t\t\t<\/span>\n\t\t\t\t\t\t\t\t\t\t<span class=\"elementor-icon-list-text\">Camarote del patr\u00f3n<\/span>\n\t\t\t\t\t\t\t\t\t<\/li>\n\t\t\t\t\t\t\t\t<li class=\"elementor-icon-list-item\">\n\t\t\t\t\t\t\t\t\t\t\t<span class=\"elementor-icon-list-icon\">\n\t\t\t\t\t\t\t<i aria-hidden=\"true\" class=\"xlio ion-md-checkbox-outline\"><\/i>\t\t\t\t\t\t<\/span>\n\t\t\t\t\t\t\t\t\t\t<span class=\"elementor-icon-list-text\">mayor con sables, lazy jack, g\u00e9nova enrollable<\/span>\n\t\t\t\t\t\t\t\t\t<\/li>\n\t\t\t\t\t\t\t\t<li class=\"elementor-icon-list-item\">\n\t\t\t\t\t\t\t\t\t\t\t<span class=\"elementor-icon-list-icon\">\n\t\t\t\t\t\t\t<i aria-hidden=\"true\" class=\"xlio ion-md-checkbox-outline\"><\/i>\t\t\t\t\t\t<\/span>\n\t\t\t\t\t\t\t\t\t\t<span class=\"elementor-icon-list-text\">2 x Volvo Penta D1-30 PS, versi\u00f3n Oceanic<\/span>\n\t\t\t\t\t\t\t\t\t<\/li>\n\t\t\t\t\t\t\t\t<li class=\"elementor-icon-list-item\">\n\t\t\t\t\t\t\t\t\t\t\t<span class=\"elementor-icon-list-icon\">\n\t\t\t\t\t\t\t<i aria-hidden=\"true\" class=\"xlio ion-md-checkbox-outline\"><\/i>\t\t\t\t\t\t<\/span>\n\t\t\t\t\t\t\t\t\t\t<span class=\"elementor-icon-list-text\">Teca en la ba\u00f1era, aseos el\u00e9ctricos<\/span>\n\t\t\t\t\t\t\t\t\t<\/li>\n\t\t\t\t\t\t\t\t<li class=\"elementor-icon-list-item\">\n\t\t\t\t\t\t\t\t\t\t\t<span class=\"elementor-icon-list-icon\">\n\t\t\t\t\t\t\t<i aria-hidden=\"true\" class=\"xlio ion-md-checkbox-outline\"><\/i>\t\t\t\t\t\t<\/span>\n\t\t\t\t\t\t\t\t\t\t<span class=\"elementor-icon-list-text\">Ventiladores de 12 V, paneles solares<\/span>\n\t\t\t\t\t\t\t\t\t<\/li>\n\t\t\t\t\t\t\t\t<li class=\"elementor-icon-list-item\">\n\t\t\t\t\t\t\t\t\t\t\t<span class=\"elementor-icon-list-icon\">\n\t\t\t\t\t\t\t<i aria-hidden=\"true\" class=\"xlio ion-md-checkbox-outline\"><\/i>\t\t\t\t\t\t<\/span>\n\t\t\t\t\t\t\t\t\t\t<span class=\"elementor-icon-list-text\">Parrilla de gas, segundo frigor\u00edfico, horno de gas<\/span>\n\t\t\t\t\t\t\t\t\t<\/li>\n\t\t\t\t\t\t\t\t<li class=\"elementor-icon-list-item\">\n\t\t\t\t\t\t\t\t\t\t\t<span class=\"elementor-icon-list-icon\">\n\t\t\t\t\t\t\t<i aria-hidden=\"true\" class=\"xlio ion-md-checkbox-outline\"><\/i>\t\t\t\t\t\t<\/span>\n\t\t\t\t\t\t\t\t\t\t<span class=\"elementor-icon-list-text\">Bimini y soporte para el puesto de gobierno<\/span>\n\t\t\t\t\t\t\t\t\t<\/li>\n\t\t\t\t\t\t\t\t<li class=\"elementor-icon-list-item\">\n\t\t\t\t\t\t\t\t\t\t\t<span class=\"elementor-icon-list-icon\">\n\t\t\t\t\t\t\t<i aria-hidden=\"true\" class=\"xlio ion-md-checkbox-outline\"><\/i>\t\t\t\t\t\t<\/span>\n\t\t\t\t\t\t\t\t\t\t<span class=\"elementor-icon-list-text\">Dinghy an Davids mit Elektrowinch mit 10PS Au\u00dfenbordmotor uvm<\/span>\n\t\t\t\t\t\t\t\t\t<\/li>\n\t\t\t\t\t\t<\/ul>\n\t\t\t\t\t\t<\/div>\n\t\t\t\t<\/div>\n\t\t\t\t<div class=\"elementor-element elementor-element-4d0d57bf elementor-align-center elementor-widget elementor-widget-button\" data-id=\"4d0d57bf\" data-element_type=\"widget\" data-e-type=\"widget\" data-widget_type=\"button.default\">\n\t\t\t\t<div class=\"elementor-widget-container\">\n\t\t\t\t\t\t\t\t\t<div class=\"elementor-button-wrapper\">\n\t\t\t\t\t<a class=\"elementor-button elementor-button-link elementor-size-sm\" href=\"#termine\">\n\t\t\t\t\t\t<span class=\"elementor-button-content-wrapper\">\n\t\t\t\t\t\t\t\t\t<span class=\"elementor-button-text\">Datos t\u00e9cnicos - Fechas disponibles<\/span>\n\t\t\t\t\t<\/span>\n\t\t\t\t\t<\/a>\n\t\t\t\t<\/div>\n\t\t\t\t\t\t\t\t<\/div>\n\t\t\t\t<\/div>\n\t\t\t\t\t<\/div>\n\t\t<\/div>\n\t\t\t\t\t<\/div>\n\t\t<\/section>\n\t\t\t\t<section class=\"elementor-section elementor-top-section elementor-element elementor-element-403a3c15 elementor-section-boxed elementor-section-height-default elementor-section-height-default\" data-id=\"403a3c15\" data-element_type=\"section\" data-e-type=\"section\">\n\t\t\t\t\t\t<div class=\"elementor-container elementor-column-gap-default\">\n\t\t\t\t\t<div class=\"elementor-column elementor-col-100 elementor-top-column elementor-element elementor-element-2f566fe6\" data-id=\"2f566fe6\" data-element_type=\"column\" data-e-type=\"column\">\n\t\t\t<div class=\"elementor-widget-wrap elementor-element-populated\">\n\t\t\t\t\t\t<div class=\"elementor-element elementor-element-50682feb elementor-widget elementor-widget-heading\" data-id=\"50682feb\" data-element_type=\"widget\" data-e-type=\"widget\" data-widget_type=\"heading.default\">\n\t\t\t\t<div class=\"elementor-widget-container\">\n\t\t\t\t\t<h2 class=\"elementor-heading-title elementor-size-default\">Descripci\u00f3n<\/h2>\t\t\t\t<\/div>\n\t\t\t\t<\/div>\n\t\t\t\t\t<\/div>\n\t\t<\/div>\n\t\t\t\t\t<\/div>\n\t\t<\/section>\n\t\t\t\t<section class=\"elementor-section elementor-top-section elementor-element elementor-element-5d74c9bc elementor-section-boxed elementor-section-height-default elementor-section-height-default\" data-id=\"5d74c9bc\" data-element_type=\"section\" data-e-type=\"section\">\n\t\t\t\t\t\t<div class=\"elementor-container elementor-column-gap-default\">\n\t\t\t\t\t<div class=\"elementor-column elementor-col-100 elementor-top-column elementor-element elementor-element-5347818f\" data-id=\"5347818f\" data-element_type=\"column\" data-e-type=\"column\">\n\t\t\t<div class=\"elementor-widget-wrap elementor-element-populated\">\n\t\t\t\t\t\t<div class=\"elementor-element elementor-element-3d4299c9 elementor-widget elementor-widget-text-editor\" data-id=\"3d4299c9\" data-element_type=\"widget\" data-e-type=\"widget\" data-widget_type=\"text-editor.default\">\n\t\t\t\t<div class=\"elementor-widget-container\">\n\t\t\t\t\t\t\t\t\t<p>Nueva incorporaci\u00f3n a nuestra flota de ch\u00e1rter<\/p><p>El nuevo Fountaine Pajot Isla 40 es el exclusivo modelo de entrada a la gama que convence en todos los aspectos, tanto navegando por las Islas Baleares como fondeado en las calas m\u00e1s bonitas o amarrado en su amarre. En nuestro servicio de alquiler con salida y llegada en Palma de Mallorca, el Isla 40 se ofrece en la versi\u00f3n Quatuor 2, con 4 c\u00f3modos camarotes dobles y 2 ba\u00f1os con ducha independiente, as\u00ed como un camarote en la proa totalmente acondicionado. De este modo, este catamar\u00e1n a vela ofrece espacio para hasta 8+1 pasajeros. <\/p><p>El Isla 40 se caracteriza por un impresionante rendimiento de navegaci\u00f3n, un dise\u00f1o extraordinariamente innovador y unos interiores luminosos. Tambi\u00e9n puede alquilar una versi\u00f3n Oceanis con muchos extras agradables y \u00fatiles para sus inolvidables vacaciones a vela. <\/p><p>Adem\u00e1s de todas las pantallas de instrumentos, el puesto de gobierno dispone de una segunda radio con AIS. El bimini y el soporte para tartas protegen al conductor del sol y del viento. El puesto del conductor est\u00e1 a medio camino entre el flybridge y la ba\u00f1era. Esto permite una buena visi\u00f3n general del barco y una buena comunicaci\u00f3n con el resto de tus compa\u00f1eros.   <\/p><p>La ba\u00f1era con teca y barbacoa de gas invita a quedarse. Aqu\u00ed, cerca de la cocina, es el lugar ideal para darse un fest\u00edn o simplemente disfrutar de la vista de las hermosas bah\u00edas de Mallorca, Ibiza, Formentera o Menorca. La tumbona de la cubierta de proa es ideal para los amantes del sol y los que les gusta dejarse llevar por el viento.  <\/p><p><strong>Equipamiento extra:<\/strong> Versi\u00f3n Oceanic, teca en la ba\u00f1era, segunda VHF con AIS en el tim\u00f3n, inodoros el\u00e9ctricos, ventiladores de 12 V, paneles solares, parrilla de gas, segunda nevera, horno de gas, bimini y soporte para tartas para el tim\u00f3n, embarcaci\u00f3n auxiliar sobre pescantes con cabrestante el\u00e9ctrico y con motor fueraborda de 6 CV y mucho m\u00e1s.<\/p>\t\t\t\t\t\t\t\t<\/div>\n\t\t\t\t<\/div>\n\t\t\t\t\t<\/div>\n\t\t<\/div>\n\t\t\t\t\t<\/div>\n\t\t<\/section>\n\t\t\t\t<section class=\"elementor-section elementor-top-section elementor-element elementor-element-6f68145 elementor-section-boxed elementor-section-height-default elementor-section-height-default\" data-id=\"6f68145\" data-element_type=\"section\" data-e-type=\"section\">\n\t\t\t\t\t\t<div class=\"elementor-container elementor-column-gap-default\">\n\t\t\t\t\t<div class=\"elementor-column elementor-col-100 elementor-top-column elementor-element elementor-element-218c0efd\" data-id=\"218c0efd\" data-element_type=\"column\" data-e-type=\"column\">\n\t\t\t<div class=\"elementor-widget-wrap elementor-element-populated\">\n\t\t\t\t\t\t<div class=\"elementor-element elementor-element-718d5cdb elementor-widget elementor-widget-heading\" data-id=\"718d5cdb\" data-element_type=\"widget\" data-e-type=\"widget\" data-widget_type=\"heading.default\">\n\t\t\t\t<div class=\"elementor-widget-container\">\n\t\t\t\t\t<h3 class=\"elementor-heading-title elementor-size-default\">EXTERIOR<\/h3>\t\t\t\t<\/div>\n\t\t\t\t<\/div>\n\t\t\t\t\t<\/div>\n\t\t<\/div>\n\t\t\t\t\t<\/div>\n\t\t<\/section>\n\t\t\t\t<section class=\"elementor-section elementor-top-section elementor-element elementor-element-2a7583b8 elementor-section-boxed elementor-section-height-default elementor-section-height-default\" data-id=\"2a7583b8\" data-element_type=\"section\" data-e-type=\"section\">\n\t\t\t\t\t\t<div class=\"elementor-container elementor-column-gap-default\">\n\t\t\t\t\t<div class=\"elementor-column elementor-col-100 elementor-top-column elementor-element elementor-element-12f7ea2c\" data-id=\"12f7ea2c\" data-element_type=\"column\" data-e-type=\"column\">\n\t\t\t<div class=\"elementor-widget-wrap elementor-element-populated\">\n\t\t\t\t\t\t<div class=\"elementor-element elementor-element-448272d5 elementor-widget elementor-widget-gallery\" data-id=\"448272d5\" data-element_type=\"widget\" data-e-type=\"widget\" data-settings=\"{&quot;lazyload&quot;:&quot;yes&quot;,&quot;gallery_layout&quot;:&quot;grid&quot;,&quot;columns&quot;:4,&quot;columns_tablet&quot;:2,&quot;columns_mobile&quot;:1,&quot;gap&quot;:{&quot;unit&quot;:&quot;px&quot;,&quot;size&quot;:10,&quot;sizes&quot;:[]},&quot;gap_tablet&quot;:{&quot;unit&quot;:&quot;px&quot;,&quot;size&quot;:10,&quot;sizes&quot;:[]},&quot;gap_mobile&quot;:{&quot;unit&quot;:&quot;px&quot;,&quot;size&quot;:10,&quot;sizes&quot;:[]},&quot;link_to&quot;:&quot;file&quot;,&quot;aspect_ratio&quot;:&quot;3:2&quot;,&quot;overlay_background&quot;:&quot;yes&quot;,&quot;content_hover_animation&quot;:&quot;fade-in&quot;}\" data-widget_type=\"gallery.default\">\n\t\t\t\t<div class=\"elementor-widget-container\">\n\t\t\t\t\t\t\t<div class=\"elementor-gallery__container\">\n\t\t\t\t\t\t\t<a class=\"e-gallery-item elementor-gallery-item elementor-animated-content\" href=\"https:\/\/www.yates-mallorca-charter.de\/wp-content\/uploads\/2024\/03\/Charter-Mallorca-fountaine-pajot-isla-40-charter-mallorca.jpg\" data-elementor-open-lightbox=\"yes\" data-elementor-lightbox-slideshow=\"448272d5\" data-elementor-lightbox-title=\"Un catamar\u00e1n blanco y rojo navega por el mar.\" data-elementor-lightbox-description=\"Un catamar\u00e1n blanco y rojo navega por el mar.\" data-e-action-hash=\"#elementor-action%3Aaction%3Dlightbox%26settings%3DeyJpZCI6MjAxMiwidXJsIjoiaHR0cHM6XC9cL3d3dy55YXRlcy1tYWxsb3JjYS1jaGFydGVyLmRlXC93cC1jb250ZW50XC91cGxvYWRzXC8yMDI0XC8wM1wvQ2hhcnRlci1NYWxsb3JjYS1mb3VudGFpbmUtcGFqb3QtaXNsYS00MC1jaGFydGVyLW1hbGxvcmNhLmpwZyIsInNsaWRlc2hvdyI6IjQ0ODI3MmQ1In0%3D\">\n\t\t\t\t\t<div class=\"e-gallery-image elementor-gallery-item__image\" data-thumbnail=\"https:\/\/www.yates-mallorca-charter.de\/wp-content\/uploads\/2024\/03\/Charter-Mallorca-fountaine-pajot-isla-40-charter-mallorca-768x461.jpg\" data-width=\"768\" data-height=\"461\" aria-label=\"Un catamar\u00e1n a vela navega por el mar\" role=\"img\" ><\/div>\n\t\t\t\t\t\t\t\t\t\t\t<div class=\"elementor-gallery-item__overlay\"><\/div>\n\t\t\t\t\t\t\t\t\t\t\t\t\t\t<\/a>\n\t\t\t\t\t\t\t<a class=\"e-gallery-item elementor-gallery-item elementor-animated-content\" href=\"https:\/\/www.yates-mallorca-charter.de\/wp-content\/uploads\/2024\/03\/Charter-Mallorca-fountaine-pajot-isla-40-cockpit.jpg\" data-elementor-open-lightbox=\"yes\" data-elementor-lightbox-slideshow=\"448272d5\" data-elementor-lightbox-title=\"Una pareja est\u00e1 sentada en un barco con vistas al mar.\" data-elementor-lightbox-description=\"Una pareja est\u00e1 sentada en un barco con vistas al mar.\" data-e-action-hash=\"#elementor-action%3Aaction%3Dlightbox%26settings%3DeyJpZCI6MjAxNCwidXJsIjoiaHR0cHM6XC9cL3d3dy55YXRlcy1tYWxsb3JjYS1jaGFydGVyLmRlXC93cC1jb250ZW50XC91cGxvYWRzXC8yMDI0XC8wM1wvQ2hhcnRlci1NYWxsb3JjYS1mb3VudGFpbmUtcGFqb3QtaXNsYS00MC1jb2NrcGl0LmpwZyIsInNsaWRlc2hvdyI6IjQ0ODI3MmQ1In0%3D\">\n\t\t\t\t\t<div class=\"e-gallery-image elementor-gallery-item__image\" data-thumbnail=\"https:\/\/www.yates-mallorca-charter.de\/wp-content\/uploads\/2024\/03\/Charter-Mallorca-fountaine-pajot-isla-40-cockpit-768x461.jpg\" data-width=\"768\" data-height=\"461\" aria-label=\"Una pareja disfruta de una cena en un barco\" role=\"img\" ><\/div>\n\t\t\t\t\t\t\t\t\t\t\t<div class=\"elementor-gallery-item__overlay\"><\/div>\n\t\t\t\t\t\t\t\t\t\t\t\t\t\t<\/a>\n\t\t\t\t\t\t\t<a class=\"e-gallery-item elementor-gallery-item elementor-animated-content\" href=\"https:\/\/www.yates-mallorca-charter.de\/wp-content\/uploads\/2024\/03\/Charter-Mallorca-fountaine-pajot-isla-40-cockpit-table.jpg\" data-elementor-open-lightbox=\"yes\" data-elementor-lightbox-slideshow=\"448272d5\" data-elementor-lightbox-title=\"Hay dos personas sentadas en la cubierta de un yate.\" data-elementor-lightbox-description=\"Hay dos personas sentadas en la cubierta de un yate.\" data-e-action-hash=\"#elementor-action%3Aaction%3Dlightbox%26settings%3DeyJpZCI6MjAxNiwidXJsIjoiaHR0cHM6XC9cL3d3dy55YXRlcy1tYWxsb3JjYS1jaGFydGVyLmRlXC93cC1jb250ZW50XC91cGxvYWRzXC8yMDI0XC8wM1wvQ2hhcnRlci1NYWxsb3JjYS1mb3VudGFpbmUtcGFqb3QtaXNsYS00MC1jb2NrcGl0LXRhYmxlLmpwZyIsInNsaWRlc2hvdyI6IjQ0ODI3MmQ1In0%3D\">\n\t\t\t\t\t<div class=\"e-gallery-image elementor-gallery-item__image\" data-thumbnail=\"https:\/\/www.yates-mallorca-charter.de\/wp-content\/uploads\/2024\/03\/Charter-Mallorca-fountaine-pajot-isla-40-cockpit-table-768x461.jpg\" data-width=\"768\" data-height=\"461\" aria-label=\"Barco de vela con invitados y comida\" role=\"img\" ><\/div>\n\t\t\t\t\t\t\t\t\t\t\t<div class=\"elementor-gallery-item__overlay\"><\/div>\n\t\t\t\t\t\t\t\t\t\t\t\t\t\t<\/a>\n\t\t\t\t\t\t\t<a class=\"e-gallery-item elementor-gallery-item elementor-animated-content\" href=\"https:\/\/www.yates-mallorca-charter.de\/wp-content\/uploads\/2024\/03\/Charter-Mallorca-fountaine-pajot-isla-40-front-lounge.jpg\" data-elementor-open-lightbox=\"yes\" data-elementor-lightbox-slideshow=\"448272d5\" data-elementor-lightbox-title=\"Hay dos personas sentadas en la cubierta de un catamar\u00e1n.\" data-elementor-lightbox-description=\"Hay dos personas sentadas en la cubierta de un catamar\u00e1n.\" data-e-action-hash=\"#elementor-action%3Aaction%3Dlightbox%26settings%3DeyJpZCI6MjAxOCwidXJsIjoiaHR0cHM6XC9cL3d3dy55YXRlcy1tYWxsb3JjYS1jaGFydGVyLmRlXC93cC1jb250ZW50XC91cGxvYWRzXC8yMDI0XC8wM1wvQ2hhcnRlci1NYWxsb3JjYS1mb3VudGFpbmUtcGFqb3QtaXNsYS00MC1mcm9udC1sb3VuZ2UuanBnIiwic2xpZGVzaG93IjoiNDQ4MjcyZDUifQ%3D%3D\">\n\t\t\t\t\t<div class=\"e-gallery-image elementor-gallery-item__image\" data-thumbnail=\"https:\/\/www.yates-mallorca-charter.de\/wp-content\/uploads\/2024\/03\/Charter-Mallorca-fountaine-pajot-isla-40-front-lounge-768x512.jpg\" data-width=\"768\" data-height=\"512\" aria-label=\"Una pareja de ensue\u00f1o se relaja en un catamar\u00e1n\" role=\"img\" ><\/div>\n\t\t\t\t\t\t\t\t\t\t\t<div class=\"elementor-gallery-item__overlay\"><\/div>\n\t\t\t\t\t\t\t\t\t\t\t\t\t\t<\/a>\n\t\t\t\t\t\t\t<a class=\"e-gallery-item elementor-gallery-item elementor-animated-content\" href=\"https:\/\/www.yates-mallorca-charter.de\/wp-content\/uploads\/2024\/03\/Charter-Mallorca-fountaine-pajot-isla-40-mooring-mallorca.jpg\" data-elementor-open-lightbox=\"yes\" data-elementor-lightbox-slideshow=\"448272d5\" data-elementor-lightbox-title=\"Charter-Mallorca--Fountaine-Pajot-Isla-40-amarre-Mallorca\" data-elementor-lightbox-description=\"Una persona est\u00e1 sobre una tabla de paddle surf en un catamar\u00e1n, como parte de un alquiler de yates.\" data-e-action-hash=\"#elementor-action%3Aaction%3Dlightbox%26settings%3DeyJpZCI6MjAyMCwidXJsIjoiaHR0cHM6XC9cL3d3dy55YXRlcy1tYWxsb3JjYS1jaGFydGVyLmRlXC93cC1jb250ZW50XC91cGxvYWRzXC8yMDI0XC8wM1wvQ2hhcnRlci1NYWxsb3JjYS1mb3VudGFpbmUtcGFqb3QtaXNsYS00MC1tb29yaW5nLW1hbGxvcmNhLmpwZyIsInNsaWRlc2hvdyI6IjQ0ODI3MmQ1In0%3D\">\n\t\t\t\t\t<div class=\"e-gallery-image elementor-gallery-item__image\" data-thumbnail=\"https:\/\/www.yates-mallorca-charter.de\/wp-content\/uploads\/2024\/03\/Charter-Mallorca-fountaine-pajot-isla-40-mooring-mallorca-768x512.jpg\" data-width=\"768\" data-height=\"512\" aria-label=\"Una persona est\u00e1 sobre una tabla de paddle surf en un catamar\u00e1n, como parte de un alquiler de yates.\" role=\"img\" ><\/div>\n\t\t\t\t\t\t\t\t\t\t\t<div class=\"elementor-gallery-item__overlay\"><\/div>\n\t\t\t\t\t\t\t\t\t\t\t\t\t\t<\/a>\n\t\t\t\t\t\t\t<a class=\"e-gallery-item elementor-gallery-item elementor-animated-content\" href=\"https:\/\/www.yates-mallorca-charter.de\/wp-content\/uploads\/2024\/03\/Charter-Mallorca-fountaine-pajot-isla-40-mooring-rear-view.jpg\" data-elementor-open-lightbox=\"yes\" data-elementor-lightbox-slideshow=\"448272d5\" data-elementor-lightbox-title=\"Charter-Mallorca--Fountaine-Pajot-Isla-40-amarre-vista trasera\" data-elementor-lightbox-description=\"Un catamar\u00e1n blanco navega por el agua. En el contexto del alquiler de yates, esto significa que tienes la oportunidad de alquilar este catamar\u00e1n y navegar en tu propio crucero privado. Alquilar un yate te ofrece una oportunidad maravillosa para disfrutar del mar con todo el lujo y la comodidad. Disfruta de la tranquilidad en mar abierto o explora calas rec\u00f3nditas, todo ello a bordo de tu catamar\u00e1n blanco alquilado.   \" data-e-action-hash=\"#elementor-action%3Aaction%3Dlightbox%26settings%3DeyJpZCI6MjAyMiwidXJsIjoiaHR0cHM6XC9cL3d3dy55YXRlcy1tYWxsb3JjYS1jaGFydGVyLmRlXC93cC1jb250ZW50XC91cGxvYWRzXC8yMDI0XC8wM1wvQ2hhcnRlci1NYWxsb3JjYS1mb3VudGFpbmUtcGFqb3QtaXNsYS00MC1tb29yaW5nLXJlYXItdmlldy5qcGciLCJzbGlkZXNob3ciOiI0NDgyNzJkNSJ9\">\n\t\t\t\t\t<div class=\"e-gallery-image elementor-gallery-item__image\" data-thumbnail=\"https:\/\/www.yates-mallorca-charter.de\/wp-content\/uploads\/2024\/03\/Charter-Mallorca-fountaine-pajot-isla-40-mooring-rear-view-768x512.jpg\" data-width=\"768\" data-height=\"512\" aria-label=\"Un catamar\u00e1n blanco navega por el agua. En el contexto del alquiler de yates, esto significa que tienes la oportunidad de alquilar este catamar\u00e1n y navegar en tu propio crucero privado. Alquilar un yate te ofrece una oportunidad maravillosa para disfrutar del mar con todo el lujo y la comodidad. Disfruta de la tranquilidad en mar abierto o explora calas rec\u00f3nditas, todo ello a bordo de tu catamar\u00e1n blanco alquilado.   \" role=\"img\" ><\/div>\n\t\t\t\t\t\t\t\t\t\t\t<div class=\"elementor-gallery-item__overlay\"><\/div>\n\t\t\t\t\t\t\t\t\t\t\t\t\t\t<\/a>\n\t\t\t\t\t<\/div>\n\t\t\t\t\t<\/div>\n\t\t\t\t<\/div>\n\t\t\t\t\t<\/div>\n\t\t<\/div>\n\t\t\t\t\t<\/div>\n\t\t<\/section>\n\t\t\t\t<section class=\"elementor-section elementor-top-section elementor-element elementor-element-d7cd740 elementor-section-boxed elementor-section-height-default elementor-section-height-default\" data-id=\"d7cd740\" data-element_type=\"section\" data-e-type=\"section\">\n\t\t\t\t\t\t<div class=\"elementor-container elementor-column-gap-default\">\n\t\t\t\t\t<div class=\"elementor-column elementor-col-100 elementor-top-column elementor-element elementor-element-71753747\" data-id=\"71753747\" data-element_type=\"column\" data-e-type=\"column\">\n\t\t\t<div class=\"elementor-widget-wrap elementor-element-populated\">\n\t\t\t\t\t\t<div class=\"elementor-element elementor-element-29467a09 elementor-widget elementor-widget-heading\" data-id=\"29467a09\" data-element_type=\"widget\" data-e-type=\"widget\" data-widget_type=\"heading.default\">\n\t\t\t\t<div class=\"elementor-widget-container\">\n\t\t\t\t\t<h3 class=\"elementor-heading-title elementor-size-default\">INTERIOR<\/h3>\t\t\t\t<\/div>\n\t\t\t\t<\/div>\n\t\t\t\t\t<\/div>\n\t\t<\/div>\n\t\t\t\t\t<\/div>\n\t\t<\/section>\n\t\t\t\t<section class=\"elementor-section elementor-top-section elementor-element elementor-element-1e3044f5 elementor-section-boxed elementor-section-height-default elementor-section-height-default\" data-id=\"1e3044f5\" data-element_type=\"section\" data-e-type=\"section\">\n\t\t\t\t\t\t<div class=\"elementor-container elementor-column-gap-default\">\n\t\t\t\t\t<div class=\"elementor-column elementor-col-100 elementor-top-column elementor-element elementor-element-691201f1\" data-id=\"691201f1\" data-element_type=\"column\" data-e-type=\"column\">\n\t\t\t<div class=\"elementor-widget-wrap elementor-element-populated\">\n\t\t\t\t\t\t<div class=\"elementor-element elementor-element-2b488c10 elementor-widget elementor-widget-gallery\" data-id=\"2b488c10\" data-element_type=\"widget\" data-e-type=\"widget\" data-settings=\"{&quot;lazyload&quot;:&quot;yes&quot;,&quot;gallery_layout&quot;:&quot;grid&quot;,&quot;columns&quot;:4,&quot;columns_tablet&quot;:2,&quot;columns_mobile&quot;:1,&quot;gap&quot;:{&quot;unit&quot;:&quot;px&quot;,&quot;size&quot;:10,&quot;sizes&quot;:[]},&quot;gap_tablet&quot;:{&quot;unit&quot;:&quot;px&quot;,&quot;size&quot;:10,&quot;sizes&quot;:[]},&quot;gap_mobile&quot;:{&quot;unit&quot;:&quot;px&quot;,&quot;size&quot;:10,&quot;sizes&quot;:[]},&quot;link_to&quot;:&quot;file&quot;,&quot;aspect_ratio&quot;:&quot;3:2&quot;,&quot;overlay_background&quot;:&quot;yes&quot;,&quot;content_hover_animation&quot;:&quot;fade-in&quot;}\" data-widget_type=\"gallery.default\">\n\t\t\t\t<div class=\"elementor-widget-container\">\n\t\t\t\t\t\t\t<div class=\"elementor-gallery__container\">\n\t\t\t\t\t\t\t<a class=\"e-gallery-item elementor-gallery-item elementor-animated-content\" href=\"https:\/\/www.yates-mallorca-charter.de\/wp-content\/uploads\/2024\/03\/Charter-Mallorca-fountaine-pajot-isla-40-kitchen.jpg\" data-elementor-open-lightbox=\"yes\" data-elementor-lightbox-slideshow=\"2b488c10\" data-elementor-lightbox-title=\"El interior de un barco con sof\u00e1 y lavabo.\" data-elementor-lightbox-description=\"El interior de un barco con sof\u00e1 y lavabo.\" data-e-action-hash=\"#elementor-action%3Aaction%3Dlightbox%26settings%3DeyJpZCI6MjAyNCwidXJsIjoiaHR0cHM6XC9cL3d3dy55YXRlcy1tYWxsb3JjYS1jaGFydGVyLmRlXC93cC1jb250ZW50XC91cGxvYWRzXC8yMDI0XC8wM1wvQ2hhcnRlci1NYWxsb3JjYS1mb3VudGFpbmUtcGFqb3QtaXNsYS00MC1raXRjaGVuLmpwZyIsInNsaWRlc2hvdyI6IjJiNDg4YzEwIn0%3D\">\n\t\t\t\t\t<div class=\"e-gallery-image elementor-gallery-item__image\" data-thumbnail=\"https:\/\/www.yates-mallorca-charter.de\/wp-content\/uploads\/2024\/03\/Charter-Mallorca-fountaine-pajot-isla-40-kitchen-768x461.jpg\" data-width=\"768\" data-height=\"461\" aria-label=\"Interior de un yate de lujo\" role=\"img\" ><\/div>\n\t\t\t\t\t\t\t\t\t\t\t<div class=\"elementor-gallery-item__overlay\"><\/div>\n\t\t\t\t\t\t\t\t\t\t\t\t\t\t<\/a>\n\t\t\t\t\t\t\t<a class=\"e-gallery-item elementor-gallery-item elementor-animated-content\" href=\"https:\/\/www.yates-mallorca-charter.de\/wp-content\/uploads\/2024\/03\/Charter-Mallorca-fountaine-pajot-isla-40-quatuor-cabin.jpg\" data-elementor-open-lightbox=\"yes\" data-elementor-lightbox-slideshow=\"2b488c10\" data-elementor-lightbox-title=\"Un barquito con una cama en el medio.\" data-elementor-lightbox-description=\"Un barquito con una cama en el medio.\" data-e-action-hash=\"#elementor-action%3Aaction%3Dlightbox%26settings%3DeyJpZCI6MjAyNiwidXJsIjoiaHR0cHM6XC9cL3d3dy55YXRlcy1tYWxsb3JjYS1jaGFydGVyLmRlXC93cC1jb250ZW50XC91cGxvYWRzXC8yMDI0XC8wM1wvQ2hhcnRlci1NYWxsb3JjYS1mb3VudGFpbmUtcGFqb3QtaXNsYS00MC1xdWF0dW9yLWNhYmluLmpwZyIsInNsaWRlc2hvdyI6IjJiNDg4YzEwIn0%3D\">\n\t\t\t\t\t<div class=\"e-gallery-image elementor-gallery-item__image\" data-thumbnail=\"https:\/\/www.yates-mallorca-charter.de\/wp-content\/uploads\/2024\/03\/Charter-Mallorca-fountaine-pajot-isla-40-quatuor-cabin-768x512.jpg\" data-width=\"768\" data-height=\"512\" aria-label=\"Cama en el camarote de un barco\" role=\"img\" ><\/div>\n\t\t\t\t\t\t\t\t\t\t\t<div class=\"elementor-gallery-item__overlay\"><\/div>\n\t\t\t\t\t\t\t\t\t\t\t\t\t\t<\/a>\n\t\t\t\t\t\t\t<a class=\"e-gallery-item elementor-gallery-item elementor-animated-content\" href=\"https:\/\/www.yates-mallorca-charter.de\/wp-content\/uploads\/2024\/03\/Charter-Mallorca-fountaine-pajot-isla-40-quatuor-rear-cabin.jpg\" data-elementor-open-lightbox=\"yes\" data-elementor-lightbox-slideshow=\"2b488c10\" data-elementor-lightbox-title=\"Alquiler de barcos en Mallorca -- Fountaine Pajot Isla 40 Quatuor con camarote trasero\" data-elementor-lightbox-description=\"Un peque\u00f1o dormitorio en un yate con una cama y un televisor. Al alquilar un yate, tendr\u00e1s la oportunidad de relajarte en esta lujosa embarcaci\u00f3n y, al mismo tiempo, disfrutar de las magn\u00edficas vistas al mar. Esta experiencia es absolutamente incomparable. Disfruta de la comodidad de tu dormitorio privado mientras te mece suavemente el vaiv\u00e9n de las olas.\nEl dormitorio tiene todo lo que necesitas para un sue\u00f1o reparador: una cama acogedora y una tele para entretenerte. Ponte c\u00f3modo y disfruta de una estancia relajada a bordo de tu yate alquilado.    \n\" data-e-action-hash=\"#elementor-action%3Aaction%3Dlightbox%26settings%3DeyJpZCI6MjAyOCwidXJsIjoiaHR0cHM6XC9cL3d3dy55YXRlcy1tYWxsb3JjYS1jaGFydGVyLmRlXC93cC1jb250ZW50XC91cGxvYWRzXC8yMDI0XC8wM1wvQ2hhcnRlci1NYWxsb3JjYS1mb3VudGFpbmUtcGFqb3QtaXNsYS00MC1xdWF0dW9yLXJlYXItY2FiaW4uanBnIiwic2xpZGVzaG93IjoiMmI0ODhjMTAifQ%3D%3D\">\n\t\t\t\t\t<div class=\"e-gallery-image elementor-gallery-item__image\" data-thumbnail=\"https:\/\/www.yates-mallorca-charter.de\/wp-content\/uploads\/2024\/03\/Charter-Mallorca-fountaine-pajot-isla-40-quatuor-rear-cabin-768x512.jpg\" data-width=\"768\" data-height=\"512\" aria-label=\"Un peque\u00f1o dormitorio en un yate con una cama y un televisor. Al alquilar un yate, tendr\u00e1s la oportunidad de relajarte en esta lujosa embarcaci\u00f3n y, al mismo tiempo, disfrutar de las magn\u00edficas vistas al mar. Esta experiencia es absolutamente incomparable. Disfruta de la comodidad de tu dormitorio privado mientras te mece suavemente el vaiv\u00e9n de las olas.\nEl dormitorio tiene todo lo que necesitas para un sue\u00f1o reparador: una cama acogedora y una tele para entretenerte. Ponte c\u00f3modo y disfruta de una estancia relajada a bordo de tu yate alquilado.    \n\" role=\"img\" ><\/div>\n\t\t\t\t\t\t\t\t\t\t\t<div class=\"elementor-gallery-item__overlay\"><\/div>\n\t\t\t\t\t\t\t\t\t\t\t\t\t\t<\/a>\n\t\t\t\t\t\t\t<a class=\"e-gallery-item elementor-gallery-item elementor-animated-content\" href=\"https:\/\/www.yates-mallorca-charter.de\/wp-content\/uploads\/2024\/03\/Charter-Mallorca-fountaine-pajot-isla-40-salon.jpg\" data-elementor-open-lightbox=\"yes\" data-elementor-lightbox-slideshow=\"2b488c10\" data-elementor-lightbox-title=\"Alquiler de barcos en Mallorca -- Fountaine Pajot Isla 40 con sal\u00f3n\" data-elementor-lightbox-description=\"Mira el alquiler de yates desde una nueva perspectiva y sum\u00e9rgete en el lujoso interior de un catamar\u00e1n. Su sofisticado dise\u00f1o incluye una cocina y un sal\u00f3n pensados para que tu viaje en velero sea lo m\u00e1s agradable posible. Cada detalle del interior del barco est\u00e1 cuidadosamente pensado. Desde comodidades modernas hasta materiales de alta calidad: todo est\u00e1 pensado para maximizar la comodidad de los hu\u00e9spedes. \u00a1Cuando planifiques tu pr\u00f3xima aventura a bordo, no te olvides de echar un vistazo a nuestras opciones de alquiler de yates!    \" data-e-action-hash=\"#elementor-action%3Aaction%3Dlightbox%26settings%3DeyJpZCI6MjAzMCwidXJsIjoiaHR0cHM6XC9cL3d3dy55YXRlcy1tYWxsb3JjYS1jaGFydGVyLmRlXC93cC1jb250ZW50XC91cGxvYWRzXC8yMDI0XC8wM1wvQ2hhcnRlci1NYWxsb3JjYS1mb3VudGFpbmUtcGFqb3QtaXNsYS00MC1zYWxvbi5qcGciLCJzbGlkZXNob3ciOiIyYjQ4OGMxMCJ9\">\n\t\t\t\t\t<div class=\"e-gallery-image elementor-gallery-item__image\" data-thumbnail=\"https:\/\/www.yates-mallorca-charter.de\/wp-content\/uploads\/2024\/03\/Charter-Mallorca-fountaine-pajot-isla-40-salon-768x461.jpg\" data-width=\"768\" data-height=\"461\" aria-label=\"Mira el alquiler de yates desde una nueva perspectiva y sum\u00e9rgete en el lujoso interior de un catamar\u00e1n. Su sofisticado dise\u00f1o incluye una cocina y un sal\u00f3n pensados para que tu viaje en velero sea lo m\u00e1s agradable posible. Cada detalle del interior del barco est\u00e1 cuidadosamente pensado. Desde comodidades modernas hasta materiales de alta calidad: todo est\u00e1 pensado para maximizar la comodidad de los hu\u00e9spedes. \u00a1Cuando planifiques tu pr\u00f3xima aventura a bordo, no te olvides de echar un vistazo a nuestras opciones de alquiler de yates!    \" role=\"img\" ><\/div>\n\t\t\t\t\t\t\t\t\t\t\t<div class=\"elementor-gallery-item__overlay\"><\/div>\n\t\t\t\t\t\t\t\t\t\t\t\t\t\t<\/a>\n\t\t\t\t\t\t\t<a class=\"e-gallery-item elementor-gallery-item elementor-animated-content\" href=\"https:\/\/www.yates-mallorca-charter.de\/wp-content\/uploads\/2024\/03\/Charter-Mallorca-fountaine-pajot-isla-40-salon-chart-table.jpg\" data-elementor-open-lightbox=\"yes\" data-elementor-lightbox-slideshow=\"2b488c10\" data-elementor-lightbox-title=\"El interior de un barco con sof\u00e1 y tele.\" data-elementor-lightbox-description=\"El interior de un barco con sof\u00e1 y tele.\" data-e-action-hash=\"#elementor-action%3Aaction%3Dlightbox%26settings%3DeyJpZCI6MjAzMiwidXJsIjoiaHR0cHM6XC9cL3d3dy55YXRlcy1tYWxsb3JjYS1jaGFydGVyLmRlXC93cC1jb250ZW50XC91cGxvYWRzXC8yMDI0XC8wM1wvQ2hhcnRlci1NYWxsb3JjYS1mb3VudGFpbmUtcGFqb3QtaXNsYS00MC1zYWxvbi1jaGFydC10YWJsZS5qcGciLCJzbGlkZXNob3ciOiIyYjQ4OGMxMCJ9\">\n\t\t\t\t\t<div class=\"e-gallery-image elementor-gallery-item__image\" data-thumbnail=\"https:\/\/www.yates-mallorca-charter.de\/wp-content\/uploads\/2024\/03\/Charter-Mallorca-fountaine-pajot-isla-40-salon-chart-table-768x461.jpg\" data-width=\"768\" data-height=\"461\" aria-label=\"Interior de un yate de lujo\" role=\"img\" ><\/div>\n\t\t\t\t\t\t\t\t\t\t\t<div class=\"elementor-gallery-item__overlay\"><\/div>\n\t\t\t\t\t\t\t\t\t\t\t\t\t\t<\/a>\n\t\t\t\t\t\t\t<a class=\"e-gallery-item elementor-gallery-item elementor-animated-content\" href=\"https:\/\/www.yates-mallorca-charter.de\/wp-content\/uploads\/2024\/03\/Charter-Mallorca-fountaine-pajot-isla-40-shower.jpg\" data-elementor-open-lightbox=\"yes\" data-elementor-lightbox-slideshow=\"2b488c10\" data-elementor-lightbox-title=\"Un ba\u00f1o en un barco con lavabo y ducha.\" data-elementor-lightbox-description=\"Un ba\u00f1o en un barco con lavabo y ducha.\" data-e-action-hash=\"#elementor-action%3Aaction%3Dlightbox%26settings%3DeyJpZCI6MjAzNCwidXJsIjoiaHR0cHM6XC9cL3d3dy55YXRlcy1tYWxsb3JjYS1jaGFydGVyLmRlXC93cC1jb250ZW50XC91cGxvYWRzXC8yMDI0XC8wM1wvQ2hhcnRlci1NYWxsb3JjYS1mb3VudGFpbmUtcGFqb3QtaXNsYS00MC1zaG93ZXIuanBnIiwic2xpZGVzaG93IjoiMmI0ODhjMTAifQ%3D%3D\">\n\t\t\t\t\t<div class=\"e-gallery-image elementor-gallery-item__image\" data-thumbnail=\"https:\/\/www.yates-mallorca-charter.de\/wp-content\/uploads\/2024\/03\/Charter-Mallorca-fountaine-pajot-isla-40-shower.jpg\" data-width=\"512\" data-height=\"768\" aria-label=\"Cuarto de ba\u00f1o moderno con ducha\" role=\"img\" ><\/div>\n\t\t\t\t\t\t\t\t\t\t\t<div class=\"elementor-gallery-item__overlay\"><\/div>\n\t\t\t\t\t\t\t\t\t\t\t\t\t\t<\/a>\n\t\t\t\t\t<\/div>\n\t\t\t\t\t<\/div>\n\t\t\t\t<\/div>\n\t\t\t\t\t<\/div>\n\t\t<\/div>\n\t\t\t\t\t<\/div>\n\t\t<\/section>\n\t\t\t\t<section class=\"elementor-section elementor-top-section elementor-element elementor-element-613c9885 elementor-section-boxed elementor-section-height-default elementor-section-height-default\" data-id=\"613c9885\" data-element_type=\"section\" data-e-type=\"section\">\n\t\t\t\t\t\t<div class=\"elementor-container elementor-column-gap-default\">\n\t\t\t\t\t<div class=\"elementor-column elementor-col-100 elementor-top-column elementor-element elementor-element-730e5818\" data-id=\"730e5818\" data-element_type=\"column\" data-e-type=\"column\">\n\t\t\t<div class=\"elementor-widget-wrap elementor-element-populated\">\n\t\t\t\t\t\t<div class=\"elementor-element elementor-element-4f491765 elementor-widget elementor-widget-heading\" data-id=\"4f491765\" data-element_type=\"widget\" data-e-type=\"widget\" data-widget_type=\"heading.default\">\n\t\t\t\t<div class=\"elementor-widget-container\">\n\t\t\t\t\t<h3 class=\"elementor-heading-title elementor-size-default\">DESE\u00d1OS<\/h3>\t\t\t\t<\/div>\n\t\t\t\t<\/div>\n\t\t\t\t\t<\/div>\n\t\t<\/div>\n\t\t\t\t\t<\/div>\n\t\t<\/section>\n\t\t\t\t<section class=\"elementor-section elementor-top-section elementor-element elementor-element-5574a519 elementor-section-boxed elementor-section-height-default elementor-section-height-default\" data-id=\"5574a519\" data-element_type=\"section\" data-e-type=\"section\">\n\t\t\t\t\t\t<div class=\"elementor-container elementor-column-gap-default\">\n\t\t\t\t\t<div class=\"elementor-column elementor-col-100 elementor-top-column elementor-element elementor-element-22b6405\" data-id=\"22b6405\" data-element_type=\"column\" data-e-type=\"column\">\n\t\t\t<div class=\"elementor-widget-wrap elementor-element-populated\">\n\t\t\t\t\t\t<div class=\"elementor-element elementor-element-f74ba41 elementor-widget elementor-widget-gallery\" data-id=\"f74ba41\" data-element_type=\"widget\" data-e-type=\"widget\" data-settings=\"{&quot;lazyload&quot;:&quot;yes&quot;,&quot;gallery_layout&quot;:&quot;grid&quot;,&quot;columns&quot;:4,&quot;columns_tablet&quot;:2,&quot;columns_mobile&quot;:1,&quot;gap&quot;:{&quot;unit&quot;:&quot;px&quot;,&quot;size&quot;:10,&quot;sizes&quot;:[]},&quot;gap_tablet&quot;:{&quot;unit&quot;:&quot;px&quot;,&quot;size&quot;:10,&quot;sizes&quot;:[]},&quot;gap_mobile&quot;:{&quot;unit&quot;:&quot;px&quot;,&quot;size&quot;:10,&quot;sizes&quot;:[]},&quot;link_to&quot;:&quot;file&quot;,&quot;aspect_ratio&quot;:&quot;3:2&quot;,&quot;overlay_background&quot;:&quot;yes&quot;,&quot;content_hover_animation&quot;:&quot;fade-in&quot;}\" data-widget_type=\"gallery.default\">\n\t\t\t\t<div class=\"elementor-widget-container\">\n\t\t\t\t\t\t\t<div class=\"elementor-gallery__container\">\n\t\t\t\t\t\t\t<a class=\"e-gallery-item elementor-gallery-item elementor-animated-content\" href=\"https:\/\/www.yates-mallorca-charter.de\/wp-content\/uploads\/2024\/03\/Charter-Mallorca-fountaine-pajot-isla-40-layout-deck.jpg\" data-elementor-open-lightbox=\"yes\" data-elementor-lightbox-slideshow=\"f74ba41\" data-elementor-lightbox-title=\"La disposici\u00f3n de un catamar\u00e1n.\" data-elementor-lightbox-description=\"La disposici\u00f3n de un catamar\u00e1n.\" data-e-action-hash=\"#elementor-action%3Aaction%3Dlightbox%26settings%3DeyJpZCI6MjAzNiwidXJsIjoiaHR0cHM6XC9cL3d3dy55YXRlcy1tYWxsb3JjYS1jaGFydGVyLmRlXC93cC1jb250ZW50XC91cGxvYWRzXC8yMDI0XC8wM1wvQ2hhcnRlci1NYWxsb3JjYS1mb3VudGFpbmUtcGFqb3QtaXNsYS00MC1sYXlvdXQtZGVjay5qcGciLCJzbGlkZXNob3ciOiJmNzRiYTQxIn0%3D\">\n\t\t\t\t\t<div class=\"e-gallery-image elementor-gallery-item__image\" data-thumbnail=\"https:\/\/www.yates-mallorca-charter.de\/wp-content\/uploads\/2024\/03\/Charter-Mallorca-fountaine-pajot-isla-40-layout-deck-768x542.jpg\" data-width=\"768\" data-height=\"542\" aria-label=\"Plano del catamar\u00e1n visto desde arriba\" role=\"img\" ><\/div>\n\t\t\t\t\t\t\t\t\t\t\t<div class=\"elementor-gallery-item__overlay\"><\/div>\n\t\t\t\t\t\t\t\t\t\t\t\t\t\t<\/a>\n\t\t\t\t\t\t\t<a class=\"e-gallery-item elementor-gallery-item elementor-animated-content\" href=\"https:\/\/www.yates-mallorca-charter.de\/wp-content\/uploads\/2024\/03\/Charter-Mallorca-fountaine-pajot-isla-40-layout-quatuor-2-head.jpg\" data-elementor-open-lightbox=\"yes\" data-elementor-lightbox-slideshow=\"f74ba41\" data-elementor-lightbox-title=\"La disposici\u00f3n de un catamar\u00e1n.\" data-elementor-lightbox-description=\"La disposici\u00f3n de un catamar\u00e1n.\" data-e-action-hash=\"#elementor-action%3Aaction%3Dlightbox%26settings%3DeyJpZCI6MjAzOCwidXJsIjoiaHR0cHM6XC9cL3d3dy55YXRlcy1tYWxsb3JjYS1jaGFydGVyLmRlXC93cC1jb250ZW50XC91cGxvYWRzXC8yMDI0XC8wM1wvQ2hhcnRlci1NYWxsb3JjYS1mb3VudGFpbmUtcGFqb3QtaXNsYS00MC1sYXlvdXQtcXVhdHVvci0yLWhlYWQuanBnIiwic2xpZGVzaG93IjoiZjc0YmE0MSJ9\">\n\t\t\t\t\t<div class=\"e-gallery-image elementor-gallery-item__image\" data-thumbnail=\"https:\/\/www.yates-mallorca-charter.de\/wp-content\/uploads\/2024\/03\/Charter-Mallorca-fountaine-pajot-isla-40-layout-quatuor-2-head-768x542.jpg\" data-width=\"768\" data-height=\"542\" aria-label=\"Plano interior del catamar\u00e1n\" role=\"img\" ><\/div>\n\t\t\t\t\t\t\t\t\t\t\t<div class=\"elementor-gallery-item__overlay\"><\/div>\n\t\t\t\t\t\t\t\t\t\t\t\t\t\t<\/a>\n\t\t\t\t\t\t\t<a class=\"e-gallery-item elementor-gallery-item elementor-animated-content\" href=\"https:\/\/www.yates-mallorca-charter.de\/wp-content\/uploads\/2024\/03\/Charter-Mallorca-fountaine-pajot-isla-40-layout-salon.jpg\" data-elementor-open-lightbox=\"yes\" data-elementor-lightbox-slideshow=\"f74ba41\" data-elementor-lightbox-title=\"La disposici\u00f3n de un catamar\u00e1n.\" data-elementor-lightbox-description=\"La disposici\u00f3n de un catamar\u00e1n.\" data-e-action-hash=\"#elementor-action%3Aaction%3Dlightbox%26settings%3DeyJpZCI6MjA0MCwidXJsIjoiaHR0cHM6XC9cL3d3dy55YXRlcy1tYWxsb3JjYS1jaGFydGVyLmRlXC93cC1jb250ZW50XC91cGxvYWRzXC8yMDI0XC8wM1wvQ2hhcnRlci1NYWxsb3JjYS1mb3VudGFpbmUtcGFqb3QtaXNsYS00MC1sYXlvdXQtc2Fsb24uanBnIiwic2xpZGVzaG93IjoiZjc0YmE0MSJ9\">\n\t\t\t\t\t<div class=\"e-gallery-image elementor-gallery-item__image\" data-thumbnail=\"https:\/\/www.yates-mallorca-charter.de\/wp-content\/uploads\/2024\/03\/Charter-Mallorca-fountaine-pajot-isla-40-layout-salon-768x542.jpg\" data-width=\"768\" data-height=\"542\" aria-label=\"Plano de la cubierta del catamar\u00e1n\" role=\"img\" ><\/div>\n\t\t\t\t\t\t\t\t\t\t\t<div class=\"elementor-gallery-item__overlay\"><\/div>\n\t\t\t\t\t\t\t\t\t\t\t\t\t\t<\/a>\n\t\t\t\t\t<\/div>\n\t\t\t\t\t<\/div>\n\t\t\t\t<\/div>\n\t\t\t\t\t<\/div>\n\t\t<\/div>\n\t\t\t\t\t<\/div>\n\t\t<\/section>\n\t\t\t\t<section class=\"elementor-section elementor-top-section elementor-element elementor-element-28d5a51 elementor-section-boxed elementor-section-height-default elementor-section-height-default\" data-id=\"28d5a51\" data-element_type=\"section\" data-e-type=\"section\" id=\"termine\">\n\t\t\t\t\t\t<div class=\"elementor-container elementor-column-gap-default\">\n\t\t\t\t\t<div class=\"elementor-column elementor-col-100 elementor-top-column elementor-element elementor-element-a462edf\" data-id=\"a462edf\" data-element_type=\"column\" data-e-type=\"column\">\n\t\t\t<div class=\"elementor-widget-wrap elementor-element-populated\">\n\t\t\t\t\t\t<div class=\"elementor-element elementor-element-9270f95 elementor-widget elementor-widget-spacer\" data-id=\"9270f95\" data-element_type=\"widget\" data-e-type=\"widget\" data-widget_type=\"spacer.default\">\n\t\t\t\t<div class=\"elementor-widget-container\">\n\t\t\t\t\t\t\t<div class=\"elementor-spacer\">\n\t\t\t<div class=\"elementor-spacer-inner\"><\/div>\n\t\t<\/div>\n\t\t\t\t\t\t<\/div>\n\t\t\t\t<\/div>\n\t\t\t\t\t<\/div>\n\t\t<\/div>\n\t\t\t\t\t<\/div>\n\t\t<\/section>\n\t\t\t\t<section class=\"elementor-section elementor-top-section elementor-element elementor-element-e59f614 elementor-section-boxed elementor-section-height-default elementor-section-height-default\" data-id=\"e59f614\" data-element_type=\"section\" data-e-type=\"section\">\n\t\t\t\t\t\t<div class=\"elementor-container elementor-column-gap-default\">\n\t\t\t\t\t<div class=\"elementor-column elementor-col-100 elementor-top-column elementor-element elementor-element-ce30129\" data-id=\"ce30129\" data-element_type=\"column\" data-e-type=\"column\">\n\t\t\t<div class=\"elementor-widget-wrap elementor-element-populated\">\n\t\t\t\t\t\t<div class=\"elementor-element elementor-element-55628ae elementor-widget elementor-widget-shortcode\" data-id=\"55628ae\" data-element_type=\"widget\" data-e-type=\"widget\" data-widget_type=\"shortcode.default\">\n\t\t\t\t<div class=\"elementor-widget-container\">\n\t\t\t\t\t\t\t<div class=\"elementor-shortcode\"><div class=\"ycbb-shortcode-wrap\">\n\t\t\t\t\t\t\t\t\t\t\t<div class=\"ycbb-availability\"\n\t\t\t\t\tdata-ycbb-post-id=\"6811\"\n\t\t\t\t\tdata-ycbb-months=\"3\"\n\t\t\t\t\tdata-ycbb-lang=\"es\"\n\t\t\t\t\tdata-ycbb-open-modal=\"ycbb-modal-6811-1\"\n\t\t\t\t\tdata-ycbb-open-src=\"https:\/\/www.booking-manager.com\/wbm2\/page.html?view=YachtDetails&#038;yachtId=5588479520000106824&#038;companyid=6824&#038;setlang=es&#038;target=_blank\"\n\t\t\t\t\tdata-ycbb-label=\"Datos T\u00e9cnicos \u2013 Fechas Disponibles\">\n\t\t\t\t\t<div class=\"ycbb-availability__loading\">Cargando disponibilidad \u2026<\/div>\n\t\t\t\t<\/div>\n\t\t\t\n\t\t\t<div class=\"ycbb-modal\" id=\"ycbb-modal-6811-1\" aria-hidden=\"true\">\n\t\t\t\t<div class=\"ycbb-modal__overlay\" data-ycbb-close><\/div>\n\t\t\t\t<div class=\"ycbb-modal__box\" role=\"dialog\" aria-modal=\"true\" aria-labelledby=\"ycbb-modal-title-6811-1\">\n\t\t\t\t\t<span id=\"ycbb-modal-title-6811-1\" class=\"screen-reader-text\">Datos T\u00e9cnicos \u2013 Fechas Disponibles<\/span>\n\t\t\t\t\t<button type=\"button\" class=\"ycbb-modal__close\" data-ycbb-close aria-label=\"Cerrar\">&times;<\/button>\n\t\t\t\t\t<div class=\"ycbb-modal__loading\" aria-hidden=\"true\"><\/div>\n\t\t\t\t\t<iframe id=\"wbmResult\"\n\t\t\t\t\t\tclass=\"ycbb-modal__iframe\"\n\t\t\t\t\t\tsrc=\"\"\n\t\t\t\t\t\tscrolling=\"auto\"\n\t\t\t\t\t\tallowtransparency=\"true\"\n\t\t\t\t\t\tloading=\"lazy\"\n\t\t\t\t\t\ttitle=\"Datos T\u00e9cnicos \u2013 Fechas Disponibles\"><\/iframe>\n\t\t\t\t<\/div>\n\t\t\t<\/div>\n\t\t<\/div><\/div>\n\t\t\t\t\t\t<\/div>\n\t\t\t\t<\/div>\n\t\t\t\t\t<\/div>\n\t\t<\/div>\n\t\t\t\t\t<\/div>\n\t\t<\/section>\n\t\t\t\t<\/div>\n\t\t","protected":false},"excerpt":{"rendered":"<p>Destacados Camarote del patr\u00f3n mayor con sables, lazy jack, g\u00e9nova enrollable 2 x Volvo Penta D1-30 PS, versi\u00f3n Oceanic Teca en la ba\u00f1era, aseos el\u00e9ctricos Ventiladores de 12 V, paneles solares Parrilla de gas, segundo frigor\u00edfico, horno de gas Bimini y soporte para el puesto de gobierno Dinghy an Davids mit Elektrowinch mit 10PS Au\u00dfenbordmotor [&hellip;]<\/p>\n","protected":false},"author":1,"featured_media":2010,"comment_status":"closed","ping_status":"closed","sticky":false,"template":"","format":"standard","meta":{"footnotes":""},"categories":[37],"tags":[],"class_list":["post-2633","post","type-post","status-publish","format-standard","has-post-thumbnail","hentry","category-catamaranes"],"_links":{"self":[{"href":"https:\/\/www.yates-mallorca-charter.de\/es\/wp-json\/wp\/v2\/posts\/2633","targetHints":{"allow":["GET"]}}],"collection":[{"href":"https:\/\/www.yates-mallorca-charter.de\/es\/wp-json\/wp\/v2\/posts"}],"about":[{"href":"https:\/\/www.yates-mallorca-charter.de\/es\/wp-json\/wp\/v2\/types\/post"}],"author":[{"embeddable":true,"href":"https:\/\/www.yates-mallorca-charter.de\/es\/wp-json\/wp\/v2\/users\/1"}],"replies":[{"embeddable":true,"href":"https:\/\/www.yates-mallorca-charter.de\/es\/wp-json\/wp\/v2\/comments?post=2633"}],"version-history":[{"count":3,"href":"https:\/\/www.yates-mallorca-charter.de\/es\/wp-json\/wp\/v2\/posts\/2633\/revisions"}],"predecessor-version":[{"id":6973,"href":"https:\/\/www.yates-mallorca-charter.de\/es\/wp-json\/wp\/v2\/posts\/2633\/revisions\/6973"}],"wp:featuredmedia":[{"embeddable":true,"href":"https:\/\/www.yates-mallorca-charter.de\/es\/wp-json\/wp\/v2\/media\/2010"}],"wp:attachment":[{"href":"https:\/\/www.yates-mallorca-charter.de\/es\/wp-json\/wp\/v2\/media?parent=2633"}],"wp:term":[{"taxonomy":"category","embeddable":true,"href":"https:\/\/www.yates-mallorca-charter.de\/es\/wp-json\/wp\/v2\/categories?post=2633"},{"taxonomy":"post_tag","embeddable":true,"href":"https:\/\/www.yates-mallorca-charter.de\/es\/wp-json\/wp\/v2\/tags?post=2633"}],"curies":[{"name":"wp","href":"https:\/\/api.w.org\/{rel}","templated":true}]}}