{"id":2645,"date":"2024-03-08T14:35:27","date_gmt":"2024-03-08T13:35:27","guid":{"rendered":"https:\/\/www.yates-mallorca-charter.de\/sin-categorizar\/italyure-38-sport-federika-iii\/"},"modified":"2026-08-08T06:00:20","modified_gmt":"2026-08-08T04:00:20","slug":"italyure-38-sport-federika-iii","status":"publish","type":"post","link":"https:\/\/www.yates-mallorca-charter.de\/es\/charter-es\/yates-a-motor\/italyure-38-sport-federika-iii\/","title":{"rendered":"Italyure 38 Sport &#8211; \u00abFederika III"},"content":{"rendered":"\t\t<div data-elementor-type=\"wp-post\" data-elementor-id=\"2645\" class=\"elementor elementor-2645 elementor-1194\" data-elementor-post-type=\"post\">\n\t\t\t\t\t\t<section class=\"elementor-section elementor-top-section elementor-element elementor-element-4bc61e23 elementor-section-boxed elementor-section-height-default elementor-section-height-default\" data-id=\"4bc61e23\" data-element_type=\"section\" data-e-type=\"section\" data-settings=\"{&quot;background_background&quot;:&quot;classic&quot;}\">\n\t\t\t\t\t\t<div class=\"elementor-container elementor-column-gap-default\">\n\t\t\t\t\t<div class=\"elementor-column elementor-col-100 elementor-top-column elementor-element elementor-element-4498ee5\" data-id=\"4498ee5\" data-element_type=\"column\" data-e-type=\"column\">\n\t\t\t<div class=\"elementor-widget-wrap elementor-element-populated\">\n\t\t\t\t\t\t<div class=\"elementor-element elementor-element-6e859d18 elementor-widget elementor-widget-heading\" data-id=\"6e859d18\" data-element_type=\"widget\" data-e-type=\"widget\" data-widget_type=\"heading.default\">\n\t\t\t\t<div class=\"elementor-widget-container\">\n\t\t\t\t\t<h1 class=\"elementor-heading-title elementor-size-default\">Italyure 38 Sport &#8211; \u00abFederika III<\/h1>\t\t\t\t<\/div>\n\t\t\t\t<\/div>\n\t\t\t\t\t<\/div>\n\t\t<\/div>\n\t\t\t\t\t<\/div>\n\t\t<\/section>\n\t\t\t\t<section class=\"elementor-section elementor-top-section elementor-element elementor-element-76097632 elementor-section-boxed elementor-section-height-default elementor-section-height-default\" data-id=\"76097632\" data-element_type=\"section\" data-e-type=\"section\">\n\t\t\t\t\t\t<div class=\"elementor-container elementor-column-gap-default\">\n\t\t\t\t\t<div class=\"elementor-column elementor-col-50 elementor-top-column elementor-element elementor-element-20238b7f\" data-id=\"20238b7f\" data-element_type=\"column\" data-e-type=\"column\">\n\t\t\t<div class=\"elementor-widget-wrap elementor-element-populated\">\n\t\t\t\t\t\t<div class=\"elementor-element elementor-element-a7b14a1 elementor-widget elementor-widget-image\" data-id=\"a7b14a1\" data-element_type=\"widget\" data-e-type=\"widget\" data-widget_type=\"image.default\">\n\t\t\t\t<div class=\"elementor-widget-container\">\n\t\t\t\t\t\t\t\t\t\t\t\t\t\t\t<img loading=\"lazy\" decoding=\"async\" width=\"768\" height=\"576\" src=\"https:\/\/www.yates-mallorca-charter.de\/wp-content\/uploads\/2024\/03\/Charter-Mallorca-allure-38-aussenborder-steuerbord-seite-768x576.jpg\" class=\"attachment-medium_large size-medium_large wp-image-1926\" alt=\"Un grupo de personas navega por el mar en la Federika III, una lancha deportiva Italyure 38. En lo que respecta al ch\u00e1rter de yates y la inclusi\u00f3n del grupo A, este texto se redactar\u00e1 de nuevo. \n\nUn grupo de personas alquila la Federika III, una lancha deportiva italiana 38, para dar un paseo por el oc\u00e9ano. Relacionada con el alquiler de yates y con especial atenci\u00f3n al grupo A, esta experiencia de navegaci\u00f3n de lujo se extiende sobre mar y olas.\" srcset=\"https:\/\/www.yates-mallorca-charter.de\/wp-content\/uploads\/2024\/03\/Charter-Mallorca-allure-38-aussenborder-steuerbord-seite-768x576.jpg 768w, https:\/\/www.yates-mallorca-charter.de\/wp-content\/uploads\/2024\/03\/Charter-Mallorca-allure-38-aussenborder-steuerbord-seite-300x225.jpg 300w, https:\/\/www.yates-mallorca-charter.de\/wp-content\/uploads\/2024\/03\/Charter-Mallorca-allure-38-aussenborder-steuerbord-seite.jpg 1024w\" sizes=\"auto, (max-width: 768px) 100vw, 768px\"  title=\"Italyure 38 Sport - &quot;Federika III\" \/>\t\t\t\t\t\t\t\t\t\t\t\t\t\t\t<\/div>\n\t\t\t\t<\/div>\n\t\t\t\t\t<\/div>\n\t\t<\/div>\n\t\t\t\t<div class=\"elementor-column elementor-col-50 elementor-top-column elementor-element elementor-element-2f85ba35\" data-id=\"2f85ba35\" data-element_type=\"column\" data-e-type=\"column\">\n\t\t\t<div class=\"elementor-widget-wrap elementor-element-populated\">\n\t\t\t\t\t\t<div class=\"elementor-element elementor-element-4371191f elementor-alert-info elementor-widget elementor-widget-alert\" data-id=\"4371191f\" data-element_type=\"widget\" data-e-type=\"widget\" data-widget_type=\"alert.default\">\n\t\t\t\t<div class=\"elementor-widget-container\">\n\t\t\t\t\t\t\t<div class=\"elementor-alert\" role=\"alert\">\n\n\t\t\t\t\t\t<span class=\"elementor-alert-title\">Destacados<\/span>\n\t\t\t\n\t\t\t\n\t\t\t\n\t\t<\/div>\n\t\t\t\t\t\t<\/div>\n\t\t\t\t<\/div>\n\t\t\t\t<div class=\"elementor-element elementor-element-5bdfb5a8 elementor-icon-list--layout-traditional elementor-list-item-link-full_width elementor-widget elementor-widget-icon-list\" data-id=\"5bdfb5a8\" data-element_type=\"widget\" data-e-type=\"widget\" data-widget_type=\"icon-list.default\">\n\t\t\t\t<div class=\"elementor-widget-container\">\n\t\t\t\t\t\t\t<ul class=\"elementor-icon-list-items\">\n\t\t\t\t\t\t\t<li class=\"elementor-icon-list-item\">\n\t\t\t\t\t\t\t\t\t\t\t<span class=\"elementor-icon-list-icon\">\n\t\t\t\t\t\t\t<i aria-hidden=\"true\" class=\"xlio ion-md-checkbox-outline\"><\/i>\t\t\t\t\t\t<\/span>\n\t\t\t\t\t\t\t\t\t\t<span class=\"elementor-icon-list-text\">2x motores fueraborda Suzuki 350, total 700 CV<\/span>\n\t\t\t\t\t\t\t\t\t<\/li>\n\t\t\t\t\t\t\t\t<li class=\"elementor-icon-list-item\">\n\t\t\t\t\t\t\t\t\t\t\t<span class=\"elementor-icon-list-icon\">\n\t\t\t\t\t\t\t<i aria-hidden=\"true\" class=\"xlio ion-md-checkbox-outline\"><\/i>\t\t\t\t\t\t<\/span>\n\t\t\t\t\t\t\t\t\t\t<span class=\"elementor-icon-list-text\">H\u00e9lice de proa<\/span>\n\t\t\t\t\t\t\t\t\t<\/li>\n\t\t\t\t\t\t\t\t<li class=\"elementor-icon-list-item\">\n\t\t\t\t\t\t\t\t\t\t\t<span class=\"elementor-icon-list-icon\">\n\t\t\t\t\t\t\t<i aria-hidden=\"true\" class=\"xlio ion-md-checkbox-outline\"><\/i>\t\t\t\t\t\t<\/span>\n\t\t\t\t\t\t\t\t\t\t<span class=\"elementor-icon-list-text\">Generador<\/span>\n\t\t\t\t\t\t\t\t\t<\/li>\n\t\t\t\t\t\t\t\t<li class=\"elementor-icon-list-item\">\n\t\t\t\t\t\t\t\t\t\t\t<span class=\"elementor-icon-list-icon\">\n\t\t\t\t\t\t\t<i aria-hidden=\"true\" class=\"xlio ion-md-checkbox-outline\"><\/i>\t\t\t\t\t\t<\/span>\n\t\t\t\t\t\t\t\t\t\t<span class=\"elementor-icon-list-text\">Cocina exterior, nevera de ba\u00f1era<\/span>\n\t\t\t\t\t\t\t\t\t<\/li>\n\t\t\t\t\t\t\t\t<li class=\"elementor-icon-list-item\">\n\t\t\t\t\t\t\t\t\t\t\t<span class=\"elementor-icon-list-icon\">\n\t\t\t\t\t\t\t<i aria-hidden=\"true\" class=\"xlio ion-md-checkbox-outline\"><\/i>\t\t\t\t\t\t<\/span>\n\t\t\t\t\t\t\t\t\t\t<span class=\"elementor-icon-list-text\">Molinete de ancla el\u00e9ctrico con contador de cadena de ancla y mucho m\u00e1s.<\/span>\n\t\t\t\t\t\t\t\t\t<\/li>\n\t\t\t\t\t\t\t\t<li class=\"elementor-icon-list-item\">\n\t\t\t\t\t\t\t\t\t\t\t<span class=\"elementor-icon-list-icon\">\n\t\t\t\t\t\t\t<i aria-hidden=\"true\" class=\"xlio ion-md-checkbox-outline\"><\/i>\t\t\t\t\t\t<\/span>\n\t\t\t\t\t\t\t\t\t\t<span class=\"elementor-icon-list-text\">Reserva online por d\u00edas<\/span>\n\t\t\t\t\t\t\t\t\t<\/li>\n\t\t\t\t\t\t<\/ul>\n\t\t\t\t\t\t<\/div>\n\t\t\t\t<\/div>\n\t\t\t\t<div class=\"elementor-element elementor-element-77b6325d elementor-align-center elementor-widget elementor-widget-button\" data-id=\"77b6325d\" data-element_type=\"widget\" data-e-type=\"widget\" data-widget_type=\"button.default\">\n\t\t\t\t<div class=\"elementor-widget-container\">\n\t\t\t\t\t\t\t\t\t<div class=\"elementor-button-wrapper\">\n\t\t\t\t\t<a class=\"elementor-button elementor-button-link elementor-size-sm\" href=\"#termine\">\n\t\t\t\t\t\t<span class=\"elementor-button-content-wrapper\">\n\t\t\t\t\t\t\t\t\t<span class=\"elementor-button-text\">Datos t\u00e9cnicos - Fechas disponibles<\/span>\n\t\t\t\t\t<\/span>\n\t\t\t\t\t<\/a>\n\t\t\t\t<\/div>\n\t\t\t\t\t\t\t\t<\/div>\n\t\t\t\t<\/div>\n\t\t\t\t\t<\/div>\n\t\t<\/div>\n\t\t\t\t\t<\/div>\n\t\t<\/section>\n\t\t\t\t<section class=\"elementor-section elementor-top-section elementor-element elementor-element-5720eb74 elementor-section-boxed elementor-section-height-default elementor-section-height-default\" data-id=\"5720eb74\" data-element_type=\"section\" data-e-type=\"section\">\n\t\t\t\t\t\t<div class=\"elementor-container elementor-column-gap-default\">\n\t\t\t\t\t<div class=\"elementor-column elementor-col-100 elementor-top-column elementor-element elementor-element-27afe498\" data-id=\"27afe498\" data-element_type=\"column\" data-e-type=\"column\">\n\t\t\t<div class=\"elementor-widget-wrap elementor-element-populated\">\n\t\t\t\t\t\t<div class=\"elementor-element elementor-element-59dd5c01 elementor-widget elementor-widget-heading\" data-id=\"59dd5c01\" data-element_type=\"widget\" data-e-type=\"widget\" data-widget_type=\"heading.default\">\n\t\t\t\t<div class=\"elementor-widget-container\">\n\t\t\t\t\t<h2 class=\"elementor-heading-title elementor-size-default\">Descripci\u00f3n<\/h2>\t\t\t\t<\/div>\n\t\t\t\t<\/div>\n\t\t\t\t\t<\/div>\n\t\t<\/div>\n\t\t\t\t\t<\/div>\n\t\t<\/section>\n\t\t\t\t<section class=\"elementor-section elementor-top-section elementor-element elementor-element-367da7b8 elementor-section-boxed elementor-section-height-default elementor-section-height-default\" data-id=\"367da7b8\" data-element_type=\"section\" data-e-type=\"section\">\n\t\t\t\t\t\t<div class=\"elementor-container elementor-column-gap-default\">\n\t\t\t\t\t<div class=\"elementor-column elementor-col-100 elementor-top-column elementor-element elementor-element-2a80a4e6\" data-id=\"2a80a4e6\" data-element_type=\"column\" data-e-type=\"column\">\n\t\t\t<div class=\"elementor-widget-wrap elementor-element-populated\">\n\t\t\t\t\t\t<div class=\"elementor-element elementor-element-42bb5b34 elementor-widget elementor-widget-text-editor\" data-id=\"42bb5b34\" data-element_type=\"widget\" data-e-type=\"widget\" data-widget_type=\"text-editor.default\">\n\t\t\t\t<div class=\"elementor-widget-container\">\n\t\t\t\t\t\t\t\t\t<p>Este elegante yate a motor del nuevo astillero de dise\u00f1o italiano Italyure Yachts est\u00e1 magn\u00edficamente equipado y no deja nada que desear. Es el barco ideal para todos los clientes de ch\u00e1rter que no quieren pasar desapercibidos en las bah\u00edas de Mallorca. Un dise\u00f1o moderno, materiales de alta calidad y el m\u00e1ximo confort est\u00e1n garantizados en este yate de alquiler.  <\/p><p>El motor fueraborda doble de 350 CV garantiza una conducci\u00f3n f\u00e1cil y un alto rendimiento. La h\u00e9lice de proa permite maniobrar con facilidad incluso en los puertos m\u00e1s estrechos de las Islas Baleares. Incluso a altas velocidades, el casco se desliza de forma estable y seca a trav\u00e9s de la ola.  <\/p><p>La amplia cabina del ME Daycruiser 38, con cubierta de teca, invita a toda la tripulaci\u00f3n de alquiler a disfrutar.<br\/>En el elegante techo de carbono que hay sobre el puesto de mando se encuentra el sistema de sombreado para la proa y la popa, que te permite elegir entre zonas de sombra o de sol seg\u00fan te apetezca. Entre el asiento doble del tim\u00f3n y la mesa de la ba\u00f1era en popa se integra la amplia cocina exterior, con fogones el\u00e9ctricos, fregadero y una segunda nevera. En la mesa de la ba\u00f1era, con sus bancos, caben c\u00f3modamente 6 personas para comer y tomar algo. En la proa hay una gran tumbona y m\u00e1s bancos. Todo el borde de la borda tambi\u00e9n es de teca y ofrece espacio adicional para sentarse. As\u00ed, todos a bordo encontrar\u00e1n su sitio favorito, ya sea que navegues por Mallorca, Ibiza, Formentera o Menorca. Conecta tu m\u00fasica al sistema de sonido de a bordo y suelta amarras.      <\/p><p>Para las largas noches de Mallorca, bajo cubierta del ME Daycruiser 38 hay dos camarotes cerrados, un ba\u00f1o con ducha independiente y una cocina americana con nevera. As\u00ed, pueden pasar la noche c\u00f3modamente a bordo hasta 4 personas.<br\/>Adem\u00e1s, el aire acondicionado (que funciona con corriente de tierra) garantiza el m\u00e1ximo confort a bordo del ME Daycruiser 38. <\/p><p>Equipamiento: h\u00e9lice de proa, aire acondicionado, cocina exterior, nevera de ba\u00f1era, molinete de ancla el\u00e9ctrico con contador de cadena de ancla y mucho m\u00e1s.<\/p><p><strong>\u00a1Tambi\u00e9n en flete diurno! Reserva online por d\u00edas <\/strong><\/p>\t\t\t\t\t\t\t\t<\/div>\n\t\t\t\t<\/div>\n\t\t\t\t\t<\/div>\n\t\t<\/div>\n\t\t\t\t\t<\/div>\n\t\t<\/section>\n\t\t\t\t<section class=\"elementor-section elementor-top-section elementor-element elementor-element-78e859b4 elementor-section-boxed elementor-section-height-default elementor-section-height-default\" data-id=\"78e859b4\" data-element_type=\"section\" data-e-type=\"section\">\n\t\t\t\t\t\t<div class=\"elementor-container elementor-column-gap-default\">\n\t\t\t\t\t<div class=\"elementor-column elementor-col-100 elementor-top-column elementor-element elementor-element-57b5db72\" data-id=\"57b5db72\" data-element_type=\"column\" data-e-type=\"column\">\n\t\t\t<div class=\"elementor-widget-wrap elementor-element-populated\">\n\t\t\t\t\t\t<div class=\"elementor-element elementor-element-6269f16e elementor-widget elementor-widget-heading\" data-id=\"6269f16e\" data-element_type=\"widget\" data-e-type=\"widget\" data-widget_type=\"heading.default\">\n\t\t\t\t<div class=\"elementor-widget-container\">\n\t\t\t\t\t<h3 class=\"elementor-heading-title elementor-size-default\">EXTERIOR<\/h3>\t\t\t\t<\/div>\n\t\t\t\t<\/div>\n\t\t\t\t\t<\/div>\n\t\t<\/div>\n\t\t\t\t\t<\/div>\n\t\t<\/section>\n\t\t\t\t<section class=\"elementor-section elementor-top-section elementor-element elementor-element-bddb944 elementor-section-boxed elementor-section-height-default elementor-section-height-default\" data-id=\"bddb944\" data-element_type=\"section\" data-e-type=\"section\">\n\t\t\t\t\t\t<div class=\"elementor-container elementor-column-gap-default\">\n\t\t\t\t\t<div class=\"elementor-column elementor-col-100 elementor-top-column elementor-element elementor-element-18315fa5\" data-id=\"18315fa5\" data-element_type=\"column\" data-e-type=\"column\">\n\t\t\t<div class=\"elementor-widget-wrap elementor-element-populated\">\n\t\t\t\t\t\t<div class=\"elementor-element elementor-element-1b3bece0 elementor-widget elementor-widget-gallery\" data-id=\"1b3bece0\" data-element_type=\"widget\" data-e-type=\"widget\" data-settings=\"{&quot;lazyload&quot;:&quot;yes&quot;,&quot;gallery_layout&quot;:&quot;grid&quot;,&quot;columns&quot;:4,&quot;columns_tablet&quot;:2,&quot;columns_mobile&quot;:1,&quot;gap&quot;:{&quot;unit&quot;:&quot;px&quot;,&quot;size&quot;:10,&quot;sizes&quot;:[]},&quot;gap_tablet&quot;:{&quot;unit&quot;:&quot;px&quot;,&quot;size&quot;:10,&quot;sizes&quot;:[]},&quot;gap_mobile&quot;:{&quot;unit&quot;:&quot;px&quot;,&quot;size&quot;:10,&quot;sizes&quot;:[]},&quot;link_to&quot;:&quot;file&quot;,&quot;aspect_ratio&quot;:&quot;3:2&quot;,&quot;overlay_background&quot;:&quot;yes&quot;,&quot;content_hover_animation&quot;:&quot;fade-in&quot;}\" data-widget_type=\"gallery.default\">\n\t\t\t\t<div class=\"elementor-widget-container\">\n\t\t\t\t\t\t\t<div class=\"elementor-gallery__container\">\n\t\t\t\t\t\t\t<a class=\"e-gallery-item elementor-gallery-item elementor-animated-content\" href=\"https:\/\/www.yates-mallorca-charter.de\/wp-content\/uploads\/2024\/03\/Charter-Mallorca-38-sport-steuerstand2.jpg\" data-elementor-open-lightbox=\"yes\" data-elementor-lightbox-slideshow=\"1b3bece0\" data-elementor-lightbox-title=\"Un barco con tim\u00f3n y rueda de tim\u00f3n.\" data-elementor-lightbox-description=\"Un barco con tim\u00f3n y rueda de tim\u00f3n.\" data-e-action-hash=\"#elementor-action%3Aaction%3Dlightbox%26settings%3DeyJpZCI6MTkyOCwidXJsIjoiaHR0cHM6XC9cL3d3dy55YXRlcy1tYWxsb3JjYS1jaGFydGVyLmRlXC93cC1jb250ZW50XC91cGxvYWRzXC8yMDI0XC8wM1wvQ2hhcnRlci1NYWxsb3JjYS0zOC1zcG9ydC1zdGV1ZXJzdGFuZDIuanBnIiwic2xpZGVzaG93IjoiMWIzYmVjZTAifQ%3D%3D\">\n\t\t\t\t\t<div class=\"e-gallery-image elementor-gallery-item__image\" data-thumbnail=\"https:\/\/www.yates-mallorca-charter.de\/wp-content\/uploads\/2024\/03\/Charter-Mallorca-38-sport-steuerstand2-768x576.jpg\" data-width=\"768\" data-height=\"576\" aria-label=\"Volante y salpicadero\" role=\"img\" ><\/div>\n\t\t\t\t\t\t\t\t\t\t\t<div class=\"elementor-gallery-item__overlay\"><\/div>\n\t\t\t\t\t\t\t\t\t\t\t\t\t\t<\/a>\n\t\t\t\t\t\t\t<a class=\"e-gallery-item elementor-gallery-item elementor-animated-content\" href=\"https:\/\/www.yates-mallorca-charter.de\/wp-content\/uploads\/2024\/03\/Charter-Mallorca-allure-38-aussenborder-aussenkueche.jpg\" data-elementor-open-lightbox=\"yes\" data-elementor-lightbox-slideshow=\"1b3bece0\" data-elementor-lightbox-title=\"Una cocina peque\u00f1a en un barco.\" data-elementor-lightbox-description=\"Una cocina peque\u00f1a en un barco.\" data-e-action-hash=\"#elementor-action%3Aaction%3Dlightbox%26settings%3DeyJpZCI6MTkzMCwidXJsIjoiaHR0cHM6XC9cL3d3dy55YXRlcy1tYWxsb3JjYS1jaGFydGVyLmRlXC93cC1jb250ZW50XC91cGxvYWRzXC8yMDI0XC8wM1wvQ2hhcnRlci1NYWxsb3JjYS1hbGx1cmUtMzgtYXVzc2VuYm9yZGVyLWF1c3Nlbmt1ZWNoZS5qcGciLCJzbGlkZXNob3ciOiIxYjNiZWNlMCJ9\">\n\t\t\t\t\t<div class=\"e-gallery-image elementor-gallery-item__image\" data-thumbnail=\"https:\/\/www.yates-mallorca-charter.de\/wp-content\/uploads\/2024\/03\/Charter-Mallorca-allure-38-aussenborder-aussenkueche-768x576.jpg\" data-width=\"768\" data-height=\"576\" aria-label=\"Cocina moderna para barco con nevera\" role=\"img\" ><\/div>\n\t\t\t\t\t\t\t\t\t\t\t<div class=\"elementor-gallery-item__overlay\"><\/div>\n\t\t\t\t\t\t\t\t\t\t\t\t\t\t<\/a>\n\t\t\t\t\t\t\t<a class=\"e-gallery-item elementor-gallery-item elementor-animated-content\" href=\"https:\/\/www.yates-mallorca-charter.de\/wp-content\/uploads\/2024\/03\/Charter-Mallorca-allure-38-aussenborder-motoren.jpg\" data-elementor-open-lightbox=\"yes\" data-elementor-lightbox-slideshow=\"1b3bece0\" data-elementor-lightbox-title=\"Hay dos motores fuera borda Suzuki colocados sobre una cubierta de madera.\" data-elementor-lightbox-description=\"Hay dos motores fuera borda Suzuki colocados sobre una cubierta de madera.\" data-e-action-hash=\"#elementor-action%3Aaction%3Dlightbox%26settings%3DeyJpZCI6MTkzMiwidXJsIjoiaHR0cHM6XC9cL3d3dy55YXRlcy1tYWxsb3JjYS1jaGFydGVyLmRlXC93cC1jb250ZW50XC91cGxvYWRzXC8yMDI0XC8wM1wvQ2hhcnRlci1NYWxsb3JjYS1hbGx1cmUtMzgtYXVzc2VuYm9yZGVyLW1vdG9yZW4uanBnIiwic2xpZGVzaG93IjoiMWIzYmVjZTAifQ%3D%3D\">\n\t\t\t\t\t<div class=\"e-gallery-image elementor-gallery-item__image\" data-thumbnail=\"https:\/\/www.yates-mallorca-charter.de\/wp-content\/uploads\/2024\/03\/Charter-Mallorca-allure-38-aussenborder-motoren-768x576.jpg\" data-width=\"768\" data-height=\"576\" aria-label=\"Dos motores fuera borda Suzuki\" role=\"img\" ><\/div>\n\t\t\t\t\t\t\t\t\t\t\t<div class=\"elementor-gallery-item__overlay\"><\/div>\n\t\t\t\t\t\t\t\t\t\t\t\t\t\t<\/a>\n\t\t\t\t\t\t\t<a class=\"e-gallery-item elementor-gallery-item elementor-animated-content\" href=\"https:\/\/www.yates-mallorca-charter.de\/wp-content\/uploads\/2024\/03\/Charter-Mallorca-allure-38-aussenborder-sonnenliege-sitz-bug.jpg\" data-elementor-open-lightbox=\"yes\" data-elementor-lightbox-slideshow=\"1b3bece0\" data-elementor-lightbox-title=\"La parte trasera de una barca con un asiento azul.\" data-elementor-lightbox-description=\"La parte trasera de una barca con un asiento azul.\" data-e-action-hash=\"#elementor-action%3Aaction%3Dlightbox%26settings%3DeyJpZCI6MTkzNCwidXJsIjoiaHR0cHM6XC9cL3d3dy55YXRlcy1tYWxsb3JjYS1jaGFydGVyLmRlXC93cC1jb250ZW50XC91cGxvYWRzXC8yMDI0XC8wM1wvQ2hhcnRlci1NYWxsb3JjYS1hbGx1cmUtMzgtYXVzc2VuYm9yZGVyLXNvbm5lbmxpZWdlLXNpdHotYnVnLmpwZyIsInNsaWRlc2hvdyI6IjFiM2JlY2UwIn0%3D\">\n\t\t\t\t\t<div class=\"e-gallery-image elementor-gallery-item__image\" data-thumbnail=\"https:\/\/www.yates-mallorca-charter.de\/wp-content\/uploads\/2024\/03\/Charter-Mallorca-allure-38-aussenborder-sonnenliege-sitz-bug-768x576.jpg\" data-width=\"768\" data-height=\"576\" aria-label=\"Funda de lujo para yates con acolchado\" role=\"img\" ><\/div>\n\t\t\t\t\t\t\t\t\t\t\t<div class=\"elementor-gallery-item__overlay\"><\/div>\n\t\t\t\t\t\t\t\t\t\t\t\t\t\t<\/a>\n\t\t\t\t\t\t\t<a class=\"e-gallery-item elementor-gallery-item elementor-animated-content\" href=\"https:\/\/www.yates-mallorca-charter.de\/wp-content\/uploads\/2024\/03\/Charter-Mallorca-allure-38-aussenborder-steuerbord-seite-1.jpg\" data-elementor-open-lightbox=\"yes\" data-elementor-lightbox-slideshow=\"1b3bece0\" data-elementor-lightbox-title=\"Charter-Mallorca--allure-38-borda-estribor\" data-elementor-lightbox-description=\"Un grupo de personas navega en una lancha a motor por el oc\u00e9ano. En lo que respecta al alquiler de yates, esta es una actividad muy popular entre mucha gente que disfruta del mar y de la libertad que ofrece. Tienes la posibilidad de alquilar una gran variedad de yates de diferentes tipos y tama\u00f1os, lo que te permite personalizar tu estancia en el agua. Ya sea algo lujoso o sencillo, a la hora de elegir la embarcaci\u00f3n adecuada, tus posibilidades son pr\u00e1cticamente ilimitadas. Disfruta del encanto de un viaje en velero o de la emocionante experiencia de navegar en una lancha motora por el oc\u00e9ano, como este grupo.    \n\" data-e-action-hash=\"#elementor-action%3Aaction%3Dlightbox%26settings%3DeyJpZCI6MTkzNiwidXJsIjoiaHR0cHM6XC9cL3d3dy55YXRlcy1tYWxsb3JjYS1jaGFydGVyLmRlXC93cC1jb250ZW50XC91cGxvYWRzXC8yMDI0XC8wM1wvQ2hhcnRlci1NYWxsb3JjYS1hbGx1cmUtMzgtYXVzc2VuYm9yZGVyLXN0ZXVlcmJvcmQtc2VpdGUtMS5qcGciLCJzbGlkZXNob3ciOiIxYjNiZWNlMCJ9\">\n\t\t\t\t\t<div class=\"e-gallery-image elementor-gallery-item__image\" data-thumbnail=\"https:\/\/www.yates-mallorca-charter.de\/wp-content\/uploads\/2024\/03\/Charter-Mallorca-allure-38-aussenborder-steuerbord-seite-1-768x576.jpg\" data-width=\"768\" data-height=\"576\" aria-label=\"Un grupo de personas navega en una lancha a motor por el oc\u00e9ano. En lo que respecta al alquiler de yates, esta es una actividad muy popular entre mucha gente que disfruta del mar y de la libertad que ofrece. Tienes la posibilidad de alquilar una gran variedad de yates de diferentes tipos y tama\u00f1os, lo que te permite personalizar tu estancia en el agua. Ya sea algo lujoso o sencillo, a la hora de elegir la embarcaci\u00f3n adecuada, tus posibilidades son pr\u00e1cticamente ilimitadas. Disfruta del encanto de un viaje en velero o de la emocionante experiencia de navegar en una lancha motora por el oc\u00e9ano, como este grupo.    \n\" role=\"img\" ><\/div>\n\t\t\t\t\t\t\t\t\t\t\t<div class=\"elementor-gallery-item__overlay\"><\/div>\n\t\t\t\t\t\t\t\t\t\t\t\t\t\t<\/a>\n\t\t\t\t\t\t\t<a class=\"e-gallery-item elementor-gallery-item elementor-animated-content\" href=\"https:\/\/www.yates-mallorca-charter.de\/wp-content\/uploads\/2024\/03\/Charter-Mallorca-allure-38-aussenborder-steuersitz.jpg\" data-elementor-open-lightbox=\"yes\" data-elementor-lightbox-slideshow=\"1b3bece0\" data-elementor-lightbox-title=\"Charter-Mallorca--allure-38-motor-fuera-borda-asiento-del-patr\u00f3n\" data-elementor-lightbox-description=\"En el alquiler de yates, el equipamiento del barco juega un papel fundamental en la comodidad y la experiencia de navegaci\u00f3n. Uno de los puntos fuertes de muchos barcos es la cubierta de madera. Esta caracter\u00edstica tradicional no solo aporta un aspecto muy atractivo, sino que tambi\u00e9n ofrece agarre y comodidad al pisar. Por eso, a la hora de elegir un barco para alquilar, deber\u00edas fijarte tambi\u00e9n en el equipamiento y en si cuenta con caracter\u00edsticas como una cubierta de madera.   \" data-e-action-hash=\"#elementor-action%3Aaction%3Dlightbox%26settings%3DeyJpZCI6MTkzOCwidXJsIjoiaHR0cHM6XC9cL3d3dy55YXRlcy1tYWxsb3JjYS1jaGFydGVyLmRlXC93cC1jb250ZW50XC91cGxvYWRzXC8yMDI0XC8wM1wvQ2hhcnRlci1NYWxsb3JjYS1hbGx1cmUtMzgtYXVzc2VuYm9yZGVyLXN0ZXVlcnNpdHouanBnIiwic2xpZGVzaG93IjoiMWIzYmVjZTAifQ%3D%3D\">\n\t\t\t\t\t<div class=\"e-gallery-image elementor-gallery-item__image\" data-thumbnail=\"https:\/\/www.yates-mallorca-charter.de\/wp-content\/uploads\/2024\/03\/Charter-Mallorca-allure-38-aussenborder-steuersitz-768x576.jpg\" data-width=\"768\" data-height=\"576\" aria-label=\"En el alquiler de yates, el equipamiento del barco juega un papel fundamental en la comodidad y la experiencia de navegaci\u00f3n. Uno de los puntos fuertes de muchos barcos es la cubierta de madera. Esta caracter\u00edstica tradicional no solo aporta un aspecto muy atractivo, sino que tambi\u00e9n ofrece agarre y comodidad al pisar. Por eso, a la hora de elegir un barco para alquilar, deber\u00edas fijarte tambi\u00e9n en el equipamiento y en si cuenta con caracter\u00edsticas como una cubierta de madera.   \" role=\"img\" ><\/div>\n\t\t\t\t\t\t\t\t\t\t\t<div class=\"elementor-gallery-item__overlay\"><\/div>\n\t\t\t\t\t\t\t\t\t\t\t\t\t\t<\/a>\n\t\t\t\t\t\t\t<a class=\"e-gallery-item elementor-gallery-item elementor-animated-content\" href=\"https:\/\/www.yates-mallorca-charter.de\/wp-content\/uploads\/2024\/03\/Charter-Mallorca-me-daycruiser-38-neu-38-sport-backbordansicht-stehend.jpg\" data-elementor-open-lightbox=\"yes\" data-elementor-lightbox-slideshow=\"1b3bece0\" data-elementor-lightbox-title=\"Una lancha a motor en el agua con una ciudad al fondo.\" data-elementor-lightbox-description=\"Una lancha a motor en el agua con una ciudad al fondo.\" data-e-action-hash=\"#elementor-action%3Aaction%3Dlightbox%26settings%3DeyJpZCI6MTk0MCwidXJsIjoiaHR0cHM6XC9cL3d3dy55YXRlcy1tYWxsb3JjYS1jaGFydGVyLmRlXC93cC1jb250ZW50XC91cGxvYWRzXC8yMDI0XC8wM1wvQ2hhcnRlci1NYWxsb3JjYS1tZS1kYXljcnVpc2VyLTM4LW5ldS0zOC1zcG9ydC1iYWNrYm9yZGFuc2ljaHQtc3RlaGVuZC5qcGciLCJzbGlkZXNob3ciOiIxYjNiZWNlMCJ9\">\n\t\t\t\t\t<div class=\"e-gallery-image elementor-gallery-item__image\" data-thumbnail=\"https:\/\/www.yates-mallorca-charter.de\/wp-content\/uploads\/2024\/03\/Charter-Mallorca-me-daycruiser-38-neu-38-sport-backbordansicht-stehend-768x576.jpg\" data-width=\"768\" data-height=\"576\" aria-label=\"Un moderno barco blanco en el mar\" role=\"img\" ><\/div>\n\t\t\t\t\t\t\t\t\t\t\t<div class=\"elementor-gallery-item__overlay\"><\/div>\n\t\t\t\t\t\t\t\t\t\t\t\t\t\t<\/a>\n\t\t\t\t\t\t\t<a class=\"e-gallery-item elementor-gallery-item elementor-animated-content\" href=\"https:\/\/www.yates-mallorca-charter.de\/wp-content\/uploads\/2024\/03\/Charter-Mallorca-me-daycruiser-38-neu-38-sport-steuerbord-vorne-fahrend.jpg\" data-elementor-open-lightbox=\"yes\" data-elementor-lightbox-slideshow=\"1b3bece0\" data-elementor-lightbox-title=\"Una lancha a motor navega por el agua, con una ciudad al fondo.\" data-elementor-lightbox-description=\"Una lancha a motor navega por el agua, con una ciudad al fondo.\" data-e-action-hash=\"#elementor-action%3Aaction%3Dlightbox%26settings%3DeyJpZCI6MTk0MiwidXJsIjoiaHR0cHM6XC9cL3d3dy55YXRlcy1tYWxsb3JjYS1jaGFydGVyLmRlXC93cC1jb250ZW50XC91cGxvYWRzXC8yMDI0XC8wM1wvQ2hhcnRlci1NYWxsb3JjYS1tZS1kYXljcnVpc2VyLTM4LW5ldS0zOC1zcG9ydC1zdGV1ZXJib3JkLXZvcm5lLWZhaHJlbmQuanBnIiwic2xpZGVzaG93IjoiMWIzYmVjZTAifQ%3D%3D\">\n\t\t\t\t\t<div class=\"e-gallery-image elementor-gallery-item__image\" data-thumbnail=\"https:\/\/www.yates-mallorca-charter.de\/wp-content\/uploads\/2024\/03\/Charter-Mallorca-me-daycruiser-38-neu-38-sport-steuerbord-vorne-fahrend-768x576.jpg\" data-width=\"768\" data-height=\"576\" aria-label=\"Una lancha deportiva r\u00e1pida en el agua\" role=\"img\" ><\/div>\n\t\t\t\t\t\t\t\t\t\t\t<div class=\"elementor-gallery-item__overlay\"><\/div>\n\t\t\t\t\t\t\t\t\t\t\t\t\t\t<\/a>\n\t\t\t\t\t\t\t<a class=\"e-gallery-item elementor-gallery-item elementor-animated-content\" href=\"https:\/\/www.yates-mallorca-charter.de\/wp-content\/uploads\/2024\/03\/Italyure-38-Sport-Aussenborder-Heck.jpg\" data-elementor-open-lightbox=\"yes\" data-elementor-lightbox-slideshow=\"1b3bece0\" data-elementor-lightbox-title=\"Una lancha a motor en el agua con una ciudad al fondo.\" data-elementor-lightbox-description=\"Una lancha a motor en el agua con una ciudad al fondo.\" data-e-action-hash=\"#elementor-action%3Aaction%3Dlightbox%26settings%3DeyJpZCI6MTk0NCwidXJsIjoiaHR0cHM6XC9cL3d3dy55YXRlcy1tYWxsb3JjYS1jaGFydGVyLmRlXC93cC1jb250ZW50XC91cGxvYWRzXC8yMDI0XC8wM1wvSXRhbHl1cmUtMzgtU3BvcnQtQXVzc2VuYm9yZGVyLUhlY2suanBnIiwic2xpZGVzaG93IjoiMWIzYmVjZTAifQ%3D%3D\">\n\t\t\t\t\t<div class=\"e-gallery-image elementor-gallery-item__image\" data-thumbnail=\"https:\/\/www.yates-mallorca-charter.de\/wp-content\/uploads\/2024\/03\/Italyure-38-Sport-Aussenborder-Heck-768x576.jpg\" data-width=\"768\" data-height=\"576\" aria-label=\"Barco con motores fuera borda\" role=\"img\" ><\/div>\n\t\t\t\t\t\t\t\t\t\t\t<div class=\"elementor-gallery-item__overlay\"><\/div>\n\t\t\t\t\t\t\t\t\t\t\t\t\t\t<\/a>\n\t\t\t\t\t<\/div>\n\t\t\t\t\t<\/div>\n\t\t\t\t<\/div>\n\t\t\t\t\t<\/div>\n\t\t<\/div>\n\t\t\t\t\t<\/div>\n\t\t<\/section>\n\t\t\t\t<section class=\"elementor-section elementor-top-section elementor-element elementor-element-439d4d59 elementor-section-boxed elementor-section-height-default elementor-section-height-default\" data-id=\"439d4d59\" data-element_type=\"section\" data-e-type=\"section\">\n\t\t\t\t\t\t<div class=\"elementor-container elementor-column-gap-default\">\n\t\t\t\t\t<div class=\"elementor-column elementor-col-100 elementor-top-column elementor-element elementor-element-73431f73\" data-id=\"73431f73\" data-element_type=\"column\" data-e-type=\"column\">\n\t\t\t<div class=\"elementor-widget-wrap elementor-element-populated\">\n\t\t\t\t\t\t<div class=\"elementor-element elementor-element-23c5cf1a elementor-widget elementor-widget-heading\" data-id=\"23c5cf1a\" data-element_type=\"widget\" data-e-type=\"widget\" data-widget_type=\"heading.default\">\n\t\t\t\t<div class=\"elementor-widget-container\">\n\t\t\t\t\t<h3 class=\"elementor-heading-title elementor-size-default\">INTERIOR<\/h3>\t\t\t\t<\/div>\n\t\t\t\t<\/div>\n\t\t\t\t\t<\/div>\n\t\t<\/div>\n\t\t\t\t\t<\/div>\n\t\t<\/section>\n\t\t\t\t<section class=\"elementor-section elementor-top-section elementor-element elementor-element-1112e013 elementor-section-boxed elementor-section-height-default elementor-section-height-default\" data-id=\"1112e013\" data-element_type=\"section\" data-e-type=\"section\">\n\t\t\t\t\t\t<div class=\"elementor-container elementor-column-gap-default\">\n\t\t\t\t\t<div class=\"elementor-column elementor-col-100 elementor-top-column elementor-element elementor-element-750244cb\" data-id=\"750244cb\" data-element_type=\"column\" data-e-type=\"column\">\n\t\t\t<div class=\"elementor-widget-wrap elementor-element-populated\">\n\t\t\t\t\t\t<div class=\"elementor-element elementor-element-78493cea elementor-widget elementor-widget-gallery\" data-id=\"78493cea\" data-element_type=\"widget\" data-e-type=\"widget\" data-settings=\"{&quot;lazyload&quot;:&quot;yes&quot;,&quot;gallery_layout&quot;:&quot;grid&quot;,&quot;columns&quot;:4,&quot;columns_tablet&quot;:2,&quot;columns_mobile&quot;:1,&quot;gap&quot;:{&quot;unit&quot;:&quot;px&quot;,&quot;size&quot;:10,&quot;sizes&quot;:[]},&quot;gap_tablet&quot;:{&quot;unit&quot;:&quot;px&quot;,&quot;size&quot;:10,&quot;sizes&quot;:[]},&quot;gap_mobile&quot;:{&quot;unit&quot;:&quot;px&quot;,&quot;size&quot;:10,&quot;sizes&quot;:[]},&quot;link_to&quot;:&quot;file&quot;,&quot;aspect_ratio&quot;:&quot;3:2&quot;,&quot;overlay_background&quot;:&quot;yes&quot;,&quot;content_hover_animation&quot;:&quot;fade-in&quot;}\" data-widget_type=\"gallery.default\">\n\t\t\t\t<div class=\"elementor-widget-container\">\n\t\t\t\t\t\t\t<div class=\"elementor-gallery__container\">\n\t\t\t\t\t\t\t<a class=\"e-gallery-item elementor-gallery-item elementor-animated-content\" href=\"https:\/\/www.yates-mallorca-charter.de\/wp-content\/uploads\/2024\/03\/Charter-Mallorca-allure-38-bad.jpg\" data-elementor-open-lightbox=\"yes\" data-elementor-lightbox-slideshow=\"78493cea\" data-elementor-lightbox-title=\"Un ba\u00f1o con inodoro y lavabo.\" data-elementor-lightbox-description=\"Un ba\u00f1o con inodoro y lavabo.\" data-e-action-hash=\"#elementor-action%3Aaction%3Dlightbox%26settings%3DeyJpZCI6MTk0NiwidXJsIjoiaHR0cHM6XC9cL3d3dy55YXRlcy1tYWxsb3JjYS1jaGFydGVyLmRlXC93cC1jb250ZW50XC91cGxvYWRzXC8yMDI0XC8wM1wvQ2hhcnRlci1NYWxsb3JjYS1hbGx1cmUtMzgtYmFkLmpwZyIsInNsaWRlc2hvdyI6Ijc4NDkzY2VhIn0%3D\">\n\t\t\t\t\t<div class=\"e-gallery-image elementor-gallery-item__image\" data-thumbnail=\"https:\/\/www.yates-mallorca-charter.de\/wp-content\/uploads\/2024\/03\/Charter-Mallorca-allure-38-bad-768x576.jpg\" data-width=\"768\" data-height=\"576\" aria-label=\"Un cuarto de ba\u00f1o elegante con aseo\" role=\"img\" ><\/div>\n\t\t\t\t\t\t\t\t\t\t\t<div class=\"elementor-gallery-item__overlay\"><\/div>\n\t\t\t\t\t\t\t\t\t\t\t\t\t\t<\/a>\n\t\t\t\t\t\t\t<a class=\"e-gallery-item elementor-gallery-item elementor-animated-content\" href=\"https:\/\/www.yates-mallorca-charter.de\/wp-content\/uploads\/2024\/03\/Charter-Mallorca-allure-38-eignerkabine.jpg\" data-elementor-open-lightbox=\"yes\" data-elementor-lightbox-slideshow=\"78493cea\" data-elementor-lightbox-title=\"Una cama en un barco con rayas blancas y negras.\" data-elementor-lightbox-description=\"Una cama en un barco con rayas blancas y negras.\" data-e-action-hash=\"#elementor-action%3Aaction%3Dlightbox%26settings%3DeyJpZCI6MTk0OCwidXJsIjoiaHR0cHM6XC9cL3d3dy55YXRlcy1tYWxsb3JjYS1jaGFydGVyLmRlXC93cC1jb250ZW50XC91cGxvYWRzXC8yMDI0XC8wM1wvQ2hhcnRlci1NYWxsb3JjYS1hbGx1cmUtMzgtZWlnbmVya2FiaW5lLmpwZyIsInNsaWRlc2hvdyI6Ijc4NDkzY2VhIn0%3D\">\n\t\t\t\t\t<div class=\"e-gallery-image elementor-gallery-item__image\" data-thumbnail=\"https:\/\/www.yates-mallorca-charter.de\/wp-content\/uploads\/2024\/03\/Charter-Mallorca-allure-38-eignerkabine-768x555.jpg\" data-width=\"768\" data-height=\"555\" aria-label=\"Cama a rayas con cojines\" role=\"img\" ><\/div>\n\t\t\t\t\t\t\t\t\t\t\t<div class=\"elementor-gallery-item__overlay\"><\/div>\n\t\t\t\t\t\t\t\t\t\t\t\t\t\t<\/a>\n\t\t\t\t\t\t\t<a class=\"e-gallery-item elementor-gallery-item elementor-animated-content\" href=\"https:\/\/www.yates-mallorca-charter.de\/wp-content\/uploads\/2024\/03\/Charter-Mallorca-allure-38-gaestekabine.jpg\" data-elementor-open-lightbox=\"yes\" data-elementor-lightbox-slideshow=\"78493cea\" data-elementor-lightbox-title=\"Charter-Mallorca--allure-38-cabina de invitados\" data-elementor-lightbox-description=\"El alquiler de yates es una actividad en la que puedes alquilar un yate o una peque\u00f1a embarcaci\u00f3n y navegar durante un tiempo determinado. Hay aguas preciosas y destinos fascinantes por descubrir. Una embarcaci\u00f3n peque\u00f1a no suele tener el lujo de los grandes yates, pero muchas ofrecen la comodidad de contar con dos camas a bordo. Esto te permite hacer excursiones largas y, al mismo tiempo, tener la comodidad de un lugar donde dormir.   \" data-e-action-hash=\"#elementor-action%3Aaction%3Dlightbox%26settings%3DeyJpZCI6MTk1MCwidXJsIjoiaHR0cHM6XC9cL3d3dy55YXRlcy1tYWxsb3JjYS1jaGFydGVyLmRlXC93cC1jb250ZW50XC91cGxvYWRzXC8yMDI0XC8wM1wvQ2hhcnRlci1NYWxsb3JjYS1hbGx1cmUtMzgtZ2Flc3Rla2FiaW5lLmpwZyIsInNsaWRlc2hvdyI6Ijc4NDkzY2VhIn0%3D\">\n\t\t\t\t\t<div class=\"e-gallery-image elementor-gallery-item__image\" data-thumbnail=\"https:\/\/www.yates-mallorca-charter.de\/wp-content\/uploads\/2024\/03\/Charter-Mallorca-allure-38-gaestekabine-768x432.jpg\" data-width=\"768\" data-height=\"432\" aria-label=\"El alquiler de yates es una actividad en la que puedes alquilar un yate o una peque\u00f1a embarcaci\u00f3n y navegar durante un tiempo determinado. Hay aguas preciosas y destinos fascinantes por descubrir. Una embarcaci\u00f3n peque\u00f1a no suele tener el lujo de los grandes yates, pero muchas ofrecen la comodidad de contar con dos camas a bordo. Esto te permite hacer excursiones largas y, al mismo tiempo, tener la comodidad de un lugar donde dormir.   \" role=\"img\" ><\/div>\n\t\t\t\t\t\t\t\t\t\t\t<div class=\"elementor-gallery-item__overlay\"><\/div>\n\t\t\t\t\t\t\t\t\t\t\t\t\t\t<\/a>\n\t\t\t\t\t\t\t<a class=\"e-gallery-item elementor-gallery-item elementor-animated-content\" href=\"https:\/\/www.yates-mallorca-charter.de\/wp-content\/uploads\/2024\/03\/Charter-Mallorca-allure-38-kueche.jpg\" data-elementor-open-lightbox=\"yes\" data-elementor-lightbox-slideshow=\"78493cea\" data-elementor-lightbox-title=\"Charter-Mallorca--allure-38-cocina\" data-elementor-lightbox-description=\"A la hora de alquilar un yate, es importante tener en cuenta la comodidad y la funcionalidad. Si echas un vistazo a la cocina de un barco, ver\u00e1s comodidades modernas como microondas, nevera y fogones. Son elementos que no debes pasar por alto al alquilar un yate. Es sorprendente ver lo bien que puede estar dise\u00f1ada una cocina totalmente equipada, incluso en un barco.   \" data-e-action-hash=\"#elementor-action%3Aaction%3Dlightbox%26settings%3DeyJpZCI6MTk1MiwidXJsIjoiaHR0cHM6XC9cL3d3dy55YXRlcy1tYWxsb3JjYS1jaGFydGVyLmRlXC93cC1jb250ZW50XC91cGxvYWRzXC8yMDI0XC8wM1wvQ2hhcnRlci1NYWxsb3JjYS1hbGx1cmUtMzgta3VlY2hlLmpwZyIsInNsaWRlc2hvdyI6Ijc4NDkzY2VhIn0%3D\">\n\t\t\t\t\t<div class=\"e-gallery-image elementor-gallery-item__image\" data-thumbnail=\"https:\/\/www.yates-mallorca-charter.de\/wp-content\/uploads\/2024\/03\/Charter-Mallorca-allure-38-kueche-768x576.jpg\" data-width=\"768\" data-height=\"576\" aria-label=\"A la hora de alquilar un yate, es importante tener en cuenta la comodidad y la funcionalidad. Si echas un vistazo a la cocina de un barco, ver\u00e1s comodidades modernas como microondas, nevera y fogones. Son elementos que no debes pasar por alto al alquilar un yate. Es sorprendente ver lo bien que puede estar dise\u00f1ada una cocina totalmente equipada, incluso en un barco.   \" role=\"img\" ><\/div>\n\t\t\t\t\t\t\t\t\t\t\t<div class=\"elementor-gallery-item__overlay\"><\/div>\n\t\t\t\t\t\t\t\t\t\t\t\t\t\t<\/a>\n\t\t\t\t\t<\/div>\n\t\t\t\t\t<\/div>\n\t\t\t\t<\/div>\n\t\t\t\t\t<\/div>\n\t\t<\/div>\n\t\t\t\t\t<\/div>\n\t\t<\/section>\n\t\t\t\t<section class=\"elementor-section elementor-top-section elementor-element elementor-element-2f946084 elementor-section-boxed elementor-section-height-default elementor-section-height-default\" data-id=\"2f946084\" data-element_type=\"section\" data-e-type=\"section\">\n\t\t\t\t\t\t<div class=\"elementor-container elementor-column-gap-default\">\n\t\t\t\t\t<div class=\"elementor-column elementor-col-100 elementor-top-column elementor-element elementor-element-37b3882b\" data-id=\"37b3882b\" data-element_type=\"column\" data-e-type=\"column\">\n\t\t\t<div class=\"elementor-widget-wrap elementor-element-populated\">\n\t\t\t\t\t\t<div class=\"elementor-element elementor-element-799ac3b8 elementor-widget elementor-widget-heading\" data-id=\"799ac3b8\" data-element_type=\"widget\" data-e-type=\"widget\" data-widget_type=\"heading.default\">\n\t\t\t\t<div class=\"elementor-widget-container\">\n\t\t\t\t\t<h3 class=\"elementor-heading-title elementor-size-default\">DESE\u00d1OS<\/h3>\t\t\t\t<\/div>\n\t\t\t\t<\/div>\n\t\t\t\t\t<\/div>\n\t\t<\/div>\n\t\t\t\t\t<\/div>\n\t\t<\/section>\n\t\t\t\t<section class=\"elementor-section elementor-top-section elementor-element elementor-element-be1591 elementor-section-boxed elementor-section-height-default elementor-section-height-default\" data-id=\"be1591\" data-element_type=\"section\" data-e-type=\"section\">\n\t\t\t\t\t\t<div class=\"elementor-container elementor-column-gap-default\">\n\t\t\t\t\t<div class=\"elementor-column elementor-col-100 elementor-top-column elementor-element elementor-element-70ea4c13\" data-id=\"70ea4c13\" data-element_type=\"column\" data-e-type=\"column\">\n\t\t\t<div class=\"elementor-widget-wrap elementor-element-populated\">\n\t\t\t\t\t\t<div class=\"elementor-element elementor-element-30cd0c4b elementor-widget elementor-widget-gallery\" data-id=\"30cd0c4b\" data-element_type=\"widget\" data-e-type=\"widget\" data-settings=\"{&quot;lazyload&quot;:&quot;yes&quot;,&quot;gallery_layout&quot;:&quot;grid&quot;,&quot;columns&quot;:4,&quot;columns_tablet&quot;:2,&quot;columns_mobile&quot;:1,&quot;gap&quot;:{&quot;unit&quot;:&quot;px&quot;,&quot;size&quot;:10,&quot;sizes&quot;:[]},&quot;gap_tablet&quot;:{&quot;unit&quot;:&quot;px&quot;,&quot;size&quot;:10,&quot;sizes&quot;:[]},&quot;gap_mobile&quot;:{&quot;unit&quot;:&quot;px&quot;,&quot;size&quot;:10,&quot;sizes&quot;:[]},&quot;link_to&quot;:&quot;file&quot;,&quot;aspect_ratio&quot;:&quot;3:2&quot;,&quot;overlay_background&quot;:&quot;yes&quot;,&quot;content_hover_animation&quot;:&quot;fade-in&quot;}\" data-widget_type=\"gallery.default\">\n\t\t\t\t<div class=\"elementor-widget-container\">\n\t\t\t\t\t\t\t<div class=\"elementor-gallery__container\">\n\t\t\t\t\t\t\t<a class=\"e-gallery-item elementor-gallery-item elementor-animated-content\" href=\"https:\/\/www.yates-mallorca-charter.de\/wp-content\/uploads\/2024\/03\/Charter-Mallorca-allure-38-ab-layout-cockpit.jpg\" data-elementor-open-lightbox=\"yes\" data-elementor-lightbox-slideshow=\"30cd0c4b\" data-elementor-lightbox-title=\"Una mirada al interior de un barco.\" data-elementor-lightbox-description=\"Una mirada al interior de un barco.\" data-e-action-hash=\"#elementor-action%3Aaction%3Dlightbox%26settings%3DeyJpZCI6MTk1NCwidXJsIjoiaHR0cHM6XC9cL3d3dy55YXRlcy1tYWxsb3JjYS1jaGFydGVyLmRlXC93cC1jb250ZW50XC91cGxvYWRzXC8yMDI0XC8wM1wvQ2hhcnRlci1NYWxsb3JjYS1hbGx1cmUtMzgtYWItbGF5b3V0LWNvY2twaXQuanBnIiwic2xpZGVzaG93IjoiMzBjZDBjNGIifQ%3D%3D\">\n\t\t\t\t\t<div class=\"e-gallery-image elementor-gallery-item__image\" data-thumbnail=\"https:\/\/www.yates-mallorca-charter.de\/wp-content\/uploads\/2024\/03\/Charter-Mallorca-allure-38-ab-layout-cockpit.jpg\" data-width=\"763\" data-height=\"257\" aria-label=\"Vista desde arriba de un barco\" role=\"img\" ><\/div>\n\t\t\t\t\t\t\t\t\t\t\t<div class=\"elementor-gallery-item__overlay\"><\/div>\n\t\t\t\t\t\t\t\t\t\t\t\t\t\t<\/a>\n\t\t\t\t\t\t\t<a class=\"e-gallery-item elementor-gallery-item elementor-animated-content\" href=\"https:\/\/www.yates-mallorca-charter.de\/wp-content\/uploads\/2024\/03\/Charter-Mallorca-allure-38-ab-layout-dach.jpg\" data-elementor-open-lightbox=\"yes\" data-elementor-lightbox-slideshow=\"30cd0c4b\" data-elementor-lightbox-title=\"Una mirada al interior de un barco.\" data-elementor-lightbox-description=\"Una mirada al interior de un barco.\" data-e-action-hash=\"#elementor-action%3Aaction%3Dlightbox%26settings%3DeyJpZCI6MTk1NiwidXJsIjoiaHR0cHM6XC9cL3d3dy55YXRlcy1tYWxsb3JjYS1jaGFydGVyLmRlXC93cC1jb250ZW50XC91cGxvYWRzXC8yMDI0XC8wM1wvQ2hhcnRlci1NYWxsb3JjYS1hbGx1cmUtMzgtYWItbGF5b3V0LWRhY2guanBnIiwic2xpZGVzaG93IjoiMzBjZDBjNGIifQ%3D%3D\">\n\t\t\t\t\t<div class=\"e-gallery-image elementor-gallery-item__image\" data-thumbnail=\"https:\/\/www.yates-mallorca-charter.de\/wp-content\/uploads\/2024\/03\/Charter-Mallorca-allure-38-ab-layout-dach-768x265.jpg\" data-width=\"768\" data-height=\"265\" aria-label=\"Vista desde arriba de una embarcaci\u00f3n con dos motores\" role=\"img\" ><\/div>\n\t\t\t\t\t\t\t\t\t\t\t<div class=\"elementor-gallery-item__overlay\"><\/div>\n\t\t\t\t\t\t\t\t\t\t\t\t\t\t<\/a>\n\t\t\t\t\t\t\t<a class=\"e-gallery-item elementor-gallery-item elementor-animated-content\" href=\"https:\/\/www.yates-mallorca-charter.de\/wp-content\/uploads\/2024\/03\/Charter-Mallorca-me-daycruiser-38-neu-38-sport-kabinen-layout-22k.jpg\" data-elementor-open-lightbox=\"yes\" data-elementor-lightbox-slideshow=\"30cd0c4b\" data-elementor-lightbox-title=\"Un diagrama que muestra el interior de un barco.\" data-elementor-lightbox-description=\"Un diagrama que muestra el interior de un barco.\" data-e-action-hash=\"#elementor-action%3Aaction%3Dlightbox%26settings%3DeyJpZCI6MTk1OCwidXJsIjoiaHR0cHM6XC9cL3d3dy55YXRlcy1tYWxsb3JjYS1jaGFydGVyLmRlXC93cC1jb250ZW50XC91cGxvYWRzXC8yMDI0XC8wM1wvQ2hhcnRlci1NYWxsb3JjYS1tZS1kYXljcnVpc2VyLTM4LW5ldS0zOC1zcG9ydC1rYWJpbmVuLWxheW91dC0yMmsuanBnIiwic2xpZGVzaG93IjoiMzBjZDBjNGIifQ%3D%3D\">\n\t\t\t\t\t<div class=\"e-gallery-image elementor-gallery-item__image\" data-thumbnail=\"https:\/\/www.yates-mallorca-charter.de\/wp-content\/uploads\/2024\/03\/Charter-Mallorca-me-daycruiser-38-neu-38-sport-kabinen-layout-22k-768x576.jpg\" data-width=\"768\" data-height=\"576\" aria-label=\"Plano del interior del barco\" role=\"img\" ><\/div>\n\t\t\t\t\t\t\t\t\t\t\t<div class=\"elementor-gallery-item__overlay\"><\/div>\n\t\t\t\t\t\t\t\t\t\t\t\t\t\t<\/a>\n\t\t\t\t\t<\/div>\n\t\t\t\t\t<\/div>\n\t\t\t\t<\/div>\n\t\t\t\t\t<\/div>\n\t\t<\/div>\n\t\t\t\t\t<\/div>\n\t\t<\/section>\n\t\t\t\t<section class=\"elementor-section elementor-top-section elementor-element elementor-element-656e628 elementor-section-boxed elementor-section-height-default elementor-section-height-default\" data-id=\"656e628\" data-element_type=\"section\" data-e-type=\"section\" id=\"termine\">\n\t\t\t\t\t\t<div class=\"elementor-container elementor-column-gap-default\">\n\t\t\t\t\t<div class=\"elementor-column elementor-col-100 elementor-top-column elementor-element elementor-element-67a4a3a\" data-id=\"67a4a3a\" data-element_type=\"column\" data-e-type=\"column\">\n\t\t\t<div class=\"elementor-widget-wrap elementor-element-populated\">\n\t\t\t\t\t\t<div class=\"elementor-element elementor-element-f2c9f43 elementor-widget elementor-widget-spacer\" data-id=\"f2c9f43\" data-element_type=\"widget\" data-e-type=\"widget\" data-widget_type=\"spacer.default\">\n\t\t\t\t<div class=\"elementor-widget-container\">\n\t\t\t\t\t\t\t<div class=\"elementor-spacer\">\n\t\t\t<div class=\"elementor-spacer-inner\"><\/div>\n\t\t<\/div>\n\t\t\t\t\t\t<\/div>\n\t\t\t\t<\/div>\n\t\t\t\t\t<\/div>\n\t\t<\/div>\n\t\t\t\t\t<\/div>\n\t\t<\/section>\n\t\t\t\t<section class=\"elementor-section elementor-top-section elementor-element elementor-element-68305cc elementor-section-boxed elementor-section-height-default elementor-section-height-default\" data-id=\"68305cc\" data-element_type=\"section\" data-e-type=\"section\">\n\t\t\t\t\t\t<div class=\"elementor-container elementor-column-gap-default\">\n\t\t\t\t\t<div class=\"elementor-column elementor-col-100 elementor-top-column elementor-element elementor-element-2403789\" data-id=\"2403789\" data-element_type=\"column\" data-e-type=\"column\">\n\t\t\t<div class=\"elementor-widget-wrap elementor-element-populated\">\n\t\t\t\t\t\t<div class=\"elementor-element elementor-element-05daa63 elementor-widget elementor-widget-shortcode\" data-id=\"05daa63\" data-element_type=\"widget\" data-e-type=\"widget\" data-widget_type=\"shortcode.default\">\n\t\t\t\t<div class=\"elementor-widget-container\">\n\t\t\t\t\t\t\t<div class=\"elementor-shortcode\"><div class=\"ycbb-shortcode-wrap\">\n\t\t\t\t\t\t\t\t\t\t\t<div class=\"ycbb-availability\"\n\t\t\t\t\tdata-ycbb-post-id=\"6820\"\n\t\t\t\t\tdata-ycbb-months=\"3\"\n\t\t\t\t\tdata-ycbb-lang=\"es\"\n\t\t\t\t\tdata-ycbb-open-modal=\"ycbb-modal-6820-1\"\n\t\t\t\t\tdata-ycbb-open-src=\"https:\/\/www.booking-manager.com\/wbm2\/page.html?view=YachtDetails&#038;yachtId=5588709570000106824&#038;companyid=6824&#038;setlang=es&#038;target=_blank\"\n\t\t\t\t\tdata-ycbb-label=\"Datos T\u00e9cnicos \u2013 Fechas Disponibles\">\n\t\t\t\t\t<div class=\"ycbb-availability__loading\">Cargando disponibilidad \u2026<\/div>\n\t\t\t\t<\/div>\n\t\t\t\n\t\t\t<div class=\"ycbb-modal\" id=\"ycbb-modal-6820-1\" aria-hidden=\"true\">\n\t\t\t\t<div class=\"ycbb-modal__overlay\" data-ycbb-close><\/div>\n\t\t\t\t<div class=\"ycbb-modal__box\" role=\"dialog\" aria-modal=\"true\" aria-labelledby=\"ycbb-modal-title-6820-1\">\n\t\t\t\t\t<span id=\"ycbb-modal-title-6820-1\" class=\"screen-reader-text\">Datos T\u00e9cnicos \u2013 Fechas Disponibles<\/span>\n\t\t\t\t\t<button type=\"button\" class=\"ycbb-modal__close\" data-ycbb-close aria-label=\"Cerrar\">&times;<\/button>\n\t\t\t\t\t<div class=\"ycbb-modal__loading\" aria-hidden=\"true\"><\/div>\n\t\t\t\t\t<iframe id=\"wbmResult\"\n\t\t\t\t\t\tclass=\"ycbb-modal__iframe\"\n\t\t\t\t\t\tsrc=\"\"\n\t\t\t\t\t\tscrolling=\"auto\"\n\t\t\t\t\t\tallowtransparency=\"true\"\n\t\t\t\t\t\tloading=\"lazy\"\n\t\t\t\t\t\ttitle=\"Datos T\u00e9cnicos \u2013 Fechas Disponibles\"><\/iframe>\n\t\t\t\t<\/div>\n\t\t\t<\/div>\n\t\t<\/div><\/div>\n\t\t\t\t\t\t<\/div>\n\t\t\t\t<\/div>\n\t\t\t\t\t<\/div>\n\t\t<\/div>\n\t\t\t\t\t<\/div>\n\t\t<\/section>\n\t\t\t\t<\/div>\n\t\t","protected":false},"excerpt":{"rendered":"<p>Destacados 2x motores fueraborda Suzuki 350, total 700 CV H\u00e9lice de proa Generador Cocina exterior, nevera de ba\u00f1era Molinete de ancla el\u00e9ctrico con contador de cadena de ancla y mucho m\u00e1s. Reserva online por d\u00edas Datos t\u00e9cnicos &#8211; Fechas disponibles Descripci\u00f3n Este elegante yate a motor del nuevo astillero de dise\u00f1o italiano Italyure Yachts est\u00e1 [&hellip;]<\/p>\n","protected":false},"author":1,"featured_media":1926,"comment_status":"closed","ping_status":"closed","sticky":false,"template":"","format":"standard","meta":{"footnotes":""},"categories":[41,39],"tags":[],"class_list":["post-2645","post","type-post","status-publish","format-standard","has-post-thumbnail","hentry","category-charter-es","category-yates-a-motor"],"_links":{"self":[{"href":"https:\/\/www.yates-mallorca-charter.de\/es\/wp-json\/wp\/v2\/posts\/2645","targetHints":{"allow":["GET"]}}],"collection":[{"href":"https:\/\/www.yates-mallorca-charter.de\/es\/wp-json\/wp\/v2\/posts"}],"about":[{"href":"https:\/\/www.yates-mallorca-charter.de\/es\/wp-json\/wp\/v2\/types\/post"}],"author":[{"embeddable":true,"href":"https:\/\/www.yates-mallorca-charter.de\/es\/wp-json\/wp\/v2\/users\/1"}],"replies":[{"embeddable":true,"href":"https:\/\/www.yates-mallorca-charter.de\/es\/wp-json\/wp\/v2\/comments?post=2645"}],"version-history":[{"count":4,"href":"https:\/\/www.yates-mallorca-charter.de\/es\/wp-json\/wp\/v2\/posts\/2645\/revisions"}],"predecessor-version":[{"id":6996,"href":"https:\/\/www.yates-mallorca-charter.de\/es\/wp-json\/wp\/v2\/posts\/2645\/revisions\/6996"}],"wp:featuredmedia":[{"embeddable":true,"href":"https:\/\/www.yates-mallorca-charter.de\/es\/wp-json\/wp\/v2\/media\/1926"}],"wp:attachment":[{"href":"https:\/\/www.yates-mallorca-charter.de\/es\/wp-json\/wp\/v2\/media?parent=2645"}],"wp:term":[{"taxonomy":"category","embeddable":true,"href":"https:\/\/www.yates-mallorca-charter.de\/es\/wp-json\/wp\/v2\/categories?post=2645"},{"taxonomy":"post_tag","embeddable":true,"href":"https:\/\/www.yates-mallorca-charter.de\/es\/wp-json\/wp\/v2\/tags?post=2645"}],"curies":[{"name":"wp","href":"https:\/\/api.w.org\/{rel}","templated":true}]}}