{"id":5694,"date":"2025-09-23T12:05:39","date_gmt":"2025-09-23T10:05:39","guid":{"rendered":"https:\/\/www.yates-mallorca-charter.de\/sin-categorizar\/monaco-yacht-show-september-2025\/"},"modified":"2025-09-23T12:12:19","modified_gmt":"2025-09-23T10:12:19","slug":"monaco-yacht-show-september-2025","status":"publish","type":"post","link":"https:\/\/www.yates-mallorca-charter.de\/es\/noticias\/monaco-yacht-show-september-2025\/","title":{"rendered":"Monaco Yacht Show September 2025"},"content":{"rendered":"\t\t<div data-elementor-type=\"wp-post\" data-elementor-id=\"5694\" class=\"elementor elementor-5694 elementor-5678\" data-elementor-post-type=\"post\">\n\t\t\t\t\t\t<section class=\"elementor-section elementor-top-section elementor-element elementor-element-679128f elementor-section-boxed elementor-section-height-default elementor-section-height-default\" data-id=\"679128f\" data-element_type=\"section\" data-e-type=\"section\">\n\t\t\t\t\t\t<div class=\"elementor-container elementor-column-gap-default\">\n\t\t\t\t\t<div class=\"elementor-column elementor-col-100 elementor-top-column elementor-element elementor-element-5b22532\" data-id=\"5b22532\" data-element_type=\"column\" data-e-type=\"column\">\n\t\t\t<div class=\"elementor-widget-wrap elementor-element-populated\">\n\t\t\t\t\t\t<section class=\"elementor-section elementor-inner-section elementor-element elementor-element-fd86006 elementor-section-boxed elementor-section-height-default elementor-section-height-default\" data-id=\"fd86006\" data-element_type=\"section\" data-e-type=\"section\">\n\t\t\t\t\t\t<div class=\"elementor-container elementor-column-gap-default\">\n\t\t\t\t\t<div class=\"elementor-column elementor-col-50 elementor-inner-column elementor-element elementor-element-171a474\" data-id=\"171a474\" data-element_type=\"column\" data-e-type=\"column\">\n\t\t\t<div class=\"elementor-widget-wrap elementor-element-populated\">\n\t\t\t\t\t\t<div class=\"elementor-element elementor-element-1cae708 elementor-widget elementor-widget-image\" data-id=\"1cae708\" data-element_type=\"widget\" data-e-type=\"widget\" data-widget_type=\"image.default\">\n\t\t\t\t<div class=\"elementor-widget-container\">\n\t\t\t\t\t\t\t\t\t\t\t\t\t\t\t<img loading=\"lazy\" decoding=\"async\" width=\"800\" height=\"675\" src=\"https:\/\/www.yates-mallorca-charter.de\/wp-content\/uploads\/2025\/09\/Thira-Power-80-1024x864.jpg\" class=\"attachment-large size-large wp-image-5685\" alt=\"\" srcset=\"https:\/\/www.yates-mallorca-charter.de\/wp-content\/uploads\/2025\/09\/Thira-Power-80-1024x864.jpg 1024w, https:\/\/www.yates-mallorca-charter.de\/wp-content\/uploads\/2025\/09\/Thira-Power-80-300x253.jpg 300w, https:\/\/www.yates-mallorca-charter.de\/wp-content\/uploads\/2025\/09\/Thira-Power-80-768x648.jpg 768w, https:\/\/www.yates-mallorca-charter.de\/wp-content\/uploads\/2025\/09\/Thira-Power-80.jpg 1260w\" sizes=\"auto, (max-width: 800px) 100vw, 800px\"  title=\"Monaco Yacht Show September 2025\" \/>\t\t\t\t\t\t\t\t\t\t\t\t\t\t\t<\/div>\n\t\t\t\t<\/div>\n\t\t\t\t\t<\/div>\n\t\t<\/div>\n\t\t\t\t<div class=\"elementor-column elementor-col-50 elementor-inner-column elementor-element elementor-element-8f87721\" data-id=\"8f87721\" data-element_type=\"column\" data-e-type=\"column\">\n\t\t\t<div class=\"elementor-widget-wrap elementor-element-populated\">\n\t\t\t\t\t\t<div class=\"elementor-element elementor-element-ec7f331 elementor-widget elementor-widget-text-editor\" data-id=\"ec7f331\" data-element_type=\"widget\" data-e-type=\"widget\" data-widget_type=\"text-editor.default\">\n\t\t\t\t<div class=\"elementor-widget-container\">\n\t\t\t\t\t\t\t\t\t<p><span style=\"color: #003366;\"><strong>\u00a1Vis\u00edtenos en el Sal\u00f3n N\u00e1utico de M\u00f3naco!<\/strong><\/span><\/p><p><span style=\"color: #003366;\">\u00a1Estamos encantados de darle la bienvenida al Sal\u00f3n N\u00e1utico de M\u00f3naco de este a\u00f1o!<\/span><br \/><span style=\"color: #003366;\">Descubra en directo dos de nuestras \u00faltimas novedades: el catamar\u00e1n a vela Th\u00edra 80 y el catamar\u00e1n a motor Power 80.<\/span><\/p><p><span style=\"color: #003366;\">D\u00e9jese seducir por su dise\u00f1o moderno, su m\u00e1ximo confort y su tecnolog\u00eda innovadora.<\/span><\/p><p><span style=\"color: #003366;\"><strong>Importante: las visitas solo son posibles con cita previa.<\/strong><\/span><br \/><span style=\"color: #003366;\"><strong>\u00a1Reserve ahora su cita personal y descubra nuestros catamaranes de cerca!<\/strong><\/span><\/p>\t\t\t\t\t\t\t\t<\/div>\n\t\t\t\t<\/div>\n\t\t\t\t\t<\/div>\n\t\t<\/div>\n\t\t\t\t\t<\/div>\n\t\t<\/section>\n\t\t\t\t\t<\/div>\n\t\t<\/div>\n\t\t\t\t\t<\/div>\n\t\t<\/section>\n\t\t\t\t<section class=\"elementor-section elementor-top-section elementor-element elementor-element-e3024e6 elementor-section-boxed elementor-section-height-default elementor-section-height-default\" data-id=\"e3024e6\" data-element_type=\"section\" data-e-type=\"section\">\n\t\t\t\t\t\t<div class=\"elementor-container elementor-column-gap-default\">\n\t\t\t\t\t<div class=\"elementor-column elementor-col-100 elementor-top-column elementor-element elementor-element-da62c5d\" data-id=\"da62c5d\" data-element_type=\"column\" data-e-type=\"column\">\n\t\t\t<div class=\"elementor-widget-wrap elementor-element-populated\">\n\t\t\t\t\t\t<div class=\"elementor-element elementor-element-accb86c elementor-widget-divider--view-line elementor-widget elementor-widget-divider\" data-id=\"accb86c\" data-element_type=\"widget\" data-e-type=\"widget\" data-widget_type=\"divider.default\">\n\t\t\t\t<div class=\"elementor-widget-container\">\n\t\t\t\t\t\t\t<div class=\"elementor-divider\">\n\t\t\t<span class=\"elementor-divider-separator\">\n\t\t\t\t\t\t<\/span>\n\t\t<\/div>\n\t\t\t\t\t\t<\/div>\n\t\t\t\t<\/div>\n\t\t\t\t\t<\/div>\n\t\t<\/div>\n\t\t\t\t\t<\/div>\n\t\t<\/section>\n\t\t\t\t<section class=\"elementor-section elementor-top-section elementor-element elementor-element-933675d elementor-section-boxed elementor-section-height-default elementor-section-height-default\" data-id=\"933675d\" data-element_type=\"section\" data-e-type=\"section\">\n\t\t\t\t\t\t<div class=\"elementor-container elementor-column-gap-default\">\n\t\t\t\t\t<div class=\"elementor-column elementor-col-100 elementor-top-column elementor-element elementor-element-ff39cb7\" data-id=\"ff39cb7\" data-element_type=\"column\" data-e-type=\"column\">\n\t\t\t<div class=\"elementor-widget-wrap elementor-element-populated\">\n\t\t\t\t\t\t<div class=\"elementor-element elementor-element-d01702d elementor-widget elementor-widget-text-editor\" data-id=\"d01702d\" data-element_type=\"widget\" data-e-type=\"widget\" data-widget_type=\"text-editor.default\">\n\t\t\t\t<div class=\"elementor-widget-container\">\n\t\t\t\t\t\t\t\t\t<p><span style=\"color: #003366;\">Para concertar una cita personal o para comunicarnos que va a participar, env\u00ede un correo electr\u00f3nico a nuestro equipo o ll\u00e1menos por tel\u00e9fono:<\/span><br \/><span style=\"color: #003366;\">John Rossbach \u00b7 <a style=\"color: #003366;\" href=\"tel:+34 627910440\">Tel. +34 627910440<\/a> \u00b7 <a style=\"color: #003366;\" href=\"mailto:john@yates-mallorca.com\">john@yates-mallorca.com<\/a><\/span><br \/><span style=\"color: #003366;\">Matthias Ebert \u00b7 <a style=\"color: #003366;\" href=\"tel:+49 1737775552\">Tel. +49 1737775552<\/a> \u00b7 <a style=\"color: #003366;\" href=\"mailto:matthias@yates-mallorca.com\">matthias@yates-mallorca.com<\/a><\/span><\/p>\t\t\t\t\t\t\t\t<\/div>\n\t\t\t\t<\/div>\n\t\t\t\t\t<\/div>\n\t\t<\/div>\n\t\t\t\t\t<\/div>\n\t\t<\/section>\n\t\t\t\t<\/div>\n\t\t","protected":false},"excerpt":{"rendered":"<p>\u00a1Vis\u00edtenos en el Sal\u00f3n N\u00e1utico de M\u00f3naco! \u00a1Estamos encantados de darle la bienvenida al Sal\u00f3n N\u00e1utico de M\u00f3naco de este a\u00f1o!Descubra en directo dos de nuestras \u00faltimas novedades: el catamar\u00e1n a vela Th\u00edra 80 y el catamar\u00e1n a motor Power 80. D\u00e9jese seducir por su dise\u00f1o moderno, su m\u00e1ximo confort y su tecnolog\u00eda innovadora. Importante: [&hellip;]<\/p>\n","protected":false},"author":3,"featured_media":5681,"comment_status":"closed","ping_status":"closed","sticky":false,"template":"","format":"standard","meta":{"footnotes":""},"categories":[31],"tags":[],"class_list":["post-5694","post","type-post","status-publish","format-standard","has-post-thumbnail","hentry","category-noticias"],"_links":{"self":[{"href":"https:\/\/www.yates-mallorca-charter.de\/es\/wp-json\/wp\/v2\/posts\/5694","targetHints":{"allow":["GET"]}}],"collection":[{"href":"https:\/\/www.yates-mallorca-charter.de\/es\/wp-json\/wp\/v2\/posts"}],"about":[{"href":"https:\/\/www.yates-mallorca-charter.de\/es\/wp-json\/wp\/v2\/types\/post"}],"author":[{"embeddable":true,"href":"https:\/\/www.yates-mallorca-charter.de\/es\/wp-json\/wp\/v2\/users\/3"}],"replies":[{"embeddable":true,"href":"https:\/\/www.yates-mallorca-charter.de\/es\/wp-json\/wp\/v2\/comments?post=5694"}],"version-history":[{"count":4,"href":"https:\/\/www.yates-mallorca-charter.de\/es\/wp-json\/wp\/v2\/posts\/5694\/revisions"}],"predecessor-version":[{"id":5703,"href":"https:\/\/www.yates-mallorca-charter.de\/es\/wp-json\/wp\/v2\/posts\/5694\/revisions\/5703"}],"wp:featuredmedia":[{"embeddable":true,"href":"https:\/\/www.yates-mallorca-charter.de\/es\/wp-json\/wp\/v2\/media\/5681"}],"wp:attachment":[{"href":"https:\/\/www.yates-mallorca-charter.de\/es\/wp-json\/wp\/v2\/media?parent=5694"}],"wp:term":[{"taxonomy":"category","embeddable":true,"href":"https:\/\/www.yates-mallorca-charter.de\/es\/wp-json\/wp\/v2\/categories?post=5694"},{"taxonomy":"post_tag","embeddable":true,"href":"https:\/\/www.yates-mallorca-charter.de\/es\/wp-json\/wp\/v2\/tags?post=5694"}],"curies":[{"name":"wp","href":"https:\/\/api.w.org\/{rel}","templated":true}]}}