{"id":5728,"date":"2025-10-06T14:32:29","date_gmt":"2025-10-06T12:32:29","guid":{"rendered":"https:\/\/www.yates-mallorca-charter.de\/sin-categorizar\/barcelona-international-salon-nautico-2025\/"},"modified":"2025-10-06T14:45:25","modified_gmt":"2025-10-06T12:45:25","slug":"barcelona-international-salon-nautico-2025","status":"publish","type":"post","link":"https:\/\/www.yates-mallorca-charter.de\/es\/noticias\/barcelona-international-salon-nautico-2025\/","title":{"rendered":"BARCELONA INTERNATIONAL SAL\u00d3N N\u00c1UTICO 2025"},"content":{"rendered":"\t\t<div data-elementor-type=\"wp-post\" data-elementor-id=\"5728\" class=\"elementor elementor-5728 elementor-5706\" data-elementor-post-type=\"post\">\n\t\t\t\t\t\t<section class=\"elementor-section elementor-top-section elementor-element elementor-element-c534c65 elementor-section-boxed elementor-section-height-default elementor-section-height-default\" data-id=\"c534c65\" data-element_type=\"section\" data-e-type=\"section\">\n\t\t\t\t\t\t<div class=\"elementor-container elementor-column-gap-default\">\n\t\t\t\t\t<div class=\"elementor-column elementor-col-100 elementor-top-column elementor-element elementor-element-53856d3\" data-id=\"53856d3\" data-element_type=\"column\" data-e-type=\"column\">\n\t\t\t<div class=\"elementor-widget-wrap elementor-element-populated\">\n\t\t\t\t\t\t<section class=\"elementor-section elementor-inner-section elementor-element elementor-element-1c652b3 elementor-section-boxed elementor-section-height-default elementor-section-height-default\" data-id=\"1c652b3\" data-element_type=\"section\" data-e-type=\"section\">\n\t\t\t\t\t\t<div class=\"elementor-container elementor-column-gap-default\">\n\t\t\t\t\t<div class=\"elementor-column elementor-col-50 elementor-inner-column elementor-element elementor-element-fa5d0d6\" data-id=\"fa5d0d6\" data-element_type=\"column\" data-e-type=\"column\">\n\t\t\t<div class=\"elementor-widget-wrap elementor-element-populated\">\n\t\t\t\t\t\t<div class=\"elementor-element elementor-element-902826a elementor-widget elementor-widget-image\" data-id=\"902826a\" data-element_type=\"widget\" data-e-type=\"widget\" data-widget_type=\"image.default\">\n\t\t\t\t<div class=\"elementor-widget-container\">\n\t\t\t\t\t\t\t\t\t\t\t\t\t\t\t<img loading=\"lazy\" decoding=\"async\" width=\"800\" height=\"457\" src=\"https:\/\/www.yates-mallorca-charter.de\/wp-content\/uploads\/2025\/10\/Galerie-bcn-2025.jpg\" class=\"attachment-large size-large wp-image-5710\" alt=\"\" srcset=\"https:\/\/www.yates-mallorca-charter.de\/wp-content\/uploads\/2025\/10\/Galerie-bcn-2025.jpg 827w, https:\/\/www.yates-mallorca-charter.de\/wp-content\/uploads\/2025\/10\/Galerie-bcn-2025-300x171.jpg 300w, https:\/\/www.yates-mallorca-charter.de\/wp-content\/uploads\/2025\/10\/Galerie-bcn-2025-768x438.jpg 768w\" sizes=\"auto, (max-width: 800px) 100vw, 800px\"  title=\"BARCELONA INTERNATIONAL SAL\u00d3N N\u00c1UTICO 2025\" \/>\t\t\t\t\t\t\t\t\t\t\t\t\t\t\t<\/div>\n\t\t\t\t<\/div>\n\t\t\t\t\t<\/div>\n\t\t<\/div>\n\t\t\t\t<div class=\"elementor-column elementor-col-50 elementor-inner-column elementor-element elementor-element-705d86e\" data-id=\"705d86e\" data-element_type=\"column\" data-e-type=\"column\">\n\t\t\t<div class=\"elementor-widget-wrap elementor-element-populated\">\n\t\t\t\t\t\t<div class=\"elementor-element elementor-element-845bae0 elementor-widget elementor-widget-text-editor\" data-id=\"845bae0\" data-element_type=\"widget\" data-e-type=\"widget\" data-widget_type=\"text-editor.default\">\n\t\t\t\t<div class=\"elementor-widget-container\">\n\t\t\t\t\t\t\t\t\t<p><span style=\"color: #003366;\"><strong>Barcelona, Espa\u00f1a<\/strong><\/span><\/p><p><span style=\"color: #003366;\">Del 8 al 12 de octubre de 2025, estaremos presentes como distribuidor autorizado de Fountaine Pajot en el Sal\u00f3n N\u00e1utico Internacional de Barcelona 2025, en el Port Vell, y le invitamos cordialmente a visitarnos all\u00ed.<\/span><br \/><span style=\"color: #003366;\">Junto con Fountaine Pajot, le presentaremos las \u00faltimas novedades de la marca.<\/span><\/p>\t\t\t\t\t\t\t\t<\/div>\n\t\t\t\t<\/div>\n\t\t\t\t\t<\/div>\n\t\t<\/div>\n\t\t\t\t\t<\/div>\n\t\t<\/section>\n\t\t\t\t\t<\/div>\n\t\t<\/div>\n\t\t\t\t\t<\/div>\n\t\t<\/section>\n\t\t\t\t<section class=\"elementor-section elementor-top-section elementor-element elementor-element-fccbcb8 elementor-section-boxed elementor-section-height-default elementor-section-height-default\" data-id=\"fccbcb8\" data-element_type=\"section\" data-e-type=\"section\">\n\t\t\t\t\t\t<div class=\"elementor-container elementor-column-gap-default\">\n\t\t\t\t\t<div class=\"elementor-column elementor-col-100 elementor-top-column elementor-element elementor-element-f2e768f\" data-id=\"f2e768f\" data-element_type=\"column\" data-e-type=\"column\">\n\t\t\t<div class=\"elementor-widget-wrap elementor-element-populated\">\n\t\t\t\t\t\t<section class=\"elementor-section elementor-inner-section elementor-element elementor-element-0ae74bc elementor-section-boxed elementor-section-height-default elementor-section-height-default\" data-id=\"0ae74bc\" data-element_type=\"section\" data-e-type=\"section\">\n\t\t\t\t\t\t<div class=\"elementor-container elementor-column-gap-default\">\n\t\t\t\t\t<div class=\"elementor-column elementor-col-50 elementor-inner-column elementor-element elementor-element-719f13c\" data-id=\"719f13c\" data-element_type=\"column\" data-e-type=\"column\">\n\t\t\t<div class=\"elementor-widget-wrap elementor-element-populated\">\n\t\t\t\t\t\t<div class=\"elementor-element elementor-element-ca4974d elementor-widget elementor-widget-image\" data-id=\"ca4974d\" data-element_type=\"widget\" data-e-type=\"widget\" data-widget_type=\"image.default\">\n\t\t\t\t<div class=\"elementor-widget-container\">\n\t\t\t\t\t\t\t\t\t\t\t\t\t\t\t<img loading=\"lazy\" decoding=\"async\" width=\"800\" height=\"600\" src=\"https:\/\/www.yates-mallorca-charter.de\/wp-content\/uploads\/2025\/10\/FP-NEW41.jpg\" class=\"attachment-large size-large wp-image-5717\" alt=\"\" srcset=\"https:\/\/www.yates-mallorca-charter.de\/wp-content\/uploads\/2025\/10\/FP-NEW41.jpg 1024w, https:\/\/www.yates-mallorca-charter.de\/wp-content\/uploads\/2025\/10\/FP-NEW41-300x225.jpg 300w, https:\/\/www.yates-mallorca-charter.de\/wp-content\/uploads\/2025\/10\/FP-NEW41-768x576.jpg 768w\" sizes=\"auto, (max-width: 800px) 100vw, 800px\"  title=\"BARCELONA INTERNATIONAL SAL\u00d3N N\u00c1UTICO 2025\" \/>\t\t\t\t\t\t\t\t\t\t\t\t\t\t\t<\/div>\n\t\t\t\t<\/div>\n\t\t\t\t\t<\/div>\n\t\t<\/div>\n\t\t\t\t<div class=\"elementor-column elementor-col-50 elementor-inner-column elementor-element elementor-element-4b5dbaf\" data-id=\"4b5dbaf\" data-element_type=\"column\" data-e-type=\"column\">\n\t\t\t<div class=\"elementor-widget-wrap elementor-element-populated\">\n\t\t\t\t\t\t<div class=\"elementor-element elementor-element-6350c06 elementor-widget elementor-widget-text-editor\" data-id=\"6350c06\" data-element_type=\"widget\" data-e-type=\"widget\" data-widget_type=\"text-editor.default\">\n\t\t\t\t<div class=\"elementor-widget-container\">\n\t\t\t\t\t\t\t\t\t<p><span style=\"color: #003366;\"><strong>Disfrute especialmente del nuevo FP41,<\/strong> que se presentar\u00e1 en exclusiva en el marco de su gira mundial. Este innovador catamar\u00e1n representa una nueva era en la navegaci\u00f3n: m\u00e1s sostenible, m\u00e1s c\u00f3moda y m\u00e1s libre que nunca. Con su sofisticado concepto de espacio, la tecnolog\u00eda m\u00e1s avanzada y un enfoque en la eficiencia energ\u00e9tica, el FP41 establece nuevos est\u00e1ndares para los navegantes conscientes del medio ambiente.<\/span><\/p>\t\t\t\t\t\t\t\t<\/div>\n\t\t\t\t<\/div>\n\t\t\t\t\t<\/div>\n\t\t<\/div>\n\t\t\t\t\t<\/div>\n\t\t<\/section>\n\t\t\t\t\t<\/div>\n\t\t<\/div>\n\t\t\t\t\t<\/div>\n\t\t<\/section>\n\t\t\t\t<section class=\"elementor-section elementor-top-section elementor-element elementor-element-3307a22 elementor-section-boxed elementor-section-height-default elementor-section-height-default\" data-id=\"3307a22\" data-element_type=\"section\" data-e-type=\"section\">\n\t\t\t\t\t\t<div class=\"elementor-container elementor-column-gap-default\">\n\t\t\t\t\t<div class=\"elementor-column elementor-col-100 elementor-top-column elementor-element elementor-element-cc58d6a\" data-id=\"cc58d6a\" data-element_type=\"column\" data-e-type=\"column\">\n\t\t\t<div class=\"elementor-widget-wrap elementor-element-populated\">\n\t\t\t\t\t\t<section class=\"elementor-section elementor-inner-section elementor-element elementor-element-b72c896 elementor-section-boxed elementor-section-height-default elementor-section-height-default\" data-id=\"b72c896\" data-element_type=\"section\" data-e-type=\"section\">\n\t\t\t\t\t\t<div class=\"elementor-container elementor-column-gap-default\">\n\t\t\t\t\t<div class=\"elementor-column elementor-col-50 elementor-inner-column elementor-element elementor-element-835e0dc\" data-id=\"835e0dc\" data-element_type=\"column\" data-e-type=\"column\">\n\t\t\t<div class=\"elementor-widget-wrap elementor-element-populated\">\n\t\t\t\t\t\t<div class=\"elementor-element elementor-element-a93f962 elementor-widget elementor-widget-image\" data-id=\"a93f962\" data-element_type=\"widget\" data-e-type=\"widget\" data-widget_type=\"image.default\">\n\t\t\t\t<div class=\"elementor-widget-container\">\n\t\t\t\t\t\t\t\t\t\t\t\t\t\t\t<img loading=\"lazy\" decoding=\"async\" width=\"800\" height=\"600\" src=\"https:\/\/www.yates-mallorca-charter.de\/wp-content\/uploads\/2025\/10\/FP-NEW44.jpg\" class=\"attachment-large size-large wp-image-5720\" alt=\"\" srcset=\"https:\/\/www.yates-mallorca-charter.de\/wp-content\/uploads\/2025\/10\/FP-NEW44.jpg 1024w, https:\/\/www.yates-mallorca-charter.de\/wp-content\/uploads\/2025\/10\/FP-NEW44-300x225.jpg 300w, https:\/\/www.yates-mallorca-charter.de\/wp-content\/uploads\/2025\/10\/FP-NEW44-768x576.jpg 768w\" sizes=\"auto, (max-width: 800px) 100vw, 800px\"  title=\"BARCELONA INTERNATIONAL SAL\u00d3N N\u00c1UTICO 2025\" \/>\t\t\t\t\t\t\t\t\t\t\t\t\t\t\t<\/div>\n\t\t\t\t<\/div>\n\t\t\t\t\t<\/div>\n\t\t<\/div>\n\t\t\t\t<div class=\"elementor-column elementor-col-50 elementor-inner-column elementor-element elementor-element-385f57a\" data-id=\"385f57a\" data-element_type=\"column\" data-e-type=\"column\">\n\t\t\t<div class=\"elementor-widget-wrap elementor-element-populated\">\n\t\t\t\t\t\t<div class=\"elementor-element elementor-element-d532722 elementor-widget elementor-widget-text-editor\" data-id=\"d532722\" data-element_type=\"widget\" data-e-type=\"widget\" data-widget_type=\"text-editor.default\">\n\t\t\t\t<div class=\"elementor-widget-container\">\n\t\t\t\t\t\t\t\t\t<p><span style=\"color: #003366;\"><strong>Otro punto destacado es el estreno mundial del FP44,<\/strong> que se presentar\u00e1 por primera vez en Barcelona. Combina un dise\u00f1o elegante, unas caracter\u00edsticas de navegaci\u00f3n excepcionales y el incomparable confort de Fountaine Pajot. Gracias a sus innovadoras soluciones en materia de suministro de energ\u00eda y espacio habitable, el FP44 es perfecto para todos aquellos que desean combinar el lujo y la sostenibilidad en el agua.<\/span><\/p>\t\t\t\t\t\t\t\t<\/div>\n\t\t\t\t<\/div>\n\t\t\t\t\t<\/div>\n\t\t<\/div>\n\t\t\t\t\t<\/div>\n\t\t<\/section>\n\t\t\t\t\t<\/div>\n\t\t<\/div>\n\t\t\t\t\t<\/div>\n\t\t<\/section>\n\t\t\t\t<section class=\"elementor-section elementor-top-section elementor-element elementor-element-9689cff elementor-section-boxed elementor-section-height-default elementor-section-height-default\" data-id=\"9689cff\" data-element_type=\"section\" data-e-type=\"section\">\n\t\t\t\t\t\t<div class=\"elementor-container elementor-column-gap-default\">\n\t\t\t\t\t<div class=\"elementor-column elementor-col-100 elementor-top-column elementor-element elementor-element-3642383\" data-id=\"3642383\" data-element_type=\"column\" data-e-type=\"column\">\n\t\t\t<div class=\"elementor-widget-wrap elementor-element-populated\">\n\t\t\t\t\t\t<section class=\"elementor-section elementor-inner-section elementor-element elementor-element-9c480ea elementor-section-boxed elementor-section-height-default elementor-section-height-default\" data-id=\"9c480ea\" data-element_type=\"section\" data-e-type=\"section\">\n\t\t\t\t\t\t<div class=\"elementor-container elementor-column-gap-default\">\n\t\t\t\t\t<div class=\"elementor-column elementor-col-50 elementor-inner-column elementor-element elementor-element-c773f27\" data-id=\"c773f27\" data-element_type=\"column\" data-e-type=\"column\">\n\t\t\t<div class=\"elementor-widget-wrap elementor-element-populated\">\n\t\t\t\t\t\t<div class=\"elementor-element elementor-element-7256c63 elementor-widget elementor-widget-image\" data-id=\"7256c63\" data-element_type=\"widget\" data-e-type=\"widget\" data-widget_type=\"image.default\">\n\t\t\t\t<div class=\"elementor-widget-container\">\n\t\t\t\t\t\t\t\t\t\t\t\t\t\t\t<img loading=\"lazy\" decoding=\"async\" width=\"800\" height=\"600\" src=\"https:\/\/www.yates-mallorca-charter.de\/wp-content\/uploads\/2025\/10\/FP-aura51.jpg\" class=\"attachment-large size-large wp-image-5714\" alt=\"\" srcset=\"https:\/\/www.yates-mallorca-charter.de\/wp-content\/uploads\/2025\/10\/FP-aura51.jpg 1024w, https:\/\/www.yates-mallorca-charter.de\/wp-content\/uploads\/2025\/10\/FP-aura51-300x225.jpg 300w, https:\/\/www.yates-mallorca-charter.de\/wp-content\/uploads\/2025\/10\/FP-aura51-768x576.jpg 768w\" sizes=\"auto, (max-width: 800px) 100vw, 800px\"  title=\"BARCELONA INTERNATIONAL SAL\u00d3N N\u00c1UTICO 2025\" \/>\t\t\t\t\t\t\t\t\t\t\t\t\t\t\t<\/div>\n\t\t\t\t<\/div>\n\t\t\t\t\t<\/div>\n\t\t<\/div>\n\t\t\t\t<div class=\"elementor-column elementor-col-50 elementor-inner-column elementor-element elementor-element-823f590\" data-id=\"823f590\" data-element_type=\"column\" data-e-type=\"column\">\n\t\t\t<div class=\"elementor-widget-wrap elementor-element-populated\">\n\t\t\t\t\t\t<div class=\"elementor-element elementor-element-e801632 elementor-widget elementor-widget-text-editor\" data-id=\"e801632\" data-element_type=\"widget\" data-e-type=\"widget\" data-widget_type=\"text-editor.default\">\n\t\t\t\t<div class=\"elementor-widget-container\">\n\t\t\t\t\t\t\t\t\t<p><span style=\"color: #003366;\"><strong>Por supuesto, tampoco puede faltar el Aura 51,<\/strong> un catamar\u00e1n que ya ha despertado el entusiasmo en todo el mundo. Su generoso dise\u00f1o, la moderna arquitectura lum\u00ednica y la posibilidad de navegar de forma totalmente el\u00e9ctrica lo convierten en un s\u00edmbolo del futuro de la navegaci\u00f3n ecol\u00f3gica.<\/span><\/p>\t\t\t\t\t\t\t\t<\/div>\n\t\t\t\t<\/div>\n\t\t\t\t\t<\/div>\n\t\t<\/div>\n\t\t\t\t\t<\/div>\n\t\t<\/section>\n\t\t\t\t\t<\/div>\n\t\t<\/div>\n\t\t\t\t\t<\/div>\n\t\t<\/section>\n\t\t\t\t<section class=\"elementor-section elementor-top-section elementor-element elementor-element-73a7a80 elementor-section-boxed elementor-section-height-default elementor-section-height-default\" data-id=\"73a7a80\" data-element_type=\"section\" data-e-type=\"section\">\n\t\t\t\t\t\t<div class=\"elementor-container elementor-column-gap-default\">\n\t\t\t\t\t<div class=\"elementor-column elementor-col-100 elementor-top-column elementor-element elementor-element-d35c1ec\" data-id=\"d35c1ec\" data-element_type=\"column\" data-e-type=\"column\">\n\t\t\t<div class=\"elementor-widget-wrap elementor-element-populated\">\n\t\t\t\t\t\t<div class=\"elementor-element elementor-element-89171da elementor-widget-divider--view-line elementor-widget elementor-widget-divider\" data-id=\"89171da\" data-element_type=\"widget\" data-e-type=\"widget\" data-widget_type=\"divider.default\">\n\t\t\t\t<div class=\"elementor-widget-container\">\n\t\t\t\t\t\t\t<div class=\"elementor-divider\">\n\t\t\t<span class=\"elementor-divider-separator\">\n\t\t\t\t\t\t<\/span>\n\t\t<\/div>\n\t\t\t\t\t\t<\/div>\n\t\t\t\t<\/div>\n\t\t\t\t\t<\/div>\n\t\t<\/div>\n\t\t\t\t\t<\/div>\n\t\t<\/section>\n\t\t\t\t<section class=\"elementor-section elementor-top-section elementor-element elementor-element-0e32b6c elementor-section-boxed elementor-section-height-default elementor-section-height-default\" data-id=\"0e32b6c\" data-element_type=\"section\" data-e-type=\"section\">\n\t\t\t\t\t\t<div class=\"elementor-container elementor-column-gap-default\">\n\t\t\t\t\t<div class=\"elementor-column elementor-col-100 elementor-top-column elementor-element elementor-element-7c753e3\" data-id=\"7c753e3\" data-element_type=\"column\" data-e-type=\"column\">\n\t\t\t<div class=\"elementor-widget-wrap elementor-element-populated\">\n\t\t\t\t\t\t<div class=\"elementor-element elementor-element-ea1c877 elementor-widget elementor-widget-text-editor\" data-id=\"ea1c877\" data-element_type=\"widget\" data-e-type=\"widget\" data-widget_type=\"text-editor.default\">\n\t\t\t\t<div class=\"elementor-widget-container\">\n\t\t\t\t\t\t\t\t\t<p><strong><span style=\"color: #003366;\">Estamos deseando darle la bienvenida personalmente en nuestro stand, mostrarle los yates en detalle y asesorarle en su proyecto individual de compra o alquiler. Descubra con nosotros c\u00f3mo Fountaine Pajot est\u00e1 redefiniendo el futuro de la navegaci\u00f3n.<\/span><\/strong><\/p>\t\t\t\t\t\t\t\t<\/div>\n\t\t\t\t<\/div>\n\t\t\t\t\t<\/div>\n\t\t<\/div>\n\t\t\t\t\t<\/div>\n\t\t<\/section>\n\t\t\t\t<section class=\"elementor-section elementor-top-section elementor-element elementor-element-63086ef elementor-section-boxed elementor-section-height-default elementor-section-height-default\" data-id=\"63086ef\" data-element_type=\"section\" data-e-type=\"section\">\n\t\t\t\t\t\t<div class=\"elementor-container elementor-column-gap-default\">\n\t\t\t\t\t<div class=\"elementor-column elementor-col-100 elementor-top-column elementor-element elementor-element-f43a14a\" data-id=\"f43a14a\" data-element_type=\"column\" data-e-type=\"column\">\n\t\t\t<div class=\"elementor-widget-wrap elementor-element-populated\">\n\t\t\t\t\t\t<div class=\"elementor-element elementor-element-3976bb0 elementor-align-center elementor-widget elementor-widget-button\" data-id=\"3976bb0\" data-element_type=\"widget\" data-e-type=\"widget\" data-widget_type=\"button.default\">\n\t\t\t\t<div class=\"elementor-widget-container\">\n\t\t\t\t\t\t\t\t\t<div class=\"elementor-button-wrapper\">\n\t\t\t\t\t<a class=\"elementor-button elementor-button-link elementor-size-sm\" href=\"mailto:info@yates-mallorca.com\">\n\t\t\t\t\t\t<span class=\"elementor-button-content-wrapper\">\n\t\t\t\t\t\t\t\t\t<span class=\"elementor-button-text\">\u00a1Concierte ahora su cita personal para visitarlo!<\/span>\n\t\t\t\t\t<\/span>\n\t\t\t\t\t<\/a>\n\t\t\t\t<\/div>\n\t\t\t\t\t\t\t\t<\/div>\n\t\t\t\t<\/div>\n\t\t\t\t\t<\/div>\n\t\t<\/div>\n\t\t\t\t\t<\/div>\n\t\t<\/section>\n\t\t\t\t<section class=\"elementor-section elementor-top-section elementor-element elementor-element-e0775e3 elementor-section-boxed elementor-section-height-default elementor-section-height-default\" data-id=\"e0775e3\" data-element_type=\"section\" data-e-type=\"section\">\n\t\t\t\t\t\t<div class=\"elementor-container elementor-column-gap-default\">\n\t\t\t\t\t<div class=\"elementor-column elementor-col-100 elementor-top-column elementor-element elementor-element-6e8b998\" data-id=\"6e8b998\" data-element_type=\"column\" data-e-type=\"column\">\n\t\t\t<div class=\"elementor-widget-wrap elementor-element-populated\">\n\t\t\t\t\t\t<div class=\"elementor-element elementor-element-b2d4fbf elementor-widget-divider--view-line elementor-widget elementor-widget-divider\" data-id=\"b2d4fbf\" data-element_type=\"widget\" data-e-type=\"widget\" data-widget_type=\"divider.default\">\n\t\t\t\t<div class=\"elementor-widget-container\">\n\t\t\t\t\t\t\t<div class=\"elementor-divider\">\n\t\t\t<span class=\"elementor-divider-separator\">\n\t\t\t\t\t\t<\/span>\n\t\t<\/div>\n\t\t\t\t\t\t<\/div>\n\t\t\t\t<\/div>\n\t\t\t\t\t<\/div>\n\t\t<\/div>\n\t\t\t\t\t<\/div>\n\t\t<\/section>\n\t\t\t\t<\/div>\n\t\t","protected":false},"excerpt":{"rendered":"<p>Barcelona, Espa\u00f1a Del 8 al 12 de octubre de 2025, estaremos presentes como distribuidor autorizado de Fountaine Pajot en el Sal\u00f3n N\u00e1utico Internacional de Barcelona 2025, en el Port Vell, y le invitamos cordialmente a visitarnos all\u00ed.Junto con Fountaine Pajot, le presentaremos las \u00faltimas novedades de la marca. Disfrute especialmente del nuevo FP41, que se [&hellip;]<\/p>\n","protected":false},"author":3,"featured_media":5710,"comment_status":"closed","ping_status":"closed","sticky":false,"template":"","format":"standard","meta":{"footnotes":""},"categories":[31],"tags":[],"class_list":["post-5728","post","type-post","status-publish","format-standard","has-post-thumbnail","hentry","category-noticias"],"_links":{"self":[{"href":"https:\/\/www.yates-mallorca-charter.de\/es\/wp-json\/wp\/v2\/posts\/5728","targetHints":{"allow":["GET"]}}],"collection":[{"href":"https:\/\/www.yates-mallorca-charter.de\/es\/wp-json\/wp\/v2\/posts"}],"about":[{"href":"https:\/\/www.yates-mallorca-charter.de\/es\/wp-json\/wp\/v2\/types\/post"}],"author":[{"embeddable":true,"href":"https:\/\/www.yates-mallorca-charter.de\/es\/wp-json\/wp\/v2\/users\/3"}],"replies":[{"embeddable":true,"href":"https:\/\/www.yates-mallorca-charter.de\/es\/wp-json\/wp\/v2\/comments?post=5728"}],"version-history":[{"count":4,"href":"https:\/\/www.yates-mallorca-charter.de\/es\/wp-json\/wp\/v2\/posts\/5728\/revisions"}],"predecessor-version":[{"id":5736,"href":"https:\/\/www.yates-mallorca-charter.de\/es\/wp-json\/wp\/v2\/posts\/5728\/revisions\/5736"}],"wp:featuredmedia":[{"embeddable":true,"href":"https:\/\/www.yates-mallorca-charter.de\/es\/wp-json\/wp\/v2\/media\/5710"}],"wp:attachment":[{"href":"https:\/\/www.yates-mallorca-charter.de\/es\/wp-json\/wp\/v2\/media?parent=5728"}],"wp:term":[{"taxonomy":"category","embeddable":true,"href":"https:\/\/www.yates-mallorca-charter.de\/es\/wp-json\/wp\/v2\/categories?post=5728"},{"taxonomy":"post_tag","embeddable":true,"href":"https:\/\/www.yates-mallorca-charter.de\/es\/wp-json\/wp\/v2\/tags?post=5728"}],"curies":[{"name":"wp","href":"https:\/\/api.w.org\/{rel}","templated":true}]}}