{"id":5957,"date":"2025-10-11T14:58:43","date_gmt":"2025-10-11T12:58:43","guid":{"rendered":"https:\/\/www.yates-mallorca-charter.de\/?p=5957"},"modified":"2026-08-07T16:56:21","modified_gmt":"2026-08-07T14:56:21","slug":"fountaine-pajot-fp44-catamaran-de-lujo-para-charter-con-confort-y-sostenibilidad","status":"publish","type":"post","link":"https:\/\/www.yates-mallorca-charter.de\/es\/charter-es\/catamaranes\/fountaine-pajot-fp44-catamaran-de-lujo-para-charter-con-confort-y-sostenibilidad\/","title":{"rendered":"Fountaine Pajot 44"},"content":{"rendered":"\t\t<div data-elementor-type=\"wp-post\" data-elementor-id=\"5957\" class=\"elementor elementor-5957 elementor-5857\" data-elementor-post-type=\"post\">\n\t\t\t\t\t\t<section class=\"elementor-section elementor-top-section elementor-element elementor-element-2995c8c0 elementor-section-boxed elementor-section-height-default elementor-section-height-default\" data-id=\"2995c8c0\" data-element_type=\"section\" data-e-type=\"section\" data-settings=\"{&quot;background_background&quot;:&quot;classic&quot;}\">\n\t\t\t\t\t\t<div class=\"elementor-container elementor-column-gap-default\">\n\t\t\t\t\t<div class=\"elementor-column elementor-col-100 elementor-top-column elementor-element elementor-element-387bc832\" data-id=\"387bc832\" data-element_type=\"column\" data-e-type=\"column\">\n\t\t\t<div class=\"elementor-widget-wrap elementor-element-populated\">\n\t\t\t\t\t\t<div class=\"elementor-element elementor-element-3f611e30 elementor-widget elementor-widget-heading\" data-id=\"3f611e30\" data-element_type=\"widget\" data-e-type=\"widget\" data-widget_type=\"heading.default\">\n\t\t\t\t<div class=\"elementor-widget-container\">\n\t\t\t\t\t<h1 class=\"elementor-heading-title elementor-size-default\">Fountaine Pajot 44<\/h1>\t\t\t\t<\/div>\n\t\t\t\t<\/div>\n\t\t\t\t\t<\/div>\n\t\t<\/div>\n\t\t\t\t\t<\/div>\n\t\t<\/section>\n\t\t\t\t<section class=\"elementor-section elementor-top-section elementor-element elementor-element-642fdf5c elementor-section-boxed elementor-section-height-default elementor-section-height-default\" data-id=\"642fdf5c\" data-element_type=\"section\" data-e-type=\"section\">\n\t\t\t\t\t\t<div class=\"elementor-container elementor-column-gap-default\">\n\t\t\t\t\t<div class=\"elementor-column elementor-col-50 elementor-top-column elementor-element elementor-element-65d9937\" data-id=\"65d9937\" data-element_type=\"column\" data-e-type=\"column\">\n\t\t\t<div class=\"elementor-widget-wrap elementor-element-populated\">\n\t\t\t\t\t\t<div class=\"elementor-element elementor-element-3b821f87 elementor-widget elementor-widget-image\" data-id=\"3b821f87\" data-element_type=\"widget\" data-e-type=\"widget\" data-widget_type=\"image.default\">\n\t\t\t\t<div class=\"elementor-widget-container\">\n\t\t\t\t\t\t\t\t\t\t\t\t\t\t\t<img loading=\"lazy\" decoding=\"async\" width=\"768\" height=\"576\" src=\"https:\/\/www.yates-mallorca-charter.de\/wp-content\/uploads\/2025\/10\/FP44-oben-2-768x576.jpg\" class=\"attachment-medium_large size-medium_large wp-image-5930\" alt=\"Un catamar\u00e1n de lujo navega por el mar\" srcset=\"https:\/\/www.yates-mallorca-charter.de\/wp-content\/uploads\/2025\/10\/FP44-oben-2-768x576.jpg 768w, https:\/\/www.yates-mallorca-charter.de\/wp-content\/uploads\/2025\/10\/FP44-oben-2-300x225.jpg 300w, https:\/\/www.yates-mallorca-charter.de\/wp-content\/uploads\/2025\/10\/FP44-oben-2.jpg 1024w\" sizes=\"auto, (max-width: 768px) 100vw, 768px\"  title=\"Fountaine Pajot 44\" \/>\t\t\t\t\t\t\t\t\t\t\t\t\t\t\t<\/div>\n\t\t\t\t<\/div>\n\t\t\t\t\t<\/div>\n\t\t<\/div>\n\t\t\t\t<div class=\"elementor-column elementor-col-50 elementor-top-column elementor-element elementor-element-efe5be1\" data-id=\"efe5be1\" data-element_type=\"column\" data-e-type=\"column\">\n\t\t\t<div class=\"elementor-widget-wrap elementor-element-populated\">\n\t\t\t\t\t\t<div class=\"elementor-element elementor-element-6d7da33d elementor-alert-info elementor-widget elementor-widget-alert\" data-id=\"6d7da33d\" data-element_type=\"widget\" data-e-type=\"widget\" data-widget_type=\"alert.default\">\n\t\t\t\t<div class=\"elementor-widget-container\">\n\t\t\t\t\t\t\t<div class=\"elementor-alert\" role=\"alert\">\n\n\t\t\t\t\t\t<span class=\"elementor-alert-title\">Destacados<\/span>\n\t\t\t\n\t\t\t\n\t\t\t\n\t\t<\/div>\n\t\t\t\t\t\t<\/div>\n\t\t\t\t<\/div>\n\t\t\t\t<div class=\"elementor-element elementor-element-13c6e931 elementor-icon-list--layout-traditional elementor-list-item-link-full_width elementor-widget elementor-widget-icon-list\" data-id=\"13c6e931\" data-element_type=\"widget\" data-e-type=\"widget\" data-widget_type=\"icon-list.default\">\n\t\t\t\t<div class=\"elementor-widget-container\">\n\t\t\t\t\t\t\t<ul class=\"elementor-icon-list-items\">\n\t\t\t\t\t\t\t<li class=\"elementor-icon-list-item\">\n\t\t\t\t\t\t\t\t\t\t\t<span class=\"elementor-icon-list-icon\">\n\t\t\t\t\t\t\t<i aria-hidden=\"true\" class=\"xlio ion-md-checkbox-outline\"><\/i>\t\t\t\t\t\t<\/span>\n\t\t\t\t\t\t\t\t\t\t<span class=\"elementor-icon-list-text\">8 literas \u2013 4 camarotes \u2013 4 aseos\/duchas<\/span>\n\t\t\t\t\t\t\t\t\t<\/li>\n\t\t\t\t\t\t\t\t<li class=\"elementor-icon-list-item\">\n\t\t\t\t\t\t\t\t\t\t\t<span class=\"elementor-icon-list-icon\">\n\t\t\t\t\t\t\t<i aria-hidden=\"true\" class=\"xlio ion-md-checkbox-outline\"><\/i>\t\t\t\t\t\t<\/span>\n\t\t\t\t\t\t\t\t\t\t<span class=\"elementor-icon-list-text\">Dise\u00f1o de espacio abierto con una isla central<\/span>\n\t\t\t\t\t\t\t\t\t<\/li>\n\t\t\t\t\t\t\t\t<li class=\"elementor-icon-list-item\">\n\t\t\t\t\t\t\t\t\t\t\t<span class=\"elementor-icon-list-icon\">\n\t\t\t\t\t\t\t<i aria-hidden=\"true\" class=\"xlio ion-md-checkbox-outline\"><\/i>\t\t\t\t\t\t<\/span>\n\t\t\t\t\t\t\t\t\t\t<span class=\"elementor-icon-list-text\">Parrilla con bar<\/span>\n\t\t\t\t\t\t\t\t\t<\/li>\n\t\t\t\t\t\t\t\t<li class=\"elementor-icon-list-item\">\n\t\t\t\t\t\t\t\t\t\t\t<span class=\"elementor-icon-list-icon\">\n\t\t\t\t\t\t\t<i aria-hidden=\"true\" class=\"xlio ion-md-checkbox-outline\"><\/i>\t\t\t\t\t\t<\/span>\n\t\t\t\t\t\t\t\t\t\t<span class=\"elementor-icon-list-text\">2.000 W de energ\u00eda solar<\/span>\n\t\t\t\t\t\t\t\t\t<\/li>\n\t\t\t\t\t\t<\/ul>\n\t\t\t\t\t\t<\/div>\n\t\t\t\t<\/div>\n\t\t\t\t<div class=\"elementor-element elementor-element-a975c9e elementor-align-center elementor-widget elementor-widget-button\" data-id=\"a975c9e\" data-element_type=\"widget\" data-e-type=\"widget\" data-widget_type=\"button.default\">\n\t\t\t\t<div class=\"elementor-widget-container\">\n\t\t\t\t\t\t\t\t\t<div class=\"elementor-button-wrapper\">\n\t\t\t\t\t<a class=\"elementor-button elementor-button-link elementor-size-sm\" href=\"#termine\">\n\t\t\t\t\t\t<span class=\"elementor-button-content-wrapper\">\n\t\t\t\t\t\t\t\t\t<span class=\"elementor-button-text\">Datos t\u00e9cnicos - Fechas disponibles<\/span>\n\t\t\t\t\t<\/span>\n\t\t\t\t\t<\/a>\n\t\t\t\t<\/div>\n\t\t\t\t\t\t\t\t<\/div>\n\t\t\t\t<\/div>\n\t\t\t\t\t<\/div>\n\t\t<\/div>\n\t\t\t\t\t<\/div>\n\t\t<\/section>\n\t\t\t\t<section class=\"elementor-section elementor-top-section elementor-element elementor-element-3414952 elementor-section-boxed elementor-section-height-default elementor-section-height-default\" data-id=\"3414952\" data-element_type=\"section\" data-e-type=\"section\">\n\t\t\t\t\t\t<div class=\"elementor-container elementor-column-gap-default\">\n\t\t\t\t\t<div class=\"elementor-column elementor-col-100 elementor-top-column elementor-element elementor-element-764351bd\" data-id=\"764351bd\" data-element_type=\"column\" data-e-type=\"column\">\n\t\t\t<div class=\"elementor-widget-wrap elementor-element-populated\">\n\t\t\t\t\t\t<div class=\"elementor-element elementor-element-70db44ad elementor-widget elementor-widget-heading\" data-id=\"70db44ad\" data-element_type=\"widget\" data-e-type=\"widget\" data-widget_type=\"heading.default\">\n\t\t\t\t<div class=\"elementor-widget-container\">\n\t\t\t\t\t<h2 class=\"elementor-heading-title elementor-size-default\">Descripci\u00f3n<\/h2>\t\t\t\t<\/div>\n\t\t\t\t<\/div>\n\t\t\t\t\t<\/div>\n\t\t<\/div>\n\t\t\t\t\t<\/div>\n\t\t<\/section>\n\t\t\t\t<section class=\"elementor-section elementor-top-section elementor-element elementor-element-25b5f676 elementor-section-boxed elementor-section-height-default elementor-section-height-default\" data-id=\"25b5f676\" data-element_type=\"section\" data-e-type=\"section\">\n\t\t\t\t\t\t<div class=\"elementor-container elementor-column-gap-default\">\n\t\t\t\t\t<div class=\"elementor-column elementor-col-100 elementor-top-column elementor-element elementor-element-48741972\" data-id=\"48741972\" data-element_type=\"column\" data-e-type=\"column\">\n\t\t\t<div class=\"elementor-widget-wrap elementor-element-populated\">\n\t\t\t\t\t\t<div class=\"elementor-element elementor-element-67328ee2 elementor-widget elementor-widget-text-editor\" data-id=\"67328ee2\" data-element_type=\"widget\" data-e-type=\"widget\" data-widget_type=\"text-editor.default\">\n\t\t\t\t<div class=\"elementor-widget-container\">\n\t\t\t\t\t\t\t\t\t<p><strong>Convivencia y alegr\u00eda de vivir a bordo<\/strong>: ese es el lema en cuanto subes a este catamar\u00e1n, dise\u00f1ado como una isla flotante de bienestar.<br \/>Cada detalle se ha dise\u00f1ado para que la tripulaci\u00f3n pueda disfrutar juntos de la navegaci\u00f3n.<br \/>En el mar, el FP44 destaca por su seguridad y rendimiento; fondeado, por su extraordinario confort.<\/p><p>La promesa de vivir de verdad la vida en el mar: comparte momentos inolvidables en un ambiente relajado, en total armon\u00eda con el oc\u00e9ano.<\/p><p>Su dise\u00f1o discreto pero potente, con una l\u00ednea de techo esbelta, elegantes ventanas en el casco y l\u00edneas limpias, es sin\u00f3nimo de eficiencia, equilibrio y estilo.<br \/>Desde el primer momento se nota la armon\u00eda: las amplias zonas de descanso en la cabina, en el flybridge y en la proa invitan a relajarse.<br \/>La probada disposici\u00f3n de doble puesto de mando garantiza una visibilidad \u00f3ptima y un manejo intuitivo.<\/p><p>Al igual que todos los nuevos modelos de Fountaine Pajot, el FP44 tambi\u00e9n puede equiparse, si lo deseas, con el sistema de propulsi\u00f3n el\u00e9ctrica ODSea+ y hasta 2.000 W de energ\u00eda solar, para que disfrutes de una navegaci\u00f3n sostenible, silenciosa y c\u00f3moda.<\/p><p><strong>Dise\u00f1o de espacio abierto con isla central<\/strong><br \/>El sal\u00f3n, ahora m\u00e1s amplio, ofrece a\u00fan m\u00e1s espacio y capacidad de almacenamiento. Una gran puerta corredera conecta el interior con el exterior, mientras que la isla de cocina central y un paso hacia la proa crean una sensaci\u00f3n de espacio di\u00e1fano y acogedor.<br \/>Haga el tiempo que haga, a bordo te sientes como en casa al instante. <\/p><p><strong>Pensado hasta el \u00faltimo detalle<\/strong><br \/>La posici\u00f3n elevada del puesto de mando te ofrece la mejor visibilidad y un control preciso al maniobrar, sin perder el contacto con la cabina y el flybridge.<br \/>Justo delante est\u00e1 el puesto de maniobras de velas, con una vista perfecta del aparejo para ajustar las velas f\u00e1cilmente.<\/p>\t\t\t\t\t\t\t\t<\/div>\n\t\t\t\t<\/div>\n\t\t\t\t\t<\/div>\n\t\t<\/div>\n\t\t\t\t\t<\/div>\n\t\t<\/section>\n\t\t\t\t<section class=\"elementor-section elementor-top-section elementor-element elementor-element-32c871d5 elementor-section-boxed elementor-section-height-default elementor-section-height-default\" data-id=\"32c871d5\" data-element_type=\"section\" data-e-type=\"section\">\n\t\t\t\t\t\t<div class=\"elementor-container elementor-column-gap-default\">\n\t\t\t\t\t<div class=\"elementor-column elementor-col-100 elementor-top-column elementor-element elementor-element-656f9392\" data-id=\"656f9392\" data-element_type=\"column\" data-e-type=\"column\">\n\t\t\t<div class=\"elementor-widget-wrap elementor-element-populated\">\n\t\t\t\t\t\t<div class=\"elementor-element elementor-element-61768697 elementor-widget elementor-widget-heading\" data-id=\"61768697\" data-element_type=\"widget\" data-e-type=\"widget\" data-widget_type=\"heading.default\">\n\t\t\t\t<div class=\"elementor-widget-container\">\n\t\t\t\t\t<h3 class=\"elementor-heading-title elementor-size-default\">EXTERIOR<\/h3>\t\t\t\t<\/div>\n\t\t\t\t<\/div>\n\t\t\t\t\t<\/div>\n\t\t<\/div>\n\t\t\t\t\t<\/div>\n\t\t<\/section>\n\t\t\t\t<section class=\"elementor-section elementor-top-section elementor-element elementor-element-3762e63c elementor-section-boxed elementor-section-height-default elementor-section-height-default\" data-id=\"3762e63c\" data-element_type=\"section\" data-e-type=\"section\">\n\t\t\t\t\t\t<div class=\"elementor-container elementor-column-gap-default\">\n\t\t\t\t\t<div class=\"elementor-column elementor-col-100 elementor-top-column elementor-element elementor-element-7c39c424\" data-id=\"7c39c424\" data-element_type=\"column\" data-e-type=\"column\">\n\t\t\t<div class=\"elementor-widget-wrap elementor-element-populated\">\n\t\t\t\t\t\t<div class=\"elementor-element elementor-element-222dc454 elementor-widget elementor-widget-gallery\" data-id=\"222dc454\" data-element_type=\"widget\" data-e-type=\"widget\" data-settings=\"{&quot;lazyload&quot;:&quot;yes&quot;,&quot;gallery_layout&quot;:&quot;grid&quot;,&quot;columns&quot;:4,&quot;columns_tablet&quot;:2,&quot;columns_mobile&quot;:1,&quot;gap&quot;:{&quot;unit&quot;:&quot;px&quot;,&quot;size&quot;:10,&quot;sizes&quot;:[]},&quot;gap_tablet&quot;:{&quot;unit&quot;:&quot;px&quot;,&quot;size&quot;:10,&quot;sizes&quot;:[]},&quot;gap_mobile&quot;:{&quot;unit&quot;:&quot;px&quot;,&quot;size&quot;:10,&quot;sizes&quot;:[]},&quot;link_to&quot;:&quot;file&quot;,&quot;aspect_ratio&quot;:&quot;3:2&quot;,&quot;overlay_background&quot;:&quot;yes&quot;,&quot;content_hover_animation&quot;:&quot;fade-in&quot;}\" data-widget_type=\"gallery.default\">\n\t\t\t\t<div class=\"elementor-widget-container\">\n\t\t\t\t\t\t\t<div class=\"elementor-gallery__container\">\n\t\t\t\t\t\t\t<a class=\"e-gallery-item elementor-gallery-item elementor-animated-content\" href=\"https:\/\/www.yates-mallorca-charter.de\/wp-content\/uploads\/2025\/10\/FP44-seite-2.jpg\" data-elementor-open-lightbox=\"yes\" data-elementor-lightbox-slideshow=\"222dc454\" data-elementor-lightbox-title=\"FP44-p\u00e1gina-2\" data-e-action-hash=\"#elementor-action%3Aaction%3Dlightbox%26settings%3DeyJpZCI6NTkzOSwidXJsIjoiaHR0cHM6XC9cL3d3dy55YXRlcy1tYWxsb3JjYS1jaGFydGVyLmRlXC93cC1jb250ZW50XC91cGxvYWRzXC8yMDI1XC8xMFwvRlA0NC1zZWl0ZS0yLmpwZyIsInNsaWRlc2hvdyI6IjIyMmRjNDU0In0%3D\">\n\t\t\t\t\t<div class=\"e-gallery-image elementor-gallery-item__image\" data-thumbnail=\"https:\/\/www.yates-mallorca-charter.de\/wp-content\/uploads\/2025\/10\/FP44-seite-2-768x576.jpg\" data-width=\"768\" data-height=\"576\" aria-label=\"Un lujoso catamar\u00e1n a vela en el agua\" role=\"img\" ><\/div>\n\t\t\t\t\t\t\t\t\t\t\t<div class=\"elementor-gallery-item__overlay\"><\/div>\n\t\t\t\t\t\t\t\t\t\t\t\t\t\t<\/a>\n\t\t\t\t\t\t\t<a class=\"e-gallery-item elementor-gallery-item elementor-animated-content\" href=\"https:\/\/www.yates-mallorca-charter.de\/wp-content\/uploads\/2025\/10\/FP44-seite-1.jpg\" data-elementor-open-lightbox=\"yes\" data-elementor-lightbox-slideshow=\"222dc454\" data-elementor-lightbox-title=\"FP44-p\u00e1gina-1\" data-e-action-hash=\"#elementor-action%3Aaction%3Dlightbox%26settings%3DeyJpZCI6NTkzNiwidXJsIjoiaHR0cHM6XC9cL3d3dy55YXRlcy1tYWxsb3JjYS1jaGFydGVyLmRlXC93cC1jb250ZW50XC91cGxvYWRzXC8yMDI1XC8xMFwvRlA0NC1zZWl0ZS0xLmpwZyIsInNsaWRlc2hvdyI6IjIyMmRjNDU0In0%3D\">\n\t\t\t\t\t<div class=\"e-gallery-image elementor-gallery-item__image\" data-thumbnail=\"https:\/\/www.yates-mallorca-charter.de\/wp-content\/uploads\/2025\/10\/FP44-seite-1-768x576.jpg\" data-width=\"768\" data-height=\"576\" aria-label=\"Segelboot auf dem Meer\" role=\"img\" ><\/div>\n\t\t\t\t\t\t\t\t\t\t\t<div class=\"elementor-gallery-item__overlay\"><\/div>\n\t\t\t\t\t\t\t\t\t\t\t\t\t\t<\/a>\n\t\t\t\t\t\t\t<a class=\"e-gallery-item elementor-gallery-item elementor-animated-content\" href=\"https:\/\/www.yates-mallorca-charter.de\/wp-content\/uploads\/2025\/10\/FP44-segel-1.jpg\" data-elementor-open-lightbox=\"yes\" data-elementor-lightbox-slideshow=\"222dc454\" data-elementor-lightbox-title=\"FP44-segel-1\" data-e-action-hash=\"#elementor-action%3Aaction%3Dlightbox%26settings%3DeyJpZCI6NTkzMywidXJsIjoiaHR0cHM6XC9cL3d3dy55YXRlcy1tYWxsb3JjYS1jaGFydGVyLmRlXC93cC1jb250ZW50XC91cGxvYWRzXC8yMDI1XC8xMFwvRlA0NC1zZWdlbC0xLmpwZyIsInNsaWRlc2hvdyI6IjIyMmRjNDU0In0%3D\">\n\t\t\t\t\t<div class=\"e-gallery-image elementor-gallery-item__image\" data-thumbnail=\"https:\/\/www.yates-mallorca-charter.de\/wp-content\/uploads\/2025\/10\/FP44-segel-1-768x576.jpg\" data-width=\"768\" data-height=\"576\" aria-label=\"Un lujoso catamar\u00e1n a vela navega\" role=\"img\" ><\/div>\n\t\t\t\t\t\t\t\t\t\t\t<div class=\"elementor-gallery-item__overlay\"><\/div>\n\t\t\t\t\t\t\t\t\t\t\t\t\t\t<\/a>\n\t\t\t\t\t\t\t<a class=\"e-gallery-item elementor-gallery-item elementor-animated-content\" href=\"https:\/\/www.yates-mallorca-charter.de\/wp-content\/uploads\/2025\/10\/FP44-oben-2.jpg\" data-elementor-open-lightbox=\"yes\" data-elementor-lightbox-slideshow=\"222dc454\" data-elementor-lightbox-title=\"FP44-arriba-2\" data-e-action-hash=\"#elementor-action%3Aaction%3Dlightbox%26settings%3DeyJpZCI6NTkzMCwidXJsIjoiaHR0cHM6XC9cL3d3dy55YXRlcy1tYWxsb3JjYS1jaGFydGVyLmRlXC93cC1jb250ZW50XC91cGxvYWRzXC8yMDI1XC8xMFwvRlA0NC1vYmVuLTIuanBnIiwic2xpZGVzaG93IjoiMjIyZGM0NTQifQ%3D%3D\">\n\t\t\t\t\t<div class=\"e-gallery-image elementor-gallery-item__image\" data-thumbnail=\"https:\/\/www.yates-mallorca-charter.de\/wp-content\/uploads\/2025\/10\/FP44-oben-2-768x576.jpg\" data-width=\"768\" data-height=\"576\" aria-label=\"Un catamar\u00e1n de lujo navega por el mar\" role=\"img\" ><\/div>\n\t\t\t\t\t\t\t\t\t\t\t<div class=\"elementor-gallery-item__overlay\"><\/div>\n\t\t\t\t\t\t\t\t\t\t\t\t\t\t<\/a>\n\t\t\t\t\t\t\t<a class=\"e-gallery-item elementor-gallery-item elementor-animated-content\" href=\"https:\/\/www.yates-mallorca-charter.de\/wp-content\/uploads\/2025\/10\/FP44-oben-1.jpg\" data-elementor-open-lightbox=\"yes\" data-elementor-lightbox-slideshow=\"222dc454\" data-elementor-lightbox-title=\"FP44-arriba-1\" data-e-action-hash=\"#elementor-action%3Aaction%3Dlightbox%26settings%3DeyJpZCI6NTkyNywidXJsIjoiaHR0cHM6XC9cL3d3dy55YXRlcy1tYWxsb3JjYS1jaGFydGVyLmRlXC93cC1jb250ZW50XC91cGxvYWRzXC8yMDI1XC8xMFwvRlA0NC1vYmVuLTEuanBnIiwic2xpZGVzaG93IjoiMjIyZGM0NTQifQ%3D%3D\">\n\t\t\t\t\t<div class=\"e-gallery-image elementor-gallery-item__image\" data-thumbnail=\"https:\/\/www.yates-mallorca-charter.de\/wp-content\/uploads\/2025\/10\/FP44-oben-1-768x576.jpg\" data-width=\"768\" data-height=\"576\" aria-label=\"Un catamar\u00e1n a vela navega sobre el agua\" role=\"img\" ><\/div>\n\t\t\t\t\t\t\t\t\t\t\t<div class=\"elementor-gallery-item__overlay\"><\/div>\n\t\t\t\t\t\t\t\t\t\t\t\t\t\t<\/a>\n\t\t\t\t\t\t\t<a class=\"e-gallery-item elementor-gallery-item elementor-animated-content\" href=\"https:\/\/www.yates-mallorca-charter.de\/wp-content\/uploads\/2025\/10\/FP44-detail-2.jpg\" data-elementor-open-lightbox=\"yes\" data-elementor-lightbox-slideshow=\"222dc454\" data-elementor-lightbox-title=\"FP44-detalle-2\" data-e-action-hash=\"#elementor-action%3Aaction%3Dlightbox%26settings%3DeyJpZCI6NTg4OCwidXJsIjoiaHR0cHM6XC9cL3d3dy55YXRlcy1tYWxsb3JjYS1jaGFydGVyLmRlXC93cC1jb250ZW50XC91cGxvYWRzXC8yMDI1XC8xMFwvRlA0NC1kZXRhaWwtMi5qcGciLCJzbGlkZXNob3ciOiIyMjJkYzQ1NCJ9\">\n\t\t\t\t\t<div class=\"e-gallery-image elementor-gallery-item__image\" data-thumbnail=\"https:\/\/www.yates-mallorca-charter.de\/wp-content\/uploads\/2025\/10\/FP44-detail-2-768x576.jpg\" data-width=\"768\" data-height=\"576\" aria-label=\"Yate de lujo con flotadores\" role=\"img\" ><\/div>\n\t\t\t\t\t\t\t\t\t\t\t<div class=\"elementor-gallery-item__overlay\"><\/div>\n\t\t\t\t\t\t\t\t\t\t\t\t\t\t<\/a>\n\t\t\t\t\t\t\t<a class=\"e-gallery-item elementor-gallery-item elementor-animated-content\" href=\"https:\/\/www.yates-mallorca-charter.de\/wp-content\/uploads\/2025\/10\/FP44-detail-3.jpg\" data-elementor-open-lightbox=\"yes\" data-elementor-lightbox-slideshow=\"222dc454\" data-elementor-lightbox-title=\"FP44-detalle-3\" data-e-action-hash=\"#elementor-action%3Aaction%3Dlightbox%26settings%3DeyJpZCI6NTg5MSwidXJsIjoiaHR0cHM6XC9cL3d3dy55YXRlcy1tYWxsb3JjYS1jaGFydGVyLmRlXC93cC1jb250ZW50XC91cGxvYWRzXC8yMDI1XC8xMFwvRlA0NC1kZXRhaWwtMy5qcGciLCJzbGlkZXNob3ciOiIyMjJkYzQ1NCJ9\">\n\t\t\t\t\t<div class=\"e-gallery-image elementor-gallery-item__image\" data-thumbnail=\"https:\/\/www.yates-mallorca-charter.de\/wp-content\/uploads\/2025\/10\/FP44-detail-3-768x576.jpg\" data-width=\"768\" data-height=\"576\" aria-label=\"Una mujer tumbada en un yate\" role=\"img\" ><\/div>\n\t\t\t\t\t\t\t\t\t\t\t<div class=\"elementor-gallery-item__overlay\"><\/div>\n\t\t\t\t\t\t\t\t\t\t\t\t\t\t<\/a>\n\t\t\t\t\t\t\t<a class=\"e-gallery-item elementor-gallery-item elementor-animated-content\" href=\"https:\/\/www.yates-mallorca-charter.de\/wp-content\/uploads\/2025\/10\/FP44-detail-4.jpg\" data-elementor-open-lightbox=\"yes\" data-elementor-lightbox-slideshow=\"222dc454\" data-elementor-lightbox-title=\"FP44-detalle-4\" data-e-action-hash=\"#elementor-action%3Aaction%3Dlightbox%26settings%3DeyJpZCI6NTg5NCwidXJsIjoiaHR0cHM6XC9cL3d3dy55YXRlcy1tYWxsb3JjYS1jaGFydGVyLmRlXC93cC1jb250ZW50XC91cGxvYWRzXC8yMDI1XC8xMFwvRlA0NC1kZXRhaWwtNC5qcGciLCJzbGlkZXNob3ciOiIyMjJkYzQ1NCJ9\">\n\t\t\t\t\t<div class=\"e-gallery-image elementor-gallery-item__image\" data-thumbnail=\"https:\/\/www.yates-mallorca-charter.de\/wp-content\/uploads\/2025\/10\/FP44-detail-4-768x576.jpg\" data-width=\"768\" data-height=\"576\" aria-label=\"Una mujer tumbada en un yate\" role=\"img\" ><\/div>\n\t\t\t\t\t\t\t\t\t\t\t<div class=\"elementor-gallery-item__overlay\"><\/div>\n\t\t\t\t\t\t\t\t\t\t\t\t\t\t<\/a>\n\t\t\t\t\t\t\t<a class=\"e-gallery-item elementor-gallery-item elementor-animated-content\" href=\"https:\/\/www.yates-mallorca-charter.de\/wp-content\/uploads\/2025\/10\/FP44-detail-5.jpg\" data-elementor-open-lightbox=\"yes\" data-elementor-lightbox-slideshow=\"222dc454\" data-elementor-lightbox-title=\"FP44-detalle-5\" data-e-action-hash=\"#elementor-action%3Aaction%3Dlightbox%26settings%3DeyJpZCI6NTg5NywidXJsIjoiaHR0cHM6XC9cL3d3dy55YXRlcy1tYWxsb3JjYS1jaGFydGVyLmRlXC93cC1jb250ZW50XC91cGxvYWRzXC8yMDI1XC8xMFwvRlA0NC1kZXRhaWwtNS5qcGciLCJzbGlkZXNob3ciOiIyMjJkYzQ1NCJ9\">\n\t\t\t\t\t<div class=\"e-gallery-image elementor-gallery-item__image\" data-thumbnail=\"https:\/\/www.yates-mallorca-charter.de\/wp-content\/uploads\/2025\/10\/FP44-detail-5-768x576.jpg\" data-width=\"768\" data-height=\"576\" aria-label=\"Una lujosa experiencia de navegaci\u00f3n en catamar\u00e1n\" role=\"img\" ><\/div>\n\t\t\t\t\t\t\t\t\t\t\t<div class=\"elementor-gallery-item__overlay\"><\/div>\n\t\t\t\t\t\t\t\t\t\t\t\t\t\t<\/a>\n\t\t\t\t\t\t\t<a class=\"e-gallery-item elementor-gallery-item elementor-animated-content\" href=\"https:\/\/www.yates-mallorca-charter.de\/wp-content\/uploads\/2025\/10\/FP44-detail-6.jpg\" data-elementor-open-lightbox=\"yes\" data-elementor-lightbox-slideshow=\"222dc454\" data-elementor-lightbox-title=\"FP44-detalle-6\" data-e-action-hash=\"#elementor-action%3Aaction%3Dlightbox%26settings%3DeyJpZCI6NTkwMCwidXJsIjoiaHR0cHM6XC9cL3d3dy55YXRlcy1tYWxsb3JjYS1jaGFydGVyLmRlXC93cC1jb250ZW50XC91cGxvYWRzXC8yMDI1XC8xMFwvRlA0NC1kZXRhaWwtNi5qcGciLCJzbGlkZXNob3ciOiIyMjJkYzQ1NCJ9\">\n\t\t\t\t\t<div class=\"e-gallery-image elementor-gallery-item__image\" data-thumbnail=\"https:\/\/www.yates-mallorca-charter.de\/wp-content\/uploads\/2025\/10\/FP44-detail-6-768x576.jpg\" data-width=\"768\" data-height=\"576\" aria-label=\"Un hombre al tim\u00f3n de una embarcaci\u00f3n\" role=\"img\" ><\/div>\n\t\t\t\t\t\t\t\t\t\t\t<div class=\"elementor-gallery-item__overlay\"><\/div>\n\t\t\t\t\t\t\t\t\t\t\t\t\t\t<\/a>\n\t\t\t\t\t\t\t<a class=\"e-gallery-item elementor-gallery-item elementor-animated-content\" href=\"https:\/\/www.yates-mallorca-charter.de\/wp-content\/uploads\/2025\/10\/FP44-detail-7.jpg\" data-elementor-open-lightbox=\"yes\" data-elementor-lightbox-slideshow=\"222dc454\" data-elementor-lightbox-title=\"FP44-detalle-7\" data-e-action-hash=\"#elementor-action%3Aaction%3Dlightbox%26settings%3DeyJpZCI6NTkwMywidXJsIjoiaHR0cHM6XC9cL3d3dy55YXRlcy1tYWxsb3JjYS1jaGFydGVyLmRlXC93cC1jb250ZW50XC91cGxvYWRzXC8yMDI1XC8xMFwvRlA0NC1kZXRhaWwtNy5qcGciLCJzbGlkZXNob3ciOiIyMjJkYzQ1NCJ9\">\n\t\t\t\t\t<div class=\"e-gallery-image elementor-gallery-item__image\" data-thumbnail=\"https:\/\/www.yates-mallorca-charter.de\/wp-content\/uploads\/2025\/10\/FP44-detail-7-768x576.jpg\" data-width=\"768\" data-height=\"576\" aria-label=\"Navegar con amigos\" role=\"img\" ><\/div>\n\t\t\t\t\t\t\t\t\t\t\t<div class=\"elementor-gallery-item__overlay\"><\/div>\n\t\t\t\t\t\t\t\t\t\t\t\t\t\t<\/a>\n\t\t\t\t\t\t\t<a class=\"e-gallery-item elementor-gallery-item elementor-animated-content\" href=\"https:\/\/www.yates-mallorca-charter.de\/wp-content\/uploads\/2025\/10\/FP44-detail-8.jpg\" data-elementor-open-lightbox=\"yes\" data-elementor-lightbox-slideshow=\"222dc454\" data-elementor-lightbox-title=\"FP44-detalle-8\" data-e-action-hash=\"#elementor-action%3Aaction%3Dlightbox%26settings%3DeyJpZCI6NTkwNiwidXJsIjoiaHR0cHM6XC9cL3d3dy55YXRlcy1tYWxsb3JjYS1jaGFydGVyLmRlXC93cC1jb250ZW50XC91cGxvYWRzXC8yMDI1XC8xMFwvRlA0NC1kZXRhaWwtOC5qcGciLCJzbGlkZXNob3ciOiIyMjJkYzQ1NCJ9\">\n\t\t\t\t\t<div class=\"e-gallery-image elementor-gallery-item__image\" data-thumbnail=\"https:\/\/www.yates-mallorca-charter.de\/wp-content\/uploads\/2025\/10\/FP44-detail-8-768x576.jpg\" data-width=\"768\" data-height=\"576\" aria-label=\"Un hombre navega en un velero\" role=\"img\" ><\/div>\n\t\t\t\t\t\t\t\t\t\t\t<div class=\"elementor-gallery-item__overlay\"><\/div>\n\t\t\t\t\t\t\t\t\t\t\t\t\t\t<\/a>\n\t\t\t\t\t\t\t<a class=\"e-gallery-item elementor-gallery-item elementor-animated-content\" href=\"https:\/\/www.yates-mallorca-charter.de\/wp-content\/uploads\/2025\/10\/FP44-hinten-1.jpg\" data-elementor-open-lightbox=\"yes\" data-elementor-lightbox-slideshow=\"222dc454\" data-elementor-lightbox-title=\"FP44-trasero-1\" data-e-action-hash=\"#elementor-action%3Aaction%3Dlightbox%26settings%3DeyJpZCI6NTkwOSwidXJsIjoiaHR0cHM6XC9cL3d3dy55YXRlcy1tYWxsb3JjYS1jaGFydGVyLmRlXC93cC1jb250ZW50XC91cGxvYWRzXC8yMDI1XC8xMFwvRlA0NC1oaW50ZW4tMS5qcGciLCJzbGlkZXNob3ciOiIyMjJkYzQ1NCJ9\">\n\t\t\t\t\t<div class=\"e-gallery-image elementor-gallery-item__image\" data-thumbnail=\"https:\/\/www.yates-mallorca-charter.de\/wp-content\/uploads\/2025\/10\/FP44-hinten-1-768x576.jpg\" data-width=\"768\" data-height=\"576\" aria-label=\"Un catamar\u00e1n de lujo navega por el mar\" role=\"img\" ><\/div>\n\t\t\t\t\t\t\t\t\t\t\t<div class=\"elementor-gallery-item__overlay\"><\/div>\n\t\t\t\t\t\t\t\t\t\t\t\t\t\t<\/a>\n\t\t\t\t\t\t\t<a class=\"e-gallery-item elementor-gallery-item elementor-animated-content\" href=\"https:\/\/www.yates-mallorca-charter.de\/wp-content\/uploads\/2025\/10\/FP44-detail-1.jpg\" data-elementor-open-lightbox=\"yes\" data-elementor-lightbox-slideshow=\"222dc454\" data-elementor-lightbox-title=\"FP44-detalle-1\" data-e-action-hash=\"#elementor-action%3Aaction%3Dlightbox%26settings%3DeyJpZCI6NTg4NSwidXJsIjoiaHR0cHM6XC9cL3d3dy55YXRlcy1tYWxsb3JjYS1jaGFydGVyLmRlXC93cC1jb250ZW50XC91cGxvYWRzXC8yMDI1XC8xMFwvRlA0NC1kZXRhaWwtMS5qcGciLCJzbGlkZXNob3ciOiIyMjJkYzQ1NCJ9\">\n\t\t\t\t\t<div class=\"e-gallery-image elementor-gallery-item__image\" data-thumbnail=\"https:\/\/www.yates-mallorca-charter.de\/wp-content\/uploads\/2025\/10\/FP44-detail-1-768x576.jpg\" data-width=\"768\" data-height=\"576\" aria-label=\"Catamaranes de lujo en el mar\" role=\"img\" ><\/div>\n\t\t\t\t\t\t\t\t\t\t\t<div class=\"elementor-gallery-item__overlay\"><\/div>\n\t\t\t\t\t\t\t\t\t\t\t\t\t\t<\/a>\n\t\t\t\t\t\t\t<a class=\"e-gallery-item elementor-gallery-item elementor-animated-content\" href=\"https:\/\/www.yates-mallorca-charter.de\/wp-content\/uploads\/2025\/10\/FP44-cockpit-salon-9.jpg\" data-elementor-open-lightbox=\"yes\" data-elementor-lightbox-slideshow=\"222dc454\" data-elementor-lightbox-title=\"FP44-cabina-sal\u00f3n-9\" data-e-action-hash=\"#elementor-action%3Aaction%3Dlightbox%26settings%3DeyJpZCI6NTg4MiwidXJsIjoiaHR0cHM6XC9cL3d3dy55YXRlcy1tYWxsb3JjYS1jaGFydGVyLmRlXC93cC1jb250ZW50XC91cGxvYWRzXC8yMDI1XC8xMFwvRlA0NC1jb2NrcGl0LXNhbG9uLTkuanBnIiwic2xpZGVzaG93IjoiMjIyZGM0NTQifQ%3D%3D\">\n\t\t\t\t\t<div class=\"e-gallery-image elementor-gallery-item__image\" data-thumbnail=\"https:\/\/www.yates-mallorca-charter.de\/wp-content\/uploads\/2025\/10\/FP44-cockpit-salon-9-768x576.jpg\" data-width=\"768\" data-height=\"576\" aria-label=\"Una mujer hace una barbacoa en un barco\" role=\"img\" ><\/div>\n\t\t\t\t\t\t\t\t\t\t\t<div class=\"elementor-gallery-item__overlay\"><\/div>\n\t\t\t\t\t\t\t\t\t\t\t\t\t\t<\/a>\n\t\t\t\t\t\t\t<a class=\"e-gallery-item elementor-gallery-item elementor-animated-content\" href=\"https:\/\/www.yates-mallorca-charter.de\/wp-content\/uploads\/2025\/10\/FP44-cockpit-salon-7.jpg\" data-elementor-open-lightbox=\"yes\" data-elementor-lightbox-slideshow=\"222dc454\" data-elementor-lightbox-title=\"FP44-cabina-sal\u00f3n-7\" data-e-action-hash=\"#elementor-action%3Aaction%3Dlightbox%26settings%3DeyJpZCI6NTg3NiwidXJsIjoiaHR0cHM6XC9cL3d3dy55YXRlcy1tYWxsb3JjYS1jaGFydGVyLmRlXC93cC1jb250ZW50XC91cGxvYWRzXC8yMDI1XC8xMFwvRlA0NC1jb2NrcGl0LXNhbG9uLTcuanBnIiwic2xpZGVzaG93IjoiMjIyZGM0NTQifQ%3D%3D\">\n\t\t\t\t\t<div class=\"e-gallery-image elementor-gallery-item__image\" data-thumbnail=\"https:\/\/www.yates-mallorca-charter.de\/wp-content\/uploads\/2025\/10\/FP44-cockpit-salon-7-768x576.jpg\" data-width=\"768\" data-height=\"576\" aria-label=\"Una pareja relaj\u00e1ndose en un yate\" role=\"img\" ><\/div>\n\t\t\t\t\t\t\t\t\t\t\t<div class=\"elementor-gallery-item__overlay\"><\/div>\n\t\t\t\t\t\t\t\t\t\t\t\t\t\t<\/a>\n\t\t\t\t\t\t\t<a class=\"e-gallery-item elementor-gallery-item elementor-animated-content\" href=\"https:\/\/www.yates-mallorca-charter.de\/wp-content\/uploads\/2025\/10\/FP44-cockpit-salon-5.jpg\" data-elementor-open-lightbox=\"yes\" data-elementor-lightbox-slideshow=\"222dc454\" data-elementor-lightbox-title=\"FP44-cabina-sal\u00f3n-5\" data-e-action-hash=\"#elementor-action%3Aaction%3Dlightbox%26settings%3DeyJpZCI6NTg3MywidXJsIjoiaHR0cHM6XC9cL3d3dy55YXRlcy1tYWxsb3JjYS1jaGFydGVyLmRlXC93cC1jb250ZW50XC91cGxvYWRzXC8yMDI1XC8xMFwvRlA0NC1jb2NrcGl0LXNhbG9uLTUuanBnIiwic2xpZGVzaG93IjoiMjIyZGM0NTQifQ%3D%3D\">\n\t\t\t\t\t<div class=\"e-gallery-image elementor-gallery-item__image\" data-thumbnail=\"https:\/\/www.yates-mallorca-charter.de\/wp-content\/uploads\/2025\/10\/FP44-cockpit-salon-5-768x576.jpg\" data-width=\"768\" data-height=\"576\" aria-label=\"Una familia se relaja en un yate\" role=\"img\" ><\/div>\n\t\t\t\t\t\t\t\t\t\t\t<div class=\"elementor-gallery-item__overlay\"><\/div>\n\t\t\t\t\t\t\t\t\t\t\t\t\t\t<\/a>\n\t\t\t\t\t<\/div>\n\t\t\t\t\t<\/div>\n\t\t\t\t<\/div>\n\t\t\t\t\t<\/div>\n\t\t<\/div>\n\t\t\t\t\t<\/div>\n\t\t<\/section>\n\t\t\t\t<section class=\"elementor-section elementor-top-section elementor-element elementor-element-3c0c3e52 elementor-section-boxed elementor-section-height-default elementor-section-height-default\" data-id=\"3c0c3e52\" data-element_type=\"section\" data-e-type=\"section\">\n\t\t\t\t\t\t<div class=\"elementor-container elementor-column-gap-default\">\n\t\t\t\t\t<div class=\"elementor-column elementor-col-100 elementor-top-column elementor-element elementor-element-6a6d38c\" data-id=\"6a6d38c\" data-element_type=\"column\" data-e-type=\"column\">\n\t\t\t<div class=\"elementor-widget-wrap elementor-element-populated\">\n\t\t\t\t\t\t<div class=\"elementor-element elementor-element-76a7b8c4 elementor-widget elementor-widget-heading\" data-id=\"76a7b8c4\" data-element_type=\"widget\" data-e-type=\"widget\" data-widget_type=\"heading.default\">\n\t\t\t\t<div class=\"elementor-widget-container\">\n\t\t\t\t\t<h3 class=\"elementor-heading-title elementor-size-default\">INTERIOR<\/h3>\t\t\t\t<\/div>\n\t\t\t\t<\/div>\n\t\t\t\t\t<\/div>\n\t\t<\/div>\n\t\t\t\t\t<\/div>\n\t\t<\/section>\n\t\t\t\t<section class=\"elementor-section elementor-top-section elementor-element elementor-element-20c98298 elementor-section-boxed elementor-section-height-default elementor-section-height-default\" data-id=\"20c98298\" data-element_type=\"section\" data-e-type=\"section\">\n\t\t\t\t\t\t<div class=\"elementor-container elementor-column-gap-default\">\n\t\t\t\t\t<div class=\"elementor-column elementor-col-100 elementor-top-column elementor-element elementor-element-5a37f3bd\" data-id=\"5a37f3bd\" data-element_type=\"column\" data-e-type=\"column\">\n\t\t\t<div class=\"elementor-widget-wrap elementor-element-populated\">\n\t\t\t\t\t\t<div class=\"elementor-element elementor-element-62446513 elementor-widget elementor-widget-gallery\" data-id=\"62446513\" data-element_type=\"widget\" data-e-type=\"widget\" data-settings=\"{&quot;lazyload&quot;:&quot;yes&quot;,&quot;gallery_layout&quot;:&quot;grid&quot;,&quot;columns&quot;:4,&quot;columns_tablet&quot;:2,&quot;columns_mobile&quot;:1,&quot;gap&quot;:{&quot;unit&quot;:&quot;px&quot;,&quot;size&quot;:10,&quot;sizes&quot;:[]},&quot;gap_tablet&quot;:{&quot;unit&quot;:&quot;px&quot;,&quot;size&quot;:10,&quot;sizes&quot;:[]},&quot;gap_mobile&quot;:{&quot;unit&quot;:&quot;px&quot;,&quot;size&quot;:10,&quot;sizes&quot;:[]},&quot;link_to&quot;:&quot;file&quot;,&quot;aspect_ratio&quot;:&quot;3:2&quot;,&quot;overlay_background&quot;:&quot;yes&quot;,&quot;content_hover_animation&quot;:&quot;fade-in&quot;}\" data-widget_type=\"gallery.default\">\n\t\t\t\t<div class=\"elementor-widget-container\">\n\t\t\t\t\t\t\t<div class=\"elementor-gallery__container\">\n\t\t\t\t\t\t\t<a class=\"e-gallery-item elementor-gallery-item elementor-animated-content\" href=\"https:\/\/www.yates-mallorca-charter.de\/wp-content\/uploads\/2025\/10\/FP44-innen-5.jpg\" data-elementor-open-lightbox=\"yes\" data-elementor-lightbox-slideshow=\"62446513\" data-elementor-lightbox-title=\"FP44-interior-5\" data-e-action-hash=\"#elementor-action%3Aaction%3Dlightbox%26settings%3DeyJpZCI6NTkyNCwidXJsIjoiaHR0cHM6XC9cL3d3dy55YXRlcy1tYWxsb3JjYS1jaGFydGVyLmRlXC93cC1jb250ZW50XC91cGxvYWRzXC8yMDI1XC8xMFwvRlA0NC1pbm5lbi01LmpwZyIsInNsaWRlc2hvdyI6IjYyNDQ2NTEzIn0%3D\">\n\t\t\t\t\t<div class=\"e-gallery-image elementor-gallery-item__image\" data-thumbnail=\"https:\/\/www.yates-mallorca-charter.de\/wp-content\/uploads\/2025\/10\/FP44-innen-5-768x576.jpg\" data-width=\"768\" data-height=\"576\" aria-label=\"Un hombre est\u00e1 trabajando con el port\u00e1til\" role=\"img\" ><\/div>\n\t\t\t\t\t\t\t\t\t\t\t<div class=\"elementor-gallery-item__overlay\"><\/div>\n\t\t\t\t\t\t\t\t\t\t\t\t\t\t<\/a>\n\t\t\t\t\t\t\t<a class=\"e-gallery-item elementor-gallery-item elementor-animated-content\" href=\"https:\/\/www.yates-mallorca-charter.de\/wp-content\/uploads\/2025\/10\/FP44-innen-4.jpg\" data-elementor-open-lightbox=\"yes\" data-elementor-lightbox-slideshow=\"62446513\" data-elementor-lightbox-title=\"FP44-interior-4\" data-e-action-hash=\"#elementor-action%3Aaction%3Dlightbox%26settings%3DeyJpZCI6NTkyMSwidXJsIjoiaHR0cHM6XC9cL3d3dy55YXRlcy1tYWxsb3JjYS1jaGFydGVyLmRlXC93cC1jb250ZW50XC91cGxvYWRzXC8yMDI1XC8xMFwvRlA0NC1pbm5lbi00LmpwZyIsInNsaWRlc2hvdyI6IjYyNDQ2NTEzIn0%3D\">\n\t\t\t\t\t<div class=\"e-gallery-image elementor-gallery-item__image\" data-thumbnail=\"https:\/\/www.yates-mallorca-charter.de\/wp-content\/uploads\/2025\/10\/FP44-innen-4-768x576.jpg\" data-width=\"768\" data-height=\"576\" aria-label=\"Dormitorio en un barco\" role=\"img\" ><\/div>\n\t\t\t\t\t\t\t\t\t\t\t<div class=\"elementor-gallery-item__overlay\"><\/div>\n\t\t\t\t\t\t\t\t\t\t\t\t\t\t<\/a>\n\t\t\t\t\t\t\t<a class=\"e-gallery-item elementor-gallery-item elementor-animated-content\" href=\"https:\/\/www.yates-mallorca-charter.de\/wp-content\/uploads\/2025\/10\/FP44-innen-3.jpg\" data-elementor-open-lightbox=\"yes\" data-elementor-lightbox-slideshow=\"62446513\" data-elementor-lightbox-title=\"FP44-interior-3\" data-e-action-hash=\"#elementor-action%3Aaction%3Dlightbox%26settings%3DeyJpZCI6NTkxOCwidXJsIjoiaHR0cHM6XC9cL3d3dy55YXRlcy1tYWxsb3JjYS1jaGFydGVyLmRlXC93cC1jb250ZW50XC91cGxvYWRzXC8yMDI1XC8xMFwvRlA0NC1pbm5lbi0zLmpwZyIsInNsaWRlc2hvdyI6IjYyNDQ2NTEzIn0%3D\">\n\t\t\t\t\t<div class=\"e-gallery-image elementor-gallery-item__image\" data-thumbnail=\"https:\/\/www.yates-mallorca-charter.de\/wp-content\/uploads\/2025\/10\/FP44-innen-3-768x576.jpg\" data-width=\"768\" data-height=\"576\" aria-label=\"Ba\u00f1o y dormitorio de un yate\" role=\"img\" ><\/div>\n\t\t\t\t\t\t\t\t\t\t\t<div class=\"elementor-gallery-item__overlay\"><\/div>\n\t\t\t\t\t\t\t\t\t\t\t\t\t\t<\/a>\n\t\t\t\t\t\t\t<a class=\"e-gallery-item elementor-gallery-item elementor-animated-content\" href=\"https:\/\/www.yates-mallorca-charter.de\/wp-content\/uploads\/2025\/10\/FP44-innen-2.jpg\" data-elementor-open-lightbox=\"yes\" data-elementor-lightbox-slideshow=\"62446513\" data-elementor-lightbox-title=\"FP44-interior-2\" data-e-action-hash=\"#elementor-action%3Aaction%3Dlightbox%26settings%3DeyJpZCI6NTkxNSwidXJsIjoiaHR0cHM6XC9cL3d3dy55YXRlcy1tYWxsb3JjYS1jaGFydGVyLmRlXC93cC1jb250ZW50XC91cGxvYWRzXC8yMDI1XC8xMFwvRlA0NC1pbm5lbi0yLmpwZyIsInNsaWRlc2hvdyI6IjYyNDQ2NTEzIn0%3D\">\n\t\t\t\t\t<div class=\"e-gallery-image elementor-gallery-item__image\" data-thumbnail=\"https:\/\/www.yates-mallorca-charter.de\/wp-content\/uploads\/2025\/10\/FP44-innen-2-768x576.jpg\" data-width=\"768\" data-height=\"576\" aria-label=\"Habitaci\u00f3n de lujo en un yate\" role=\"img\" ><\/div>\n\t\t\t\t\t\t\t\t\t\t\t<div class=\"elementor-gallery-item__overlay\"><\/div>\n\t\t\t\t\t\t\t\t\t\t\t\t\t\t<\/a>\n\t\t\t\t\t\t\t<a class=\"e-gallery-item elementor-gallery-item elementor-animated-content\" href=\"https:\/\/www.yates-mallorca-charter.de\/wp-content\/uploads\/2025\/10\/FP44-innen-1.jpg\" data-elementor-open-lightbox=\"yes\" data-elementor-lightbox-slideshow=\"62446513\" data-elementor-lightbox-title=\"FP44-interna-1\" data-e-action-hash=\"#elementor-action%3Aaction%3Dlightbox%26settings%3DeyJpZCI6NTkxMiwidXJsIjoiaHR0cHM6XC9cL3d3dy55YXRlcy1tYWxsb3JjYS1jaGFydGVyLmRlXC93cC1jb250ZW50XC91cGxvYWRzXC8yMDI1XC8xMFwvRlA0NC1pbm5lbi0xLmpwZyIsInNsaWRlc2hvdyI6IjYyNDQ2NTEzIn0%3D\">\n\t\t\t\t\t<div class=\"e-gallery-image elementor-gallery-item__image\" data-thumbnail=\"https:\/\/www.yates-mallorca-charter.de\/wp-content\/uploads\/2025\/10\/FP44-innen-1-768x576.jpg\" data-width=\"768\" data-height=\"576\" aria-label=\"Un dormitorio de lujo en un yate\" role=\"img\" ><\/div>\n\t\t\t\t\t\t\t\t\t\t\t<div class=\"elementor-gallery-item__overlay\"><\/div>\n\t\t\t\t\t\t\t\t\t\t\t\t\t\t<\/a>\n\t\t\t\t\t\t\t<a class=\"e-gallery-item elementor-gallery-item elementor-animated-content\" href=\"https:\/\/www.yates-mallorca-charter.de\/wp-content\/uploads\/2025\/10\/FP44-cockpit-salon-4.jpg\" data-elementor-open-lightbox=\"yes\" data-elementor-lightbox-slideshow=\"62446513\" data-elementor-lightbox-title=\"FP44-cabina-sal\u00f3n-4\" data-e-action-hash=\"#elementor-action%3Aaction%3Dlightbox%26settings%3DeyJpZCI6NTg3MCwidXJsIjoiaHR0cHM6XC9cL3d3dy55YXRlcy1tYWxsb3JjYS1jaGFydGVyLmRlXC93cC1jb250ZW50XC91cGxvYWRzXC8yMDI1XC8xMFwvRlA0NC1jb2NrcGl0LXNhbG9uLTQuanBnIiwic2xpZGVzaG93IjoiNjI0NDY1MTMifQ%3D%3D\">\n\t\t\t\t\t<div class=\"e-gallery-image elementor-gallery-item__image\" data-thumbnail=\"https:\/\/www.yates-mallorca-charter.de\/wp-content\/uploads\/2025\/10\/FP44-cockpit-salon-4-768x576.jpg\" data-width=\"768\" data-height=\"576\" aria-label=\"La pantalla de navegaci\u00f3n muestra a hombres y mujeres\" role=\"img\" ><\/div>\n\t\t\t\t\t\t\t\t\t\t\t<div class=\"elementor-gallery-item__overlay\"><\/div>\n\t\t\t\t\t\t\t\t\t\t\t\t\t\t<\/a>\n\t\t\t\t\t\t\t<a class=\"e-gallery-item elementor-gallery-item elementor-animated-content\" href=\"https:\/\/www.yates-mallorca-charter.de\/wp-content\/uploads\/2025\/10\/FP44-cockpit-salon-8.jpg\" data-elementor-open-lightbox=\"yes\" data-elementor-lightbox-slideshow=\"62446513\" data-elementor-lightbox-title=\"FP44-cabina-sal\u00f3n-8\" data-e-action-hash=\"#elementor-action%3Aaction%3Dlightbox%26settings%3DeyJpZCI6NTg3OSwidXJsIjoiaHR0cHM6XC9cL3d3dy55YXRlcy1tYWxsb3JjYS1jaGFydGVyLmRlXC93cC1jb250ZW50XC91cGxvYWRzXC8yMDI1XC8xMFwvRlA0NC1jb2NrcGl0LXNhbG9uLTguanBnIiwic2xpZGVzaG93IjoiNjI0NDY1MTMifQ%3D%3D\">\n\t\t\t\t\t<div class=\"e-gallery-image elementor-gallery-item__image\" data-thumbnail=\"https:\/\/www.yates-mallorca-charter.de\/wp-content\/uploads\/2025\/10\/FP44-cockpit-salon-8-768x576.jpg\" data-width=\"768\" data-height=\"576\" aria-label=\"La familia cocina a bordo\" role=\"img\" ><\/div>\n\t\t\t\t\t\t\t\t\t\t\t<div class=\"elementor-gallery-item__overlay\"><\/div>\n\t\t\t\t\t\t\t\t\t\t\t\t\t\t<\/a>\n\t\t\t\t\t<\/div>\n\t\t\t\t\t<\/div>\n\t\t\t\t<\/div>\n\t\t\t\t\t<\/div>\n\t\t<\/div>\n\t\t\t\t\t<\/div>\n\t\t<\/section>\n\t\t\t\t<section class=\"elementor-section elementor-top-section elementor-element elementor-element-6f6917a0 elementor-section-boxed elementor-section-height-default elementor-section-height-default\" data-id=\"6f6917a0\" data-element_type=\"section\" data-e-type=\"section\">\n\t\t\t\t\t\t<div class=\"elementor-container elementor-column-gap-default\">\n\t\t\t\t\t<div class=\"elementor-column elementor-col-100 elementor-top-column elementor-element elementor-element-6f8043c5\" data-id=\"6f8043c5\" data-element_type=\"column\" data-e-type=\"column\">\n\t\t\t<div class=\"elementor-widget-wrap elementor-element-populated\">\n\t\t\t\t\t\t<div class=\"elementor-element elementor-element-2163044f elementor-widget elementor-widget-heading\" data-id=\"2163044f\" data-element_type=\"widget\" data-e-type=\"widget\" data-widget_type=\"heading.default\">\n\t\t\t\t<div class=\"elementor-widget-container\">\n\t\t\t\t\t<h3 class=\"elementor-heading-title elementor-size-default\">DESE\u00d1OS<\/h3>\t\t\t\t<\/div>\n\t\t\t\t<\/div>\n\t\t\t\t\t<\/div>\n\t\t<\/div>\n\t\t\t\t\t<\/div>\n\t\t<\/section>\n\t\t\t\t<section class=\"elementor-section elementor-top-section elementor-element elementor-element-6c9428f1 elementor-section-boxed elementor-section-height-default elementor-section-height-default\" data-id=\"6c9428f1\" data-element_type=\"section\" data-e-type=\"section\">\n\t\t\t\t\t\t<div class=\"elementor-container elementor-column-gap-default\">\n\t\t\t\t\t<div class=\"elementor-column elementor-col-100 elementor-top-column elementor-element elementor-element-770b28e3\" data-id=\"770b28e3\" data-element_type=\"column\" data-e-type=\"column\">\n\t\t\t<div class=\"elementor-widget-wrap elementor-element-populated\">\n\t\t\t\t\t\t<div class=\"elementor-element elementor-element-1f2fcaf6 elementor-widget elementor-widget-gallery\" data-id=\"1f2fcaf6\" data-element_type=\"widget\" data-e-type=\"widget\" data-settings=\"{&quot;lazyload&quot;:&quot;yes&quot;,&quot;gallery_layout&quot;:&quot;grid&quot;,&quot;columns&quot;:4,&quot;columns_tablet&quot;:2,&quot;columns_mobile&quot;:1,&quot;gap&quot;:{&quot;unit&quot;:&quot;px&quot;,&quot;size&quot;:10,&quot;sizes&quot;:[]},&quot;gap_tablet&quot;:{&quot;unit&quot;:&quot;px&quot;,&quot;size&quot;:10,&quot;sizes&quot;:[]},&quot;gap_mobile&quot;:{&quot;unit&quot;:&quot;px&quot;,&quot;size&quot;:10,&quot;sizes&quot;:[]},&quot;link_to&quot;:&quot;file&quot;,&quot;aspect_ratio&quot;:&quot;3:2&quot;,&quot;overlay_background&quot;:&quot;yes&quot;,&quot;content_hover_animation&quot;:&quot;fade-in&quot;}\" data-widget_type=\"gallery.default\">\n\t\t\t\t<div class=\"elementor-widget-container\">\n\t\t\t\t\t\t\t<div class=\"elementor-gallery__container\">\n\t\t\t\t\t\t\t<a class=\"e-gallery-item elementor-gallery-item elementor-animated-content\" href=\"https:\/\/www.yates-mallorca-charter.de\/wp-content\/uploads\/2025\/10\/layout-profil-.jpg\" data-elementor-open-lightbox=\"yes\" data-elementor-lightbox-slideshow=\"1f2fcaf6\" data-elementor-lightbox-title=\"perfil de dise\u00f1o-\" data-e-action-hash=\"#elementor-action%3Aaction%3Dlightbox%26settings%3DeyJpZCI6NTk1MSwidXJsIjoiaHR0cHM6XC9cL3d3dy55YXRlcy1tYWxsb3JjYS1jaGFydGVyLmRlXC93cC1jb250ZW50XC91cGxvYWRzXC8yMDI1XC8xMFwvbGF5b3V0LXByb2ZpbC0uanBnIiwic2xpZGVzaG93IjoiMWYyZmNhZjYifQ%3D%3D\">\n\t\t\t\t\t<div class=\"e-gallery-image elementor-gallery-item__image\" data-thumbnail=\"https:\/\/www.yates-mallorca-charter.de\/wp-content\/uploads\/2025\/10\/layout-profil--768x576.jpg\" data-width=\"768\" data-height=\"576\" aria-label=\"Vista lateral de un velero blanco\" role=\"img\" ><\/div>\n\t\t\t\t\t\t\t\t\t\t\t<div class=\"elementor-gallery-item__overlay\"><\/div>\n\t\t\t\t\t\t\t\t\t\t\t\t\t\t<\/a>\n\t\t\t\t\t\t\t<a class=\"e-gallery-item elementor-gallery-item elementor-animated-content\" href=\"https:\/\/www.yates-mallorca-charter.de\/wp-content\/uploads\/2025\/10\/layout-maestro-.jpg\" data-elementor-open-lightbox=\"yes\" data-elementor-lightbox-slideshow=\"1f2fcaf6\" data-elementor-lightbox-title=\"layout-maestro-\" data-e-action-hash=\"#elementor-action%3Aaction%3Dlightbox%26settings%3DeyJpZCI6NTk0OCwidXJsIjoiaHR0cHM6XC9cL3d3dy55YXRlcy1tYWxsb3JjYS1jaGFydGVyLmRlXC93cC1jb250ZW50XC91cGxvYWRzXC8yMDI1XC8xMFwvbGF5b3V0LW1hZXN0cm8tLmpwZyIsInNsaWRlc2hvdyI6IjFmMmZjYWY2In0%3D\">\n\t\t\t\t\t<div class=\"e-gallery-image elementor-gallery-item__image\" data-thumbnail=\"https:\/\/www.yates-mallorca-charter.de\/wp-content\/uploads\/2025\/10\/layout-maestro--768x576.jpg\" data-width=\"768\" data-height=\"576\" aria-label=\"Plano del catamar\u00e1n Maestro\" role=\"img\" ><\/div>\n\t\t\t\t\t\t\t\t\t\t\t<div class=\"elementor-gallery-item__overlay\"><\/div>\n\t\t\t\t\t\t\t\t\t\t\t\t\t\t<\/a>\n\t\t\t\t\t\t\t<a class=\"e-gallery-item elementor-gallery-item elementor-animated-content\" href=\"https:\/\/www.yates-mallorca-charter.de\/wp-content\/uploads\/2025\/10\/layout-lounge-deck-1.jpg\" data-elementor-open-lightbox=\"yes\" data-elementor-lightbox-slideshow=\"1f2fcaf6\" data-elementor-lightbox-title=\"dise\u00f1o-sal\u00f3n-cubierta\" data-e-action-hash=\"#elementor-action%3Aaction%3Dlightbox%26settings%3DeyJpZCI6NTk0NSwidXJsIjoiaHR0cHM6XC9cL3d3dy55YXRlcy1tYWxsb3JjYS1jaGFydGVyLmRlXC93cC1jb250ZW50XC91cGxvYWRzXC8yMDI1XC8xMFwvbGF5b3V0LWxvdW5nZS1kZWNrLTEuanBnIiwic2xpZGVzaG93IjoiMWYyZmNhZjYifQ%3D%3D\">\n\t\t\t\t\t<div class=\"e-gallery-image elementor-gallery-item__image\" data-thumbnail=\"https:\/\/www.yates-mallorca-charter.de\/wp-content\/uploads\/2025\/10\/layout-lounge-deck-1-768x576.jpg\" data-width=\"768\" data-height=\"576\" aria-label=\"Distribuci\u00f3n de la cubierta del sal\u00f3n del catamar\u00e1n\" role=\"img\" ><\/div>\n\t\t\t\t\t\t\t\t\t\t\t<div class=\"elementor-gallery-item__overlay\"><\/div>\n\t\t\t\t\t\t\t\t\t\t\t\t\t\t<\/a>\n\t\t\t\t\t\t\t<a class=\"e-gallery-item elementor-gallery-item elementor-animated-content\" href=\"https:\/\/www.yates-mallorca-charter.de\/wp-content\/uploads\/2025\/10\/layout-cockpit-saloon.jpg\" data-elementor-open-lightbox=\"yes\" data-elementor-lightbox-slideshow=\"1f2fcaf6\" data-elementor-lightbox-title=\"dise\u00f1o-cabina-sal\u00f3n\" data-e-action-hash=\"#elementor-action%3Aaction%3Dlightbox%26settings%3DeyJpZCI6NTk0MiwidXJsIjoiaHR0cHM6XC9cL3d3dy55YXRlcy1tYWxsb3JjYS1jaGFydGVyLmRlXC93cC1jb250ZW50XC91cGxvYWRzXC8yMDI1XC8xMFwvbGF5b3V0LWNvY2twaXQtc2Fsb29uLmpwZyIsInNsaWRlc2hvdyI6IjFmMmZjYWY2In0%3D\">\n\t\t\t\t\t<div class=\"e-gallery-image elementor-gallery-item__image\" data-thumbnail=\"https:\/\/www.yates-mallorca-charter.de\/wp-content\/uploads\/2025\/10\/layout-cockpit-saloon-768x576.jpg\" data-width=\"768\" data-height=\"576\" aria-label=\"Distribuci\u00f3n del catamar\u00e1n: cabina, sal\u00f3n, yate\" role=\"img\" ><\/div>\n\t\t\t\t\t\t\t\t\t\t\t<div class=\"elementor-gallery-item__overlay\"><\/div>\n\t\t\t\t\t\t\t\t\t\t\t\t\t\t<\/a>\n\t\t\t\t\t<\/div>\n\t\t\t\t\t<\/div>\n\t\t\t\t<\/div>\n\t\t\t\t\t<\/div>\n\t\t<\/div>\n\t\t\t\t\t<\/div>\n\t\t<\/section>\n\t\t\t\t<section class=\"elementor-section elementor-top-section elementor-element elementor-element-4c416fe elementor-section-boxed elementor-section-height-default elementor-section-height-default\" data-id=\"4c416fe\" data-element_type=\"section\" data-e-type=\"section\" id=\"termine\">\n\t\t\t\t\t\t<div class=\"elementor-container elementor-column-gap-default\">\n\t\t\t\t\t<div class=\"elementor-column elementor-col-100 elementor-top-column elementor-element elementor-element-02834c6\" data-id=\"02834c6\" data-element_type=\"column\" data-e-type=\"column\">\n\t\t\t<div class=\"elementor-widget-wrap elementor-element-populated\">\n\t\t\t\t\t\t<div class=\"elementor-element elementor-element-55b1b3c elementor-widget elementor-widget-spacer\" data-id=\"55b1b3c\" data-element_type=\"widget\" data-e-type=\"widget\" data-widget_type=\"spacer.default\">\n\t\t\t\t<div class=\"elementor-widget-container\">\n\t\t\t\t\t\t\t<div class=\"elementor-spacer\">\n\t\t\t<div class=\"elementor-spacer-inner\"><\/div>\n\t\t<\/div>\n\t\t\t\t\t\t<\/div>\n\t\t\t\t<\/div>\n\t\t\t\t\t<\/div>\n\t\t<\/div>\n\t\t\t\t\t<\/div>\n\t\t<\/section>\n\t\t\t\t<section class=\"elementor-section elementor-top-section elementor-element elementor-element-3fc55f1 elementor-section-boxed elementor-section-height-default elementor-section-height-default\" data-id=\"3fc55f1\" data-element_type=\"section\" data-e-type=\"section\">\n\t\t\t\t\t\t<div class=\"elementor-container elementor-column-gap-default\">\n\t\t\t\t\t<div class=\"elementor-column elementor-col-100 elementor-top-column elementor-element elementor-element-a60b925\" data-id=\"a60b925\" data-element_type=\"column\" data-e-type=\"column\">\n\t\t\t<div class=\"elementor-widget-wrap elementor-element-populated\">\n\t\t\t\t\t\t<div class=\"elementor-element elementor-element-b350c18 elementor-widget elementor-widget-shortcode\" data-id=\"b350c18\" data-element_type=\"widget\" data-e-type=\"widget\" data-widget_type=\"shortcode.default\">\n\t\t\t\t<div class=\"elementor-widget-container\">\n\t\t\t\t\t\t\t<div class=\"elementor-shortcode\"><div class=\"ycbb-shortcode-wrap\">\n\t\t\t\t\t\t\t\t\t\t\t<div class=\"ycbb-availability\"\n\t\t\t\t\tdata-ycbb-post-id=\"6787\"\n\t\t\t\t\tdata-ycbb-months=\"3\"\n\t\t\t\t\tdata-ycbb-lang=\"es\"\n\t\t\t\t\tdata-ycbb-open-modal=\"ycbb-modal-6787-1\"\n\t\t\t\t\tdata-ycbb-open-src=\"https:\/\/www.booking-manager.com\/wbm2\/page.html?view=YachtDetails&#038;yachtId=7082524820000106824&#038;companyid=6824&#038;setlang=es&#038;target=_blank\"\n\t\t\t\t\tdata-ycbb-label=\"Datos T\u00e9cnicos \u2013 Fechas Disponibles\">\n\t\t\t\t\t<div class=\"ycbb-availability__loading\">Cargando disponibilidad \u2026<\/div>\n\t\t\t\t<\/div>\n\t\t\t\n\t\t\t<div class=\"ycbb-modal\" id=\"ycbb-modal-6787-1\" aria-hidden=\"true\">\n\t\t\t\t<div class=\"ycbb-modal__overlay\" data-ycbb-close><\/div>\n\t\t\t\t<div class=\"ycbb-modal__box\" role=\"dialog\" aria-modal=\"true\" aria-labelledby=\"ycbb-modal-title-6787-1\">\n\t\t\t\t\t<span id=\"ycbb-modal-title-6787-1\" class=\"screen-reader-text\">Datos T\u00e9cnicos \u2013 Fechas Disponibles<\/span>\n\t\t\t\t\t<button type=\"button\" class=\"ycbb-modal__close\" data-ycbb-close aria-label=\"Cerrar\">&times;<\/button>\n\t\t\t\t\t<div class=\"ycbb-modal__loading\" aria-hidden=\"true\"><\/div>\n\t\t\t\t\t<iframe id=\"wbmResult\"\n\t\t\t\t\t\tclass=\"ycbb-modal__iframe\"\n\t\t\t\t\t\tsrc=\"\"\n\t\t\t\t\t\tscrolling=\"auto\"\n\t\t\t\t\t\tallowtransparency=\"true\"\n\t\t\t\t\t\tloading=\"lazy\"\n\t\t\t\t\t\ttitle=\"Datos T\u00e9cnicos \u2013 Fechas Disponibles\"><\/iframe>\n\t\t\t\t<\/div>\n\t\t\t<\/div>\n\t\t<\/div><\/div>\n\t\t\t\t\t\t<\/div>\n\t\t\t\t<\/div>\n\t\t\t\t\t<\/div>\n\t\t<\/div>\n\t\t\t\t\t<\/div>\n\t\t<\/section>\n\t\t\t\t<\/div>\n\t\t","protected":false},"excerpt":{"rendered":"<p>Destacados 8 literas \u2013 4 camarotes \u2013 4 aseos\/duchas Dise\u00f1o de espacio abierto con una isla central Parrilla con bar 2.000 W de energ\u00eda solar Datos t\u00e9cnicos &#8211; Fechas disponibles Descripci\u00f3n Convivencia y alegr\u00eda de vivir a bordo: ese es el lema en cuanto subes a este catamar\u00e1n, dise\u00f1ado como una isla flotante de bienestar.Cada [&hellip;]<\/p>\n","protected":false},"author":3,"featured_media":5930,"comment_status":"closed","ping_status":"closed","sticky":false,"template":"","format":"standard","meta":{"footnotes":""},"categories":[37],"tags":[],"class_list":["post-5957","post","type-post","status-publish","format-standard","has-post-thumbnail","hentry","category-catamaranes"],"_links":{"self":[{"href":"https:\/\/www.yates-mallorca-charter.de\/es\/wp-json\/wp\/v2\/posts\/5957","targetHints":{"allow":["GET"]}}],"collection":[{"href":"https:\/\/www.yates-mallorca-charter.de\/es\/wp-json\/wp\/v2\/posts"}],"about":[{"href":"https:\/\/www.yates-mallorca-charter.de\/es\/wp-json\/wp\/v2\/types\/post"}],"author":[{"embeddable":true,"href":"https:\/\/www.yates-mallorca-charter.de\/es\/wp-json\/wp\/v2\/users\/3"}],"replies":[{"embeddable":true,"href":"https:\/\/www.yates-mallorca-charter.de\/es\/wp-json\/wp\/v2\/comments?post=5957"}],"version-history":[{"count":14,"href":"https:\/\/www.yates-mallorca-charter.de\/es\/wp-json\/wp\/v2\/posts\/5957\/revisions"}],"predecessor-version":[{"id":6951,"href":"https:\/\/www.yates-mallorca-charter.de\/es\/wp-json\/wp\/v2\/posts\/5957\/revisions\/6951"}],"wp:featuredmedia":[{"embeddable":true,"href":"https:\/\/www.yates-mallorca-charter.de\/es\/wp-json\/wp\/v2\/media\/5930"}],"wp:attachment":[{"href":"https:\/\/www.yates-mallorca-charter.de\/es\/wp-json\/wp\/v2\/media?parent=5957"}],"wp:term":[{"taxonomy":"category","embeddable":true,"href":"https:\/\/www.yates-mallorca-charter.de\/es\/wp-json\/wp\/v2\/categories?post=5957"},{"taxonomy":"post_tag","embeddable":true,"href":"https:\/\/www.yates-mallorca-charter.de\/es\/wp-json\/wp\/v2\/tags?post=5957"}],"curies":[{"name":"wp","href":"https:\/\/api.w.org\/{rel}","templated":true}]}}