{"id":6628,"date":"2026-05-27T14:10:06","date_gmt":"2026-05-27T12:10:06","guid":{"rendered":"https:\/\/www.yates-mallorca-charter.de\/?p=6628"},"modified":"2026-05-27T14:12:35","modified_gmt":"2026-05-27T12:12:35","slug":"open-days-2026-la-rochelle-fountaine-pajot-and-dufour-yachts-yates-mallorca","status":"publish","type":"post","link":"https:\/\/www.yates-mallorca-charter.de\/es\/noticias\/open-days-2026-la-rochelle-fountaine-pajot-and-dufour-yachts-yates-mallorca\/","title":{"rendered":"Open Days 2026 La Rochelle | Fountaine Pajot and Dufour Yachts | Yates Mallorca"},"content":{"rendered":"\t\t<div data-elementor-type=\"wp-post\" data-elementor-id=\"6628\" class=\"elementor elementor-6628 elementor-6607\" data-elementor-post-type=\"post\">\n\t\t\t\t\t\t<section class=\"elementor-section elementor-top-section elementor-element elementor-element-17a76da elementor-section-boxed elementor-section-height-default elementor-section-height-default\" data-id=\"17a76da\" data-element_type=\"section\" data-e-type=\"section\">\n\t\t\t\t\t\t<div class=\"elementor-container elementor-column-gap-default\">\n\t\t\t\t\t<div class=\"elementor-column elementor-col-100 elementor-top-column elementor-element elementor-element-747a6e6\" data-id=\"747a6e6\" data-element_type=\"column\" data-e-type=\"column\">\n\t\t\t<div class=\"elementor-widget-wrap elementor-element-populated\">\n\t\t\t\t\t\t<section class=\"elementor-section elementor-inner-section elementor-element elementor-element-63e5e2e elementor-section-boxed elementor-section-height-default elementor-section-height-default\" data-id=\"63e5e2e\" data-element_type=\"section\" data-e-type=\"section\">\n\t\t\t\t\t\t<div class=\"elementor-container elementor-column-gap-default\">\n\t\t\t\t\t<div class=\"elementor-column elementor-col-50 elementor-inner-column elementor-element elementor-element-ff5c9f2\" data-id=\"ff5c9f2\" data-element_type=\"column\" data-e-type=\"column\">\n\t\t\t<div class=\"elementor-widget-wrap elementor-element-populated\">\n\t\t\t\t\t\t<div class=\"elementor-element elementor-element-8bc16b6 elementor-widget elementor-widget-image\" data-id=\"8bc16b6\" data-element_type=\"widget\" data-e-type=\"widget\" data-widget_type=\"image.default\">\n\t\t\t\t<div class=\"elementor-widget-container\">\n\t\t\t\t\t\t\t\t\t\t\t\t\t\t\t<img loading=\"lazy\" decoding=\"async\" width=\"800\" height=\"587\" src=\"https:\/\/www.yates-mallorca-charter.de\/wp-content\/uploads\/2026\/05\/Bildschirmfoto-2026-05-27-um-13.06.32-crop-1024x751.png\" class=\"attachment-large size-large wp-image-6614\" alt=\"\" srcset=\"https:\/\/www.yates-mallorca-charter.de\/wp-content\/uploads\/2026\/05\/Bildschirmfoto-2026-05-27-um-13.06.32-crop-1024x751.png 1024w, https:\/\/www.yates-mallorca-charter.de\/wp-content\/uploads\/2026\/05\/Bildschirmfoto-2026-05-27-um-13.06.32-crop-300x220.png 300w, https:\/\/www.yates-mallorca-charter.de\/wp-content\/uploads\/2026\/05\/Bildschirmfoto-2026-05-27-um-13.06.32-crop-768x563.png 768w, https:\/\/www.yates-mallorca-charter.de\/wp-content\/uploads\/2026\/05\/Bildschirmfoto-2026-05-27-um-13.06.32-crop.png 1440w\" sizes=\"auto, (max-width: 800px) 100vw, 800px\"  title=\"Open Days 2026 La Rochelle | Fountaine Pajot and Dufour Yachts | Yates Mallorca\" \/>\t\t\t\t\t\t\t\t\t\t\t\t\t\t\t<\/div>\n\t\t\t\t<\/div>\n\t\t\t\t\t<\/div>\n\t\t<\/div>\n\t\t\t\t<div class=\"elementor-column elementor-col-50 elementor-inner-column elementor-element elementor-element-7e33979\" data-id=\"7e33979\" data-element_type=\"column\" data-e-type=\"column\">\n\t\t\t<div class=\"elementor-widget-wrap elementor-element-populated\">\n\t\t\t\t\t\t<div class=\"elementor-element elementor-element-ec21ad4 elementor-widget elementor-widget-text-editor\" data-id=\"ec21ad4\" data-element_type=\"widget\" data-e-type=\"widget\" data-widget_type=\"text-editor.default\">\n\t\t\t\t<div class=\"elementor-widget-container\">\n\t\t\t\t\t\t\t\t\t<h1 data-section-id=\"4wrn53\" data-start=\"0\" data-end=\"33\">OPEN DAYS 2026 IN LA ROCHELLE<\/h1><h2 data-section-id=\"q6lmcy\" data-start=\"34\" data-end=\"108\">Exklusive Einblicke in die neue Generation von Fountaine Pajot &amp; Dufour<\/h2><p data-start=\"110\" data-end=\"582\">Vom 2. bis 4. Juli 2026 laden <a class=\"decorated-link\" href=\"https:\/\/www.catamarans-fountaine-pajot.com\/en\/open-days-la-rochelle-france-2026-fountaine-pajot-en\/\" target=\"_new\" rel=\"noopener\" data-start=\"140\" data-end=\"258\">Fountaine Pajot<\/a> und <a href=\"https:\/\/www.dufour-yachts.com\/salon-nautique\/open-days-la-rochelle\/\"><span class=\"hover:entity-accent entity-underline inline cursor-pointer align-baseline\"><span class=\"whitespace-normal\">Dufour Yachts<\/span><\/span><\/a>\u00a0zu den exklusiven Open Days in La Rochelle ein. Im historischen Vieux Port erleben Besucher die neuesten Segelkatamarane und Performance-Yachten der Werften hautnah \u2013 inklusive privater Besichtigungen, Sea Trials und pers\u00f6nlicher Beratung durch internationale H\u00e4ndler und Experten.<\/p><p class=\"p1\">Auch wir sind mit unserem Team vor Ort und begleitetn Kunden und Interessenten bei diesem besonderen Event. Im Mittelpunkt stehen in diesem Jahr die Modelle FP41, FP44, FP48, FP51, FP55 sowie die beeindruckende FP Y70S von Fountaine Pajot Yacht. Erg\u00e4nzt wird das Line-up durch die aktuelle Dufour Range mit den Modellen Dufour 37, Dufour 41, Dufour 44, Dufour 48 und Dufour 54.<\/p>\t\t\t\t\t\t\t\t<\/div>\n\t\t\t\t<\/div>\n\t\t\t\t\t<\/div>\n\t\t<\/div>\n\t\t\t\t\t<\/div>\n\t\t<\/section>\n\t\t\t\t\t<\/div>\n\t\t<\/div>\n\t\t\t\t\t<\/div>\n\t\t<\/section>\n\t\t\t\t<section class=\"elementor-section elementor-top-section elementor-element elementor-element-2e9685d elementor-section-boxed elementor-section-height-default elementor-section-height-default\" data-id=\"2e9685d\" data-element_type=\"section\" data-e-type=\"section\">\n\t\t\t\t\t\t<div class=\"elementor-container elementor-column-gap-default\">\n\t\t\t\t\t<div class=\"elementor-column elementor-col-100 elementor-top-column elementor-element elementor-element-8821456\" data-id=\"8821456\" data-element_type=\"column\" data-e-type=\"column\">\n\t\t\t<div class=\"elementor-widget-wrap elementor-element-populated\">\n\t\t\t\t\t\t<div class=\"elementor-element elementor-element-75bb1b1 elementor-widget-divider--view-line elementor-widget elementor-widget-divider\" data-id=\"75bb1b1\" data-element_type=\"widget\" data-e-type=\"widget\" data-widget_type=\"divider.default\">\n\t\t\t\t<div class=\"elementor-widget-container\">\n\t\t\t\t\t\t\t<div class=\"elementor-divider\">\n\t\t\t<span class=\"elementor-divider-separator\">\n\t\t\t\t\t\t<\/span>\n\t\t<\/div>\n\t\t\t\t\t\t<\/div>\n\t\t\t\t<\/div>\n\t\t\t\t\t<\/div>\n\t\t<\/div>\n\t\t\t\t\t<\/div>\n\t\t<\/section>\n\t\t\t\t<section class=\"elementor-section elementor-top-section elementor-element elementor-element-151a464 elementor-section-boxed elementor-section-height-default elementor-section-height-default\" data-id=\"151a464\" data-element_type=\"section\" data-e-type=\"section\">\n\t\t\t\t\t\t<div class=\"elementor-container elementor-column-gap-default\">\n\t\t\t\t\t<div class=\"elementor-column elementor-col-100 elementor-top-column elementor-element elementor-element-bf90c5b\" data-id=\"bf90c5b\" data-element_type=\"column\" data-e-type=\"column\">\n\t\t\t<div class=\"elementor-widget-wrap elementor-element-populated\">\n\t\t\t\t\t\t<div class=\"elementor-element elementor-element-0e6d6ce elementor-widget elementor-widget-image\" data-id=\"0e6d6ce\" data-element_type=\"widget\" data-e-type=\"widget\" data-widget_type=\"image.default\">\n\t\t\t\t<div class=\"elementor-widget-container\">\n\t\t\t\t\t\t\t\t\t\t\t\t\t\t\t<img loading=\"lazy\" decoding=\"async\" width=\"800\" height=\"1000\" src=\"https:\/\/www.yates-mallorca-charter.de\/wp-content\/uploads\/2026\/05\/fp-open-days-plakat-819x1024.jpg\" class=\"attachment-large size-large wp-image-6617\" alt=\"\" srcset=\"https:\/\/www.yates-mallorca-charter.de\/wp-content\/uploads\/2026\/05\/fp-open-days-plakat-819x1024.jpg 819w, https:\/\/www.yates-mallorca-charter.de\/wp-content\/uploads\/2026\/05\/fp-open-days-plakat-240x300.jpg 240w, https:\/\/www.yates-mallorca-charter.de\/wp-content\/uploads\/2026\/05\/fp-open-days-plakat-768x960.jpg 768w, https:\/\/www.yates-mallorca-charter.de\/wp-content\/uploads\/2026\/05\/fp-open-days-plakat-1229x1536.jpg 1229w, https:\/\/www.yates-mallorca-charter.de\/wp-content\/uploads\/2026\/05\/fp-open-days-plakat.jpg 1632w\" sizes=\"auto, (max-width: 800px) 100vw, 800px\"  title=\"Open Days 2026 La Rochelle | Fountaine Pajot and Dufour Yachts | Yates Mallorca\" \/>\t\t\t\t\t\t\t\t\t\t\t\t\t\t\t<\/div>\n\t\t\t\t<\/div>\n\t\t\t\t\t<\/div>\n\t\t<\/div>\n\t\t\t\t\t<\/div>\n\t\t<\/section>\n\t\t\t\t<section class=\"elementor-section elementor-top-section elementor-element elementor-element-829d11a elementor-section-boxed elementor-section-height-default elementor-section-height-default\" data-id=\"829d11a\" data-element_type=\"section\" data-e-type=\"section\">\n\t\t\t\t\t\t<div class=\"elementor-container elementor-column-gap-default\">\n\t\t\t\t\t<div class=\"elementor-column elementor-col-100 elementor-top-column elementor-element elementor-element-27f38fa\" data-id=\"27f38fa\" data-element_type=\"column\" data-e-type=\"column\">\n\t\t\t<div class=\"elementor-widget-wrap elementor-element-populated\">\n\t\t\t\t\t\t<div class=\"elementor-element elementor-element-7f34484 elementor-widget-divider--view-line elementor-widget elementor-widget-divider\" data-id=\"7f34484\" data-element_type=\"widget\" data-e-type=\"widget\" data-widget_type=\"divider.default\">\n\t\t\t\t<div class=\"elementor-widget-container\">\n\t\t\t\t\t\t\t<div class=\"elementor-divider\">\n\t\t\t<span class=\"elementor-divider-separator\">\n\t\t\t\t\t\t<\/span>\n\t\t<\/div>\n\t\t\t\t\t\t<\/div>\n\t\t\t\t<\/div>\n\t\t\t\t\t<\/div>\n\t\t<\/div>\n\t\t\t\t\t<\/div>\n\t\t<\/section>\n\t\t\t\t<section class=\"elementor-section elementor-top-section elementor-element elementor-element-43fcbeb elementor-section-boxed elementor-section-height-default elementor-section-height-default\" data-id=\"43fcbeb\" data-element_type=\"section\" data-e-type=\"section\">\n\t\t\t\t\t\t<div class=\"elementor-container elementor-column-gap-default\">\n\t\t\t\t\t<div class=\"elementor-column elementor-col-100 elementor-top-column elementor-element elementor-element-3c445fa\" data-id=\"3c445fa\" data-element_type=\"column\" data-e-type=\"column\">\n\t\t\t<div class=\"elementor-widget-wrap elementor-element-populated\">\n\t\t\t\t\t\t<div class=\"elementor-element elementor-element-da00f82 elementor-widget elementor-widget-text-editor\" data-id=\"da00f82\" data-element_type=\"widget\" data-e-type=\"widget\" data-widget_type=\"text-editor.default\">\n\t\t\t\t<div class=\"elementor-widget-container\">\n\t\t\t\t\t\t\t\t\t<h1 data-section-id=\"maizb0\" data-start=\"960\" data-end=\"995\">Featured Models \u2013 Fountaine Pajot<\/h1><h2 data-section-id=\"wglj92\" data-start=\"997\" data-end=\"1006\">FP41<\/h2><p data-start=\"1007\" data-end=\"1298\">Die neue FP41 verbindet entspanntes Cruising mit modernster Technologie und einem au\u00dfergew\u00f6hnlich offenen Raumgef\u00fchl. Gro\u00dfz\u00fcgige Au\u00dfenbereiche, eine helle Lounge und innovative L\u00f6sungen wie die optionale ODSea+ Hybrid-Technologie machen sie zu einem der spannendsten Katamarane ihrer Klasse.<\/p><h2 data-section-id=\"wglicz\" data-start=\"1300\" data-end=\"1309\">FP44<\/h2><p data-start=\"1310\" data-end=\"1597\">Die FP44 setzt neue Ma\u00dfst\u00e4be im Segment der luxuri\u00f6sen Cruising-Katamarane. Klare Linien, ein elegantes Design und beeindruckende Wohnfl\u00e4chen treffen auf hervorragende Segeleigenschaften und schaffen ein au\u00dfergew\u00f6hnliches Bordgef\u00fchl f\u00fcr lange Reisen und entspanntes Leben auf dem Wasser.<\/p><h2 data-section-id=\"wglsfz\" data-start=\"1599\" data-end=\"1608\">FP48<\/h2><p data-start=\"1609\" data-end=\"1860\">Die neue FP48 kombiniert moderne Eleganz mit intelligentem Raumkonzept, innovativer Ausstattung und beeindruckender Performance. Entwickelt f\u00fcr komfortables Bluewater-Cruising, \u00fcberzeugt sie mit gro\u00dfz\u00fcgigen Owner-Bereichen und hoher Autonomie auf See.<\/p><h2 data-section-id=\"wgjbdj\" data-start=\"1862\" data-end=\"1871\">FP51<\/h2><p data-start=\"1872\" data-end=\"2113\">Die FP51 steht f\u00fcr luxuri\u00f6ses Langstreckensegeln mit maximalem Komfort und modernem Lifestyle an Bord. Gro\u00dfz\u00fcgige Au\u00dfenfl\u00e4chen, helle Innenr\u00e4ume und durchdachte Layouts schaffen eine perfekte Balance aus Performance und entspanntem Cruising.<\/p><h2 data-section-id=\"wgj80j\" data-start=\"2115\" data-end=\"2124\">FP55<\/h2><p data-start=\"2125\" data-end=\"2355\">Die FP55 definiert das Flybridge-Konzept im Luxus-Katamaran-Segment neu. Elegante Linien, au\u00dfergew\u00f6hnliche Rauml\u00f6sungen und ein exklusives Ambiente machen sie zu einer Yacht f\u00fcr anspruchsvolle Eigner und lange Aufenthalte auf See.<\/p><h2 data-section-id=\"1qkj0wu\" data-start=\"2357\" data-end=\"2369\">FP Y70S<\/h2><p data-start=\"2370\" data-end=\"2635\">Mit der FP Y70S pr\u00e4sentiert Fountaine Pajot Yacht eine neue Dimension von Luxus und Individualit\u00e4t auf dem Wasser. \u00dcberragendes Design, beeindruckende Wohnfl\u00e4chen und zahlreiche Personalisierungsm\u00f6glichkeiten machen sie zu einem echten Statement im Premium-Segment.<\/p>\t\t\t\t\t\t\t\t<\/div>\n\t\t\t\t<\/div>\n\t\t\t\t\t<\/div>\n\t\t<\/div>\n\t\t\t\t\t<\/div>\n\t\t<\/section>\n\t\t\t\t<section class=\"elementor-section elementor-top-section elementor-element elementor-element-fba4683 elementor-section-boxed elementor-section-height-default elementor-section-height-default\" data-id=\"fba4683\" data-element_type=\"section\" data-e-type=\"section\">\n\t\t\t\t\t\t<div class=\"elementor-container elementor-column-gap-default\">\n\t\t\t\t\t<div class=\"elementor-column elementor-col-100 elementor-top-column elementor-element elementor-element-4b901ca\" data-id=\"4b901ca\" data-element_type=\"column\" data-e-type=\"column\">\n\t\t\t<div class=\"elementor-widget-wrap elementor-element-populated\">\n\t\t\t\t\t\t<div class=\"elementor-element elementor-element-f09e98b elementor-widget-divider--view-line elementor-widget elementor-widget-divider\" data-id=\"f09e98b\" data-element_type=\"widget\" data-e-type=\"widget\" data-widget_type=\"divider.default\">\n\t\t\t\t<div class=\"elementor-widget-container\">\n\t\t\t\t\t\t\t<div class=\"elementor-divider\">\n\t\t\t<span class=\"elementor-divider-separator\">\n\t\t\t\t\t\t<\/span>\n\t\t<\/div>\n\t\t\t\t\t\t<\/div>\n\t\t\t\t<\/div>\n\t\t\t\t\t<\/div>\n\t\t<\/div>\n\t\t\t\t\t<\/div>\n\t\t<\/section>\n\t\t\t\t<section class=\"elementor-section elementor-top-section elementor-element elementor-element-9627f14 elementor-section-boxed elementor-section-height-default elementor-section-height-default\" data-id=\"9627f14\" data-element_type=\"section\" data-e-type=\"section\">\n\t\t\t\t\t\t<div class=\"elementor-container elementor-column-gap-default\">\n\t\t\t\t\t<div class=\"elementor-column elementor-col-100 elementor-top-column elementor-element elementor-element-21b956c\" data-id=\"21b956c\" data-element_type=\"column\" data-e-type=\"column\">\n\t\t\t<div class=\"elementor-widget-wrap elementor-element-populated\">\n\t\t\t\t\t\t<div class=\"elementor-element elementor-element-11a4595 elementor-widget elementor-widget-text-editor\" data-id=\"11a4595\" data-element_type=\"widget\" data-e-type=\"widget\" data-widget_type=\"text-editor.default\">\n\t\t\t\t<div class=\"elementor-widget-container\">\n\t\t\t\t\t\t\t\t\t<h1 data-section-id=\"nxnm1n\" data-start=\"2642\" data-end=\"2678\">Dufour Sailing Yachts live erleben<\/h1><p data-start=\"2680\" data-end=\"2882\">Neben den Katamaranen von Fountaine Pajot bieten die Open Days die perfekte Gelegenheit, mehrere Modelle von <span class=\"hover:entity-accent entity-underline inline cursor-pointer align-baseline\"><span class=\"whitespace-normal\">Dufour<\/span><\/span> direkt auf dem Wasser zu entdecken und Probe zu segeln.<\/p><p data-start=\"2884\" data-end=\"2936\">Besucher erwartet die aktuelle Dufour Modellpalette:<\/p><ul data-start=\"2938\" data-end=\"3007\"><li data-section-id=\"16j25xv\" data-start=\"2938\" data-end=\"2951\">Dufour 37<\/li><li data-section-id=\"16j2w1e\" data-start=\"2952\" data-end=\"2965\">Dufour 41<\/li><li data-section-id=\"16j31vb\" data-start=\"2966\" data-end=\"2979\">Dufour 44<\/li><li data-section-id=\"16j358b\" data-start=\"2980\" data-end=\"2993\">Dufour 48<\/li><li data-section-id=\"16j0sba\" data-start=\"2994\" data-end=\"3007\">Dufour 54<\/li><\/ul><p data-start=\"3009\" data-end=\"3308\"><br \/>Die Yachten stehen f\u00fcr modernes Performance Cruising, elegante Linienf\u00fchrung und innovative Decks- sowie Raumkonzepte. Besonders die neuen Dufour 48 und Dufour 54 verbinden sportliche Segeleigenschaften mit au\u00dfergew\u00f6hnlichem Komfort und hochwertigen Lifestyle-Features f\u00fcr lange Aufenthalte an Bord.<\/p>\t\t\t\t\t\t\t\t<\/div>\n\t\t\t\t<\/div>\n\t\t\t\t\t<\/div>\n\t\t<\/div>\n\t\t\t\t\t<\/div>\n\t\t<\/section>\n\t\t\t\t<section class=\"elementor-section elementor-top-section elementor-element elementor-element-92afc50 elementor-section-boxed elementor-section-height-default elementor-section-height-default\" data-id=\"92afc50\" data-element_type=\"section\" data-e-type=\"section\">\n\t\t\t\t\t\t<div class=\"elementor-container elementor-column-gap-default\">\n\t\t\t\t\t<div class=\"elementor-column elementor-col-100 elementor-top-column elementor-element elementor-element-0c5d247\" data-id=\"0c5d247\" data-element_type=\"column\" data-e-type=\"column\">\n\t\t\t<div class=\"elementor-widget-wrap elementor-element-populated\">\n\t\t\t\t\t\t<div class=\"elementor-element elementor-element-cc096ae elementor-widget-divider--view-line elementor-widget elementor-widget-divider\" data-id=\"cc096ae\" data-element_type=\"widget\" data-e-type=\"widget\" data-widget_type=\"divider.default\">\n\t\t\t\t<div class=\"elementor-widget-container\">\n\t\t\t\t\t\t\t<div class=\"elementor-divider\">\n\t\t\t<span class=\"elementor-divider-separator\">\n\t\t\t\t\t\t<\/span>\n\t\t<\/div>\n\t\t\t\t\t\t<\/div>\n\t\t\t\t<\/div>\n\t\t\t\t\t<\/div>\n\t\t<\/div>\n\t\t\t\t\t<\/div>\n\t\t<\/section>\n\t\t\t\t<section class=\"elementor-section elementor-top-section elementor-element elementor-element-6620cbe elementor-section-boxed elementor-section-height-default elementor-section-height-default\" data-id=\"6620cbe\" data-element_type=\"section\" data-e-type=\"section\">\n\t\t\t\t\t\t<div class=\"elementor-container elementor-column-gap-default\">\n\t\t\t\t\t<div class=\"elementor-column elementor-col-100 elementor-top-column elementor-element elementor-element-cdf1fb1\" data-id=\"cdf1fb1\" data-element_type=\"column\" data-e-type=\"column\">\n\t\t\t<div class=\"elementor-widget-wrap elementor-element-populated\">\n\t\t\t\t\t\t<section class=\"elementor-section elementor-inner-section elementor-element elementor-element-9409020 elementor-section-boxed elementor-section-height-default elementor-section-height-default\" data-id=\"9409020\" data-element_type=\"section\" data-e-type=\"section\">\n\t\t\t\t\t\t<div class=\"elementor-container elementor-column-gap-default\">\n\t\t\t\t\t<div class=\"elementor-column elementor-col-50 elementor-inner-column elementor-element elementor-element-f7c8131\" data-id=\"f7c8131\" data-element_type=\"column\" data-e-type=\"column\">\n\t\t\t<div class=\"elementor-widget-wrap elementor-element-populated\">\n\t\t\t\t\t\t<div class=\"elementor-element elementor-element-f58bc99 elementor-widget elementor-widget-image\" data-id=\"f58bc99\" data-element_type=\"widget\" data-e-type=\"widget\" data-widget_type=\"image.default\">\n\t\t\t\t<div class=\"elementor-widget-container\">\n\t\t\t\t\t\t\t\t\t\t\t\t\t\t\t<img loading=\"lazy\" decoding=\"async\" width=\"800\" height=\"588\" src=\"https:\/\/www.yates-mallorca-charter.de\/wp-content\/uploads\/2026\/05\/WhatsApp-Image-2025-07-04-at-12.56.09-ausschnitt-1024x753.jpg\" class=\"attachment-large size-large wp-image-6620\" alt=\"Segelkatamaran in Hafen\" srcset=\"https:\/\/www.yates-mallorca-charter.de\/wp-content\/uploads\/2026\/05\/WhatsApp-Image-2025-07-04-at-12.56.09-ausschnitt-1024x753.jpg 1024w, https:\/\/www.yates-mallorca-charter.de\/wp-content\/uploads\/2026\/05\/WhatsApp-Image-2025-07-04-at-12.56.09-ausschnitt-300x221.jpg 300w, https:\/\/www.yates-mallorca-charter.de\/wp-content\/uploads\/2026\/05\/WhatsApp-Image-2025-07-04-at-12.56.09-ausschnitt-768x565.jpg 768w, https:\/\/www.yates-mallorca-charter.de\/wp-content\/uploads\/2026\/05\/WhatsApp-Image-2025-07-04-at-12.56.09-ausschnitt.jpg 1200w\" sizes=\"auto, (max-width: 800px) 100vw, 800px\"  title=\"Open Days 2026 La Rochelle | Fountaine Pajot and Dufour Yachts | Yates Mallorca\" \/>\t\t\t\t\t\t\t\t\t\t\t\t\t\t\t<\/div>\n\t\t\t\t<\/div>\n\t\t\t\t\t<\/div>\n\t\t<\/div>\n\t\t\t\t<div class=\"elementor-column elementor-col-50 elementor-inner-column elementor-element elementor-element-d49f54e\" data-id=\"d49f54e\" data-element_type=\"column\" data-e-type=\"column\">\n\t\t\t<div class=\"elementor-widget-wrap elementor-element-populated\">\n\t\t\t\t\t\t<div class=\"elementor-element elementor-element-4e1c03c elementor-widget elementor-widget-text-editor\" data-id=\"4e1c03c\" data-element_type=\"widget\" data-e-type=\"widget\" data-widget_type=\"text-editor.default\">\n\t\t\t\t<div class=\"elementor-widget-container\">\n\t\t\t\t\t\t\t\t\t<h1 data-section-id=\"lym4c0\" data-start=\"3315\" data-end=\"3363\">Ein exklusives Event f\u00fcr anspruchsvolle Segler<\/h1><p data-start=\"3365\" data-end=\"3595\">Die Open Days in La Rochelle bieten weit mehr als eine klassische Yachtmesse. Besucher erleben die Yachten in entspannter Atmosph\u00e4re direkt auf dem Wasser \u2013 inklusive individueller F\u00fchrungen und Sea Trials nach Terminvereinbarung.<\/p><p data-start=\"3597\" data-end=\"3780\">Gleichzeitig bietet das Event die M\u00f6glichkeit, gemeinsam mit dem Team von Yates Mallorca \u00fcber Kauf, Finanzierung, Chartermanagement und individuelle Yacht-Konfigurationen zu sprechen.<\/p><p data-start=\"3782\" data-end=\"3890\">Da die Pl\u00e4tze f\u00fcr Besichtigungen und Probefahrten limitiert sind, empfiehlt sich eine fr\u00fchzeitige Anmeldung.<\/p>\t\t\t\t\t\t\t\t<\/div>\n\t\t\t\t<\/div>\n\t\t\t\t\t<\/div>\n\t\t<\/div>\n\t\t\t\t\t<\/div>\n\t\t<\/section>\n\t\t\t\t\t<\/div>\n\t\t<\/div>\n\t\t\t\t\t<\/div>\n\t\t<\/section>\n\t\t\t\t<section class=\"elementor-section elementor-top-section elementor-element elementor-element-e06beff elementor-section-boxed elementor-section-height-default elementor-section-height-default\" data-id=\"e06beff\" data-element_type=\"section\" data-e-type=\"section\">\n\t\t\t\t\t\t<div class=\"elementor-container elementor-column-gap-default\">\n\t\t\t\t\t<div class=\"elementor-column elementor-col-100 elementor-top-column elementor-element elementor-element-d3430eb\" data-id=\"d3430eb\" data-element_type=\"column\" data-e-type=\"column\">\n\t\t\t<div class=\"elementor-widget-wrap elementor-element-populated\">\n\t\t\t\t\t\t<div class=\"elementor-element elementor-element-fbdecea elementor-widget-divider--view-line elementor-widget elementor-widget-divider\" data-id=\"fbdecea\" data-element_type=\"widget\" data-e-type=\"widget\" data-widget_type=\"divider.default\">\n\t\t\t\t<div class=\"elementor-widget-container\">\n\t\t\t\t\t\t\t<div class=\"elementor-divider\">\n\t\t\t<span class=\"elementor-divider-separator\">\n\t\t\t\t\t\t<\/span>\n\t\t<\/div>\n\t\t\t\t\t\t<\/div>\n\t\t\t\t<\/div>\n\t\t\t\t\t<\/div>\n\t\t<\/div>\n\t\t\t\t\t<\/div>\n\t\t<\/section>\n\t\t\t\t<section class=\"elementor-section elementor-top-section elementor-element elementor-element-dfea1fb elementor-section-boxed elementor-section-height-default elementor-section-height-default\" data-id=\"dfea1fb\" data-element_type=\"section\" data-e-type=\"section\">\n\t\t\t\t\t\t<div class=\"elementor-container elementor-column-gap-default\">\n\t\t\t\t\t<div class=\"elementor-column elementor-col-100 elementor-top-column elementor-element elementor-element-7a29ab0\" data-id=\"7a29ab0\" data-element_type=\"column\" data-e-type=\"column\">\n\t\t\t<div class=\"elementor-widget-wrap elementor-element-populated\">\n\t\t\t\t\t\t<div class=\"elementor-element elementor-element-cdec4c1 elementor-widget elementor-widget-text-editor\" data-id=\"cdec4c1\" data-element_type=\"widget\" data-e-type=\"widget\" data-widget_type=\"text-editor.default\">\n\t\t\t\t<div class=\"elementor-widget-container\">\n\t\t\t\t\t\t\t\t\t<h1 data-section-id=\"95ttnf\" data-start=\"3897\" data-end=\"3932\">Jetzt pers\u00f6nlichen Termin sichern<\/h1><p data-start=\"3934\" data-end=\"4100\">Erleben Sie die neue Generation von Fountaine Pajot und Dufour live in La Rochelle und entdecken Sie, welche Yacht perfekt zu Ihrem pers\u00f6nlichen Segelabenteuer passt.<\/p>\t\t\t\t\t\t\t\t<\/div>\n\t\t\t\t<\/div>\n\t\t\t\t\t<\/div>\n\t\t<\/div>\n\t\t\t\t\t<\/div>\n\t\t<\/section>\n\t\t\t\t<section class=\"elementor-section elementor-top-section elementor-element elementor-element-3431fed elementor-section-boxed elementor-section-height-default elementor-section-height-default\" data-id=\"3431fed\" data-element_type=\"section\" data-e-type=\"section\">\n\t\t\t\t\t\t<div class=\"elementor-container elementor-column-gap-default\">\n\t\t\t\t\t<div class=\"elementor-column elementor-col-100 elementor-top-column elementor-element elementor-element-4990d38\" data-id=\"4990d38\" data-element_type=\"column\" data-e-type=\"column\">\n\t\t\t<div class=\"elementor-widget-wrap elementor-element-populated\">\n\t\t\t\t\t\t<div class=\"elementor-element elementor-element-2d54035 elementor-align-center elementor-widget elementor-widget-button\" data-id=\"2d54035\" data-element_type=\"widget\" data-e-type=\"widget\" data-widget_type=\"button.default\">\n\t\t\t\t<div class=\"elementor-widget-container\">\n\t\t\t\t\t\t\t\t\t<div class=\"elementor-button-wrapper\">\n\t\t\t\t\t<a class=\"elementor-button elementor-button-link elementor-size-sm elementor-animation-pulse-grow\" href=\"mailto:info@yates-mallorca.com\">\n\t\t\t\t\t\t<span class=\"elementor-button-content-wrapper\">\n\t\t\t\t\t\t\t\t\t<span class=\"elementor-button-text\">Vereinbaren Sie jetzt Ihren pers\u00f6nlichen Besichtigungstermin mit unserem Team!<\/span>\n\t\t\t\t\t<\/span>\n\t\t\t\t\t<\/a>\n\t\t\t\t<\/div>\n\t\t\t\t\t\t\t\t<\/div>\n\t\t\t\t<\/div>\n\t\t\t\t\t<\/div>\n\t\t<\/div>\n\t\t\t\t\t<\/div>\n\t\t<\/section>\n\t\t\t\t<section class=\"elementor-section elementor-top-section elementor-element elementor-element-5ee556d elementor-section-boxed elementor-section-height-default elementor-section-height-default\" data-id=\"5ee556d\" data-element_type=\"section\" data-e-type=\"section\">\n\t\t\t\t\t\t<div class=\"elementor-container elementor-column-gap-default\">\n\t\t\t\t\t<div class=\"elementor-column elementor-col-100 elementor-top-column elementor-element elementor-element-d15f07a\" data-id=\"d15f07a\" data-element_type=\"column\" data-e-type=\"column\">\n\t\t\t<div class=\"elementor-widget-wrap elementor-element-populated\">\n\t\t\t\t\t\t<div class=\"elementor-element elementor-element-bb6dbb1 elementor-widget-divider--view-line elementor-widget elementor-widget-divider\" data-id=\"bb6dbb1\" data-element_type=\"widget\" data-e-type=\"widget\" data-widget_type=\"divider.default\">\n\t\t\t\t<div class=\"elementor-widget-container\">\n\t\t\t\t\t\t\t<div class=\"elementor-divider\">\n\t\t\t<span class=\"elementor-divider-separator\">\n\t\t\t\t\t\t<\/span>\n\t\t<\/div>\n\t\t\t\t\t\t<\/div>\n\t\t\t\t<\/div>\n\t\t\t\t\t<\/div>\n\t\t<\/div>\n\t\t\t\t\t<\/div>\n\t\t<\/section>\n\t\t\t\t<\/div>\n\t\t","protected":false},"excerpt":{"rendered":"<p>OPEN DAYS 2026 IN LA ROCHELLE Exklusive Einblicke in die neue Generation von Fountaine Pajot &amp; Dufour Vom 2. bis 4. Juli 2026 laden Fountaine Pajot und Dufour Yachts\u00a0zu den exklusiven Open Days in La Rochelle ein. Im historischen Vieux Port erleben Besucher die neuesten Segelkatamarane und Performance-Yachten der Werften hautnah \u2013 inklusive privater Besichtigungen, [&hellip;]<\/p>\n","protected":false},"author":3,"featured_media":6610,"comment_status":"closed","ping_status":"closed","sticky":false,"template":"","format":"standard","meta":{"footnotes":""},"categories":[31],"tags":[],"class_list":["post-6628","post","type-post","status-publish","format-standard","has-post-thumbnail","hentry","category-noticias"],"_links":{"self":[{"href":"https:\/\/www.yates-mallorca-charter.de\/es\/wp-json\/wp\/v2\/posts\/6628","targetHints":{"allow":["GET"]}}],"collection":[{"href":"https:\/\/www.yates-mallorca-charter.de\/es\/wp-json\/wp\/v2\/posts"}],"about":[{"href":"https:\/\/www.yates-mallorca-charter.de\/es\/wp-json\/wp\/v2\/types\/post"}],"author":[{"embeddable":true,"href":"https:\/\/www.yates-mallorca-charter.de\/es\/wp-json\/wp\/v2\/users\/3"}],"replies":[{"embeddable":true,"href":"https:\/\/www.yates-mallorca-charter.de\/es\/wp-json\/wp\/v2\/comments?post=6628"}],"version-history":[{"count":5,"href":"https:\/\/www.yates-mallorca-charter.de\/es\/wp-json\/wp\/v2\/posts\/6628\/revisions"}],"predecessor-version":[{"id":6641,"href":"https:\/\/www.yates-mallorca-charter.de\/es\/wp-json\/wp\/v2\/posts\/6628\/revisions\/6641"}],"wp:featuredmedia":[{"embeddable":true,"href":"https:\/\/www.yates-mallorca-charter.de\/es\/wp-json\/wp\/v2\/media\/6610"}],"wp:attachment":[{"href":"https:\/\/www.yates-mallorca-charter.de\/es\/wp-json\/wp\/v2\/media?parent=6628"}],"wp:term":[{"taxonomy":"category","embeddable":true,"href":"https:\/\/www.yates-mallorca-charter.de\/es\/wp-json\/wp\/v2\/categories?post=6628"},{"taxonomy":"post_tag","embeddable":true,"href":"https:\/\/www.yates-mallorca-charter.de\/es\/wp-json\/wp\/v2\/tags?post=6628"}],"curies":[{"name":"wp","href":"https:\/\/api.w.org\/{rel}","templated":true}]}}